{"id":142795,"date":"2025-09-27T18:49:10","date_gmt":"2025-09-27T18:49:10","guid":{"rendered":"https:\/\/www.europesays.com\/es\/142795\/"},"modified":"2025-09-27T18:49:10","modified_gmt":"2025-09-27T18:49:10","slug":"quevedo-el-dominio-de-las-camaras-y-el-triunfo-de-la-musica-sin-musicos-la-voz-de-galicia","status":"publish","type":"post","link":"https:\/\/www.europesays.com\/es\/142795\/","title":{"rendered":"Quevedo: el dominio de las c\u00e1maras y el triunfo de la m\u00fasica sin m\u00fasicos &#8211; La Voz de Galicia"},"content":{"rendered":"<ol>\n<li><a href=\"https:\/\/news.google.com\/rss\/articles\/CBMiygFBVV95cUxNdHRlMEhjVTlUbDVZZjFKRzQzSXNCWmVfcF9fSFBVZ200bjlvZkU0bGp5N09Bek5xSTJwNWxmQ3NvNW9wakJaNkZzTTVUUjNzNVE0VzRmLUhkTE1rWTNGTFNGcFg2Y1Foay1vLVR3TGw4akNNYkRkVHo4ZGUyMkE4T1ZKRVB4elZDZ1ZHdWNKZVVjWm9EZHRkb3lkcG9uU1hZZzNxbzRCM280ak5tSlZTdm5VN2pCX0Vtb2d1U3B1NTc0MXBvb05EQ1pn?oc=5\" target=\"_blank\" rel=\"nofollow noopener\">Quevedo: el dominio de las c\u00e1maras y el triunfo de la m\u00fasica sin m\u00fasicos<\/a>&nbsp;&nbsp;La Voz de Galicia<\/li>\n<li><a href=\"https:\/\/news.google.com\/rss\/articles\/CBMi2AFBVV95cUxPdmZLeFEtN21KMXZJM2NkTTNOakxXajhqZnRKa1hoYWNiWXJuYjA0MDhyTm8yUlNCTFJHZGt0bGdPMWJWcENEdE50MU5lcTV3X1hqN1pKQUxEX1RRc0lBS0NIdXZHamh2dGY2eEd6Y0oyc29RRGlIQk9ia2pEMnQ3M0hqVGhpR055NGpZa1Zfc05xaDhvWjdES0lXYjhVTDUwWThURi1IbDNmVDhLYzZndkRCM1F6MVJ2amg4YWJzTmFqWThNZWNZbE93akdhekJVaEhJcDFDMHPSAfQBQVVfeXFMUFYwR0tjVmFPd1MxSDFKcWd2YkpXSjg1VFpqWXNOY2VvbWxrUEIwS21OVGN6TDlNaFpCUU1vbnVhWVFsYUtMdDViQ0lzV2J6MHltRjNRbThtOHhZaVdZQU5icW5BazMyTjE2UnY1U1pLTkg0dDBmWkwyMUpndGwzcHc3YkF4N21DelNWdjB2M05oaHFDNG9LVklWVGpOWm1VOUl6VV9ZM0ZoX0ZfT1d0OWQyd1o3S0drNjdtTWViV1RSOEdOTDlEWVVJSDVOOHFHaGY5ZVpPU09uVVViZmI3LXdlQjJYbW9rU04zSHlES3RPOHhPVw?oc=5\" target=\"_blank\" rel=\"nofollow noopener\">Quevedo hizo girar a 11.000 personas en su primer concierto en A Coru\u00f1a<\/a>&nbsp;&nbsp;La Voz de Galicia<\/li>\n<li><a href=\"https:\/\/news.google.com\/rss\/articles\/CBMinAFBVV95cUxOYS1Tc2dHYi1ncUtEZV9XZDlwZE4yTTdvVlFTV1hzNXBFZ1FtOWhtLU5Oc3duS21tUVd5ZXl3NFo0blpzNGt1dmwzemgxal9rb25XSXdWSWctWUVOUjdaT1Y5SWpnT2xvc1A0dFZpOE1jZVBrTnp3MkFoVVctdHpiOGN3cWlpdjhKSjBGSEhrclY5ZGtzbmUyeGwwUFc?oc=5\" target=\"_blank\" rel=\"nofollow noopener\">Quevedo conquista A Coru\u00f1a con un Coliseum lleno total y su presencia 360\u00ba<\/a>&nbsp;&nbsp;La Regi\u00f3n<\/li>\n<li><a href=\"https:\/\/news.google.com\/rss\/articles\/CBMizgFBVV95cUxPWnlzdEVaVlJ6aDFOSzJiaDRSRTF6dWRRa0FDUlRGT0x1bGtlOHJFZjZGZ3BfdUN4WGVCUWlrbFFHVFl1XzJ0VG9abzdwOHBZeWdodVVzT2lJZUQwNDVTdWgwWmJ5TmdrSU9zQzg1SmJTMUlyYzFVSkxOQWp5QmR1RzAwZnpYcTJRZGxQSF9QamtPeXFNVFhlYTcwZmVzS20xcHhRbFNGYlU0R2IyMll0eDJ5Z0ZkczItdjdlR0xDYW95TFFYOHJVdWVzbFVkZw?oc=5\" target=\"_blank\" rel=\"nofollow noopener\">Bel\u00e9n do Campo destaca la apuesta de la Xunta por la ciudad de A Coru\u00f1a con el patrocinio este a\u00f1o de 34 eventos musicales dentro de los &#8216;Conciertos del Xacobeo&#8217;<\/a>&nbsp;&nbsp;Xunta de Galicia<\/li>\n<li><a href=\"https:\/\/news.google.com\/rss\/articles\/CBMixAFBVV95cUxNcFNPX3N6OVRBTTBEcHFTd25WTC1yNDVYLURHbjQ2ekxGN3ZWWGwtUlZxbDF3WXROM0NJOU54YjlxbjRueDNRSFFRbVRQaG03UEtqTGlGWnhTaklrc3YyUW5nZTd4YURBaUhkeDhtSHplRzU5ZEtRS3BRd2lPNVU2aUlSb2ZZWXZybVU4bFZNRmR6ejVUTFlWN3ZzY0JEMW5OVHd1M2ozSzB2Rm44MkYwaFpWLTYtYzZTQ05vSHJuZVg1TmNq0gHKAUFVX3lxTFBEdi16aFQ3ZVgwQmptR2VDZ0lPNS1GUXF5XzlJVnR6aWRhSlpUVFE3Wmx0SjlaWG9CU085LUdyR1FSUVpkeVFtdXhPYzFUNnlFWjExaWtMTWREOE1sblVUTmtDa2kzelcwdWMyMVFVbGNwRDZJQ0hVZjdoaEE5b21ON3doRU5YdEpTOTNfd3RKWklzVEo1ODRabTV5RVktck1seXNNTjVaSUpOelVINXk5cXFTUG9xbExtUEloRzVlbVBFLWNnbHF3X3c?oc=5\" target=\"_blank\" rel=\"nofollow noopener\">Quevedo se roba el show en A Coru\u00f1a con un 360 nunca visto por una generaci\u00f3n<\/a>&nbsp;&nbsp;El Espa\u00f1ol<\/li>\n<\/ol>\n","protected":false},"excerpt":{"rendered":"Quevedo: el dominio de las c\u00e1maras y el triunfo de la m\u00fasica sin m\u00fasicos&nbsp;&nbsp;La Voz de Galicia Quevedo&hellip;\n","protected":false},"author":2,"featured_media":142796,"comment_status":"","ping_status":"","sticky":false,"template":"","format":"standard","meta":{"footnotes":""},"categories":[91],"tags":[208,146,147,25,24,185,2052,14138,4147,23,6620,5889],"class_list":{"0":"post-142795","1":"post","2":"type-post","3":"status-publish","4":"format-standard","5":"has-post-thumbnail","7":"category-entretenimiento","8":"tag-conciertos","9":"tag-entertainment","10":"tag-entretenimiento","11":"tag-es","12":"tag-espana","13":"tag-musica","14":"tag-poesia","15":"tag-quevedo","16":"tag-rosalia","17":"tag-spain","18":"tag-the-beatles","19":"tag-tiktok"},"share_on_mastodon":{"url":"","error":""},"_links":{"self":[{"href":"https:\/\/www.europesays.com\/es\/wp-json\/wp\/v2\/posts\/142795","targetHints":{"allow":["GET"]}}],"collection":[{"href":"https:\/\/www.europesays.com\/es\/wp-json\/wp\/v2\/posts"}],"about":[{"href":"https:\/\/www.europesays.com\/es\/wp-json\/wp\/v2\/types\/post"}],"author":[{"embeddable":true,"href":"https:\/\/www.europesays.com\/es\/wp-json\/wp\/v2\/users\/2"}],"replies":[{"embeddable":true,"href":"https:\/\/www.europesays.com\/es\/wp-json\/wp\/v2\/comments?post=142795"}],"version-history":[{"count":0,"href":"https:\/\/www.europesays.com\/es\/wp-json\/wp\/v2\/posts\/142795\/revisions"}],"wp:featuredmedia":[{"embeddable":true,"href":"https:\/\/www.europesays.com\/es\/wp-json\/wp\/v2\/media\/142796"}],"wp:attachment":[{"href":"https:\/\/www.europesays.com\/es\/wp-json\/wp\/v2\/media?parent=142795"}],"wp:term":[{"taxonomy":"category","embeddable":true,"href":"https:\/\/www.europesays.com\/es\/wp-json\/wp\/v2\/categories?post=142795"},{"taxonomy":"post_tag","embeddable":true,"href":"https:\/\/www.europesays.com\/es\/wp-json\/wp\/v2\/tags?post=142795"}],"curies":[{"name":"wp","href":"https:\/\/api.w.org\/{rel}","templated":true}]}}