{"id":142810,"date":"2025-09-27T18:57:08","date_gmt":"2025-09-27T18:57:08","guid":{"rendered":"https:\/\/www.europesays.com\/es\/142810\/"},"modified":"2025-09-27T18:57:08","modified_gmt":"2025-09-27T18:57:08","slug":"cuales-son-las-peleas-mas-esperadas-de-este-sabado-27-de-septiembre-de-2025","status":"publish","type":"post","link":"https:\/\/www.europesays.com\/es\/142810\/","title":{"rendered":"cu\u00e1les son las peleas m\u00e1s esperadas de este s\u00e1bado 27 de septiembre de 2025"},"content":{"rendered":"<p>Este s\u00e1bado 27 de septiembre, los fan\u00e1ticos del <strong>MMA <\/strong>tienen cita obligada con una cartelera cargada de emociones. El evento UFC Fight Night se llevar\u00e1 a cabo en Perth, Australia, con una serie de combates destacados que prometen acci\u00f3n, estrategia y potencia<\/p>\n<p>Todas las peleas ser\u00e1n en el <strong>RAC Arena<\/strong>, en la ciudad de Perth, Australia, a las 23 (hora local de Argentina).<\/p>\n<p> <strong>4 de octubre &#8211; Las Vegas (Estados Unidos) &#8211; UFC 320 <\/strong><\/p>\n<p><strong>11 de octubre &#8211; R\u00edo de Janeiro (Brasil)<\/strong><\/p>\n<p><strong>18 de octubre &#8211; Vancouver (Canad\u00e1)<\/strong><\/p>\n<p><strong>25 de octubre &#8211; <a href=\"https:\/\/www.clarin.com\/deportes\/escalofriante-lesion-ufc-abu-dhabi-mohammad-yahya-quedo-ojo-punto-explotar-pararon-pelea-steven-nguyen_0_uzoIebTYn1.html\" target=\"_blank\" title=\"Abu Dhabi\" alt=\"Abu Dhabi\" rel=\"nofollow noopener\">Abu Dhabi<\/a> (Emiratos \u00c1rabes Unidos) &#8211; UFC 321<\/strong><\/p>\n<p><strong>1 de noviembre &#8211; Las Vegas (Estados Unidos)<\/strong><\/p>\n<p><strong>15 de noviembre &#8211; Nueva York (Estados Unidos) &#8211; UFC 322<\/strong><\/p>\n","protected":false},"excerpt":{"rendered":"Este s\u00e1bado 27 de septiembre, los fan\u00e1ticos del MMA tienen cita obligada con una cartelera cargada de emociones.&hellip;\n","protected":false},"author":2,"featured_media":142811,"comment_status":"","ping_status":"","sticky":false,"template":"","format":"standard","meta":{"footnotes":""},"categories":[276],"tags":[168,25,24,23,167,343],"class_list":{"0":"post-142810","1":"post","2":"type-post","3":"status-publish","4":"format-standard","5":"has-post-thumbnail","7":"category-ufc","8":"tag-deportes","9":"tag-es","10":"tag-espana","11":"tag-spain","12":"tag-sports","13":"tag-ufc"},"share_on_mastodon":{"url":"","error":""},"_links":{"self":[{"href":"https:\/\/www.europesays.com\/es\/wp-json\/wp\/v2\/posts\/142810","targetHints":{"allow":["GET"]}}],"collection":[{"href":"https:\/\/www.europesays.com\/es\/wp-json\/wp\/v2\/posts"}],"about":[{"href":"https:\/\/www.europesays.com\/es\/wp-json\/wp\/v2\/types\/post"}],"author":[{"embeddable":true,"href":"https:\/\/www.europesays.com\/es\/wp-json\/wp\/v2\/users\/2"}],"replies":[{"embeddable":true,"href":"https:\/\/www.europesays.com\/es\/wp-json\/wp\/v2\/comments?post=142810"}],"version-history":[{"count":0,"href":"https:\/\/www.europesays.com\/es\/wp-json\/wp\/v2\/posts\/142810\/revisions"}],"wp:featuredmedia":[{"embeddable":true,"href":"https:\/\/www.europesays.com\/es\/wp-json\/wp\/v2\/media\/142811"}],"wp:attachment":[{"href":"https:\/\/www.europesays.com\/es\/wp-json\/wp\/v2\/media?parent=142810"}],"wp:term":[{"taxonomy":"category","embeddable":true,"href":"https:\/\/www.europesays.com\/es\/wp-json\/wp\/v2\/categories?post=142810"},{"taxonomy":"post_tag","embeddable":true,"href":"https:\/\/www.europesays.com\/es\/wp-json\/wp\/v2\/tags?post=142810"}],"curies":[{"name":"wp","href":"https:\/\/api.w.org\/{rel}","templated":true}]}}