{"id":142812,"date":"2025-09-27T18:58:12","date_gmt":"2025-09-27T18:58:12","guid":{"rendered":"https:\/\/www.europesays.com\/es\/142812\/"},"modified":"2025-09-27T18:58:12","modified_gmt":"2025-09-27T18:58:12","slug":"inauguran-en-tui-el-minigolf-mas-grande-de-galicia","status":"publish","type":"post","link":"https:\/\/www.europesays.com\/es\/142812\/","title":{"rendered":"Inauguran en Tui el minigolf m\u00e1s grande de Galicia"},"content":{"rendered":"<p class=\"ft-text\">Tui contar\u00e1 desde hoy con el minigolf m\u00e1s grande de toda Galicia, con un total de 18 hoyos de juego.<\/p>\n<p class=\"ft-text\">La nueva instalaci\u00f3n, que se inaugura esta tarde, se encuentra en los jardines exteriores del Hotel Alfonso I, situado en la parroquia de Guillarei.<\/p>\n<p class=\"ft-text\">El recinto abrir\u00e1 sus puertas a las 17.00 con tiempo de juego gratuito bajo previa reserva.Adem\u00e1s, ser\u00e1 una jornada festiva con m\u00fasica y algunos aperitivos.<\/p>\n<p class=\"ft-text\">El juego cuenta con un total de 18 hoyos, con diferentes niveles de dificultad aptos para adultos y ni\u00f1os.<\/p>\n<p class=\"ft-text\">El horario de apertura habitual ser\u00e1, en verano, de 9 a 21 horas, y en invierno, de 10.00 a 19.00. Con cada entrada, que ser\u00e1 de pago, se har\u00e1 entrega de un palo y una bola a cada usuario as\u00ed como un cuaderno para anotar las puntuaciones.<\/p>\n","protected":false},"excerpt":{"rendered":"Tui contar\u00e1 desde hoy con el minigolf m\u00e1s grande de toda Galicia, con un total de 18 hoyos&hellip;\n","protected":false},"author":2,"featured_media":122381,"comment_status":"","ping_status":"","sticky":false,"template":"","format":"standard","meta":{"footnotes":""},"categories":[275],"tags":[44250,44251,168,25,24,816,329,699,39240,293,1444,2416,2932,23,167,27379],"class_list":{"0":"post-142812","1":"post","2":"type-post","3":"status-publish","4":"format-standard","5":"has-post-thumbnail","7":"category-golf","8":"tag-baixo-mino","9":"tag-comarca-do-baixo-mino","10":"tag-deportes","11":"tag-es","12":"tag-espana","13":"tag-galicia","14":"tag-golf","15":"tag-grande","16":"tag-inauguran","17":"tag-jornada","18":"tag-juego","19":"tag-minigolf","20":"tag-ninos","21":"tag-spain","22":"tag-sports","23":"tag-tui"},"share_on_mastodon":{"url":"","error":""},"_links":{"self":[{"href":"https:\/\/www.europesays.com\/es\/wp-json\/wp\/v2\/posts\/142812","targetHints":{"allow":["GET"]}}],"collection":[{"href":"https:\/\/www.europesays.com\/es\/wp-json\/wp\/v2\/posts"}],"about":[{"href":"https:\/\/www.europesays.com\/es\/wp-json\/wp\/v2\/types\/post"}],"author":[{"embeddable":true,"href":"https:\/\/www.europesays.com\/es\/wp-json\/wp\/v2\/users\/2"}],"replies":[{"embeddable":true,"href":"https:\/\/www.europesays.com\/es\/wp-json\/wp\/v2\/comments?post=142812"}],"version-history":[{"count":0,"href":"https:\/\/www.europesays.com\/es\/wp-json\/wp\/v2\/posts\/142812\/revisions"}],"wp:featuredmedia":[{"embeddable":true,"href":"https:\/\/www.europesays.com\/es\/wp-json\/wp\/v2\/media\/122381"}],"wp:attachment":[{"href":"https:\/\/www.europesays.com\/es\/wp-json\/wp\/v2\/media?parent=142812"}],"wp:term":[{"taxonomy":"category","embeddable":true,"href":"https:\/\/www.europesays.com\/es\/wp-json\/wp\/v2\/categories?post=142812"},{"taxonomy":"post_tag","embeddable":true,"href":"https:\/\/www.europesays.com\/es\/wp-json\/wp\/v2\/tags?post=142812"}],"curies":[{"name":"wp","href":"https:\/\/api.w.org\/{rel}","templated":true}]}}