{"id":142825,"date":"2025-09-27T19:06:07","date_gmt":"2025-09-27T19:06:07","guid":{"rendered":"https:\/\/www.europesays.com\/es\/142825\/"},"modified":"2025-09-27T19:06:07","modified_gmt":"2025-09-27T19:06:07","slug":"el-legado-de-kifi-en-manos-de-los-ordiziarras","status":"publish","type":"post","link":"https:\/\/www.europesays.com\/es\/142825\/","title":{"rendered":"El legado de Kifi en manos de los ordiziarras"},"content":{"rendered":"<p> Desde hace algunos meses, quienes entran a la biblioteca municipal se encuentran con un nuevo armario, con una veintena de libros de gran tama\u00f1o.  &#8230; Algunos m\u00e1s antiguos, otros m\u00e1s nuevos, son las cr\u00f3nicas de Ferm\u00edn Gonzalez &#8216;Kifi&#8217;, que su familia ha donado a para que los ordiziarras tambi\u00e9n los puedan disfrutar. \u00ab\u00c9l tambi\u00e9n lo comentaba, ten\u00eda ilusi\u00f3n de donarlos al pueblo de Ordizia\u00bb. Para Maritxu Garate, su viuda, y sus hijas Loli y Arantxa ha sido una \u00absatisfacci\u00f3n\u00bb el poder hacer realidad el deseo de Kifi, \u00abpara que el pueblo tenga oportunidad de leer, de recordar&#8230;\u00bb.<\/p>\n<p class=\"v-p\">Son todas las que est\u00e1n, pero no est\u00e1n todas las que son. Kifi comenz\u00f3 a finales de la d\u00e9cada de los 40 a colaborar con El Diario Vasco, una actividad que mantuvo hasta m\u00e1s o menos 2004. En la biblioteca hay 18 libros de diferentes \u00e9pocas: desde 1965 a 1969, luego del 73 al 75, y los \u00faltimos son de 1985. \u00abLo del medio se ha perdido\u00bb, admiten con pena. Por ejemplo, en la riada. \u00abEl trabajo que se tomaron tanto el aita como la ama, de plancharlos, de recoger, y tuvimos la mala suerte de que en la riada del 83 se lo llev\u00f3\u00bb.<\/p>\n<p class=\"v-p\">Su familia valora especialmente el esfuerzo de Ferm\u00edn Gonzalez para sacar adelante Ordizia. \u00abSe desvivi\u00f3 trabajando para el pueblo. Porque fueron muchos a\u00f1os\u00bb, recuerda Maritxu. \u00abUn hombre que trabajaba en la empresa, llegar a casa, comer un poquito; el peri\u00f3dico, a mano todo, ni m\u00e1quina, ni nada, ni fax, ni nada\u00bb, a\u00f1aden las hijas. \u00abTrabaj\u00f3 un mont\u00f3n para potenciar dentro del pueblo cualquier disciplina. Un deportista, un artista, ese lugar no importaba. Cualquier cosa\u00bb.<\/p>\n<p>\n\u00abEra muy habilidoso. Ten\u00eda una forma magn\u00edfica\u00bb, recuerdan, con su &#8216;ya huele a churros&#8217; y &#8216;ordicianos al monte&#8217;\n<\/p>\n<p class=\"v-p\">Adem\u00e1s, fue el impulsor de la feria de Ordizia, a la que convirti\u00f3 en un referente para los precios de los productos. \u00abEmpez\u00f3 a apuntar y publicar los precios. Le dio un empuj\u00f3n tremendo. Le llamaban de un mont\u00f3n de sitios para preguntar precios el d\u00eda de la feria y marcaban los precios de las ferias hasta la semana siguiente\u00bb, recuerdan.<\/p>\n<p>Trabajo en familia<\/p>\n<p class=\"v-p\">Aunque las cr\u00f3nicas las firmaba Kifi, una vez formada la familia, fue un trabajo en equipo. \u00abLa colaboraci\u00f3n era total. &#8216;T\u00fa coges la radio y a ver los resultados deportivos&#8217;, y una con la radio escogiendo los resultados de regional. La otra al tel\u00e9fono que llamaban&#8230; Porque era toda la familia. Se pon\u00eda en el peri\u00f3dico hasta el p\u00e1jaro que se hab\u00eda escapado de la jaula. Pero era bonito\u00bb, explican Loli y Arantxa. \u00abNos di\u00f3 mucha vida a toda lVa familia\u00bb, admite Maritxu.<\/p>\n<p class=\"v-p\">Los textos, eso s\u00ed, eran cosa de Kifi. \u00abEra muy habilidoso. Ten\u00eda una forma magn\u00edfica\u00bb, comentan mientras intentan recordar algunas de las an\u00e9cdotas que intercalaba y que dej\u00f3 frases para la eternidad como &#8216;Ya huele a churros&#8217; al acercarse las fiestas de Santa Ana, y &#8216;Ordizianos al monte&#8217;. \u00abCuando los aitas vinieron a Tolosa. Los churreros eran los due\u00f1os de la ferreter\u00eda de la misma calle y el hijo les dec\u00eda &#8216;\u00a1Hombre, ya huele a churro!&#8217;\u00bb. Despu\u00e9s, enviaba las cr\u00f3nicas en tren. \u00abUna persona bajaba en el tren a una hora concreta y se lo llevaba todos los d\u00edas\u00bb, para que lo entregara en la redacci\u00f3n.<\/p>\n<p class=\"v-p\">Adem\u00e1s de con el Diario Vasco, colabor\u00f3 con innumerables iniciativas, tambi\u00e9n en Radio Segura \u00abdaba la feria y encima contaba chistes\u00bb, y tambi\u00e9n en el anuario Santa Ana, con una secci\u00f3n \u00absuper bonita, qu\u00e9 \u00e9l llamaba Sucedidos\u00bb. Por eso, las cr\u00f3nicas de Kifi han vuelto a Ordizia. \u00ab\u00c9l trabaj\u00f3 para el pueblo y que sea el pueblo quien lo tenga. Eso es muy importante\u00bb.<\/p>\n","protected":false},"excerpt":{"rendered":"Desde hace algunos meses, quienes entran a la biblioteca municipal se encuentran con un nuevo armario, con una&hellip;\n","protected":false},"author":2,"featured_media":142826,"comment_status":"","ping_status":"","sticky":false,"template":"","format":"standard","meta":{"footnotes":""},"categories":[172],"tags":[224,146,147,25,24,44252,363,225,3955,44253,23],"class_list":{"0":"post-142825","1":"post","2":"type-post","3":"status-publish","4":"format-standard","5":"has-post-thumbnail","7":"category-libros","8":"tag-books","9":"tag-entertainment","10":"tag-entretenimiento","11":"tag-es","12":"tag-espana","13":"tag-kifi","14":"tag-legado","15":"tag-libros","16":"tag-manos","17":"tag-ordiziarras","18":"tag-spain"},"share_on_mastodon":{"url":"","error":""},"_links":{"self":[{"href":"https:\/\/www.europesays.com\/es\/wp-json\/wp\/v2\/posts\/142825","targetHints":{"allow":["GET"]}}],"collection":[{"href":"https:\/\/www.europesays.com\/es\/wp-json\/wp\/v2\/posts"}],"about":[{"href":"https:\/\/www.europesays.com\/es\/wp-json\/wp\/v2\/types\/post"}],"author":[{"embeddable":true,"href":"https:\/\/www.europesays.com\/es\/wp-json\/wp\/v2\/users\/2"}],"replies":[{"embeddable":true,"href":"https:\/\/www.europesays.com\/es\/wp-json\/wp\/v2\/comments?post=142825"}],"version-history":[{"count":0,"href":"https:\/\/www.europesays.com\/es\/wp-json\/wp\/v2\/posts\/142825\/revisions"}],"wp:featuredmedia":[{"embeddable":true,"href":"https:\/\/www.europesays.com\/es\/wp-json\/wp\/v2\/media\/142826"}],"wp:attachment":[{"href":"https:\/\/www.europesays.com\/es\/wp-json\/wp\/v2\/media?parent=142825"}],"wp:term":[{"taxonomy":"category","embeddable":true,"href":"https:\/\/www.europesays.com\/es\/wp-json\/wp\/v2\/categories?post=142825"},{"taxonomy":"post_tag","embeddable":true,"href":"https:\/\/www.europesays.com\/es\/wp-json\/wp\/v2\/tags?post=142825"}],"curies":[{"name":"wp","href":"https:\/\/api.w.org\/{rel}","templated":true}]}}