{"id":142859,"date":"2025-09-27T19:29:05","date_gmt":"2025-09-27T19:29:05","guid":{"rendered":"https:\/\/www.europesays.com\/es\/142859\/"},"modified":"2025-09-27T19:29:05","modified_gmt":"2025-09-27T19:29:05","slug":"la-princesa-leonor-expresa-su-union-y-compromiso-con-navarra-en-el-libro-de-honor-de-tudela","status":"publish","type":"post","link":"https:\/\/www.europesays.com\/es\/142859\/","title":{"rendered":"La Princesa Leonor expresa su \u00abuni\u00f3n y compromiso\u00bb con Navarra en el libro de honor de Tudela"},"content":{"rendered":"<p>    PAMPLONA 27 Sep. (EUROPA PRESS) &#8211; <\/p>\n<p>   La princesa de Asturias y de Viana, Leonor, ha escrito este s\u00e1bado un mensaje en el libro de honor del Ayuntamiento de Tudela en el que ha expresado su \u00abuni\u00f3n\u00bb y \u00abcompromiso\u00bb con Navarra.<\/p>\n<p>   \u00abTermino aqu\u00ed en Tudela mi primera visita oficial a la Comunidad Foral de Navarra. Hace seis siglos que el rey Carlos III &#8216;el Noble&#8217; cre\u00f3 el t\u00edtulo que hoy me vincula a esta tierra. Y, aunque ha sido breve mi paso por Navarra, estos d\u00edas me han servido para sentir que mi uni\u00f3n y mi compromiso con esta comunidad son a\u00fan m\u00e1s firmes\u00bb, ha destacado la Princesa en el final de su visita a la Comunidad foral.<\/p>\n<p>    En su mensaje, Leonor tambi\u00e9n ha expresado su deseo de \u00abregresar a menudo y seguir conociendo y acompa\u00f1ando a un pueblo emprendedor y comprometido\u00bb. \u00abUn pueblo que es un orgullo para Espa\u00f1a\u00bb, ha a\u00f1adido.<\/p>\n<p>   Los Reyes Felipe y Letizia tambi\u00e9n han dejado un mensaje en el libro de honor del Consistorio ribero: \u00abNos alegra especialmente esta visita a Tudela por ser la primera vez que la Princesa Leonor, nuestra hija y heredera, visita Navarra como Princesa de Viana. Gracias por vuestra acogida en esta ocasi\u00f3n tan simb\u00f3lica y emotiva\u00bb.<\/p>\n","protected":false},"excerpt":{"rendered":"PAMPLONA 27 Sep. (EUROPA PRESS) &#8211; La princesa de Asturias y de Viana, Leonor, ha escrito este s\u00e1bado&hellip;\n","protected":false},"author":2,"featured_media":142860,"comment_status":"","ping_status":"","sticky":false,"template":"","format":"standard","meta":{"footnotes":""},"categories":[172],"tags":[224,146,147,25,24,225,23],"class_list":{"0":"post-142859","1":"post","2":"type-post","3":"status-publish","4":"format-standard","5":"has-post-thumbnail","7":"category-libros","8":"tag-books","9":"tag-entertainment","10":"tag-entretenimiento","11":"tag-es","12":"tag-espana","13":"tag-libros","14":"tag-spain"},"share_on_mastodon":{"url":"","error":""},"_links":{"self":[{"href":"https:\/\/www.europesays.com\/es\/wp-json\/wp\/v2\/posts\/142859","targetHints":{"allow":["GET"]}}],"collection":[{"href":"https:\/\/www.europesays.com\/es\/wp-json\/wp\/v2\/posts"}],"about":[{"href":"https:\/\/www.europesays.com\/es\/wp-json\/wp\/v2\/types\/post"}],"author":[{"embeddable":true,"href":"https:\/\/www.europesays.com\/es\/wp-json\/wp\/v2\/users\/2"}],"replies":[{"embeddable":true,"href":"https:\/\/www.europesays.com\/es\/wp-json\/wp\/v2\/comments?post=142859"}],"version-history":[{"count":0,"href":"https:\/\/www.europesays.com\/es\/wp-json\/wp\/v2\/posts\/142859\/revisions"}],"wp:featuredmedia":[{"embeddable":true,"href":"https:\/\/www.europesays.com\/es\/wp-json\/wp\/v2\/media\/142860"}],"wp:attachment":[{"href":"https:\/\/www.europesays.com\/es\/wp-json\/wp\/v2\/media?parent=142859"}],"wp:term":[{"taxonomy":"category","embeddable":true,"href":"https:\/\/www.europesays.com\/es\/wp-json\/wp\/v2\/categories?post=142859"},{"taxonomy":"post_tag","embeddable":true,"href":"https:\/\/www.europesays.com\/es\/wp-json\/wp\/v2\/tags?post=142859"}],"curies":[{"name":"wp","href":"https:\/\/api.w.org\/{rel}","templated":true}]}}