{"id":142861,"date":"2025-09-27T19:30:14","date_gmt":"2025-09-27T19:30:14","guid":{"rendered":"https:\/\/www.europesays.com\/es\/142861\/"},"modified":"2025-09-27T19:30:14","modified_gmt":"2025-09-27T19:30:14","slug":"es-su-manera-de-reivindicar","status":"publish","type":"post","link":"https:\/\/www.europesays.com\/es\/142861\/","title":{"rendered":"Es su manera de reivindicar"},"content":{"rendered":"<p class=\"c-paragraph\">Contin\u00faa la controversia en torno a <b>la decisi\u00f3n de RTVE de retirarse del Festival de Eurovisi\u00f3n en caso de que Israel participe<\/b> en el concurso. <b>Pablo Albor\u00e1n<\/b> se ha sumado a otros compa\u00f1eros de profesi\u00f3n y ha sido <b>muy rotundo al mostrar su opini\u00f3n<\/b> sobre la decisi\u00f3n que ha tomado la televisi\u00f3n p\u00fablica. \u00a0<\/p>\n<p class=\"c-paragraph\">El artista malague\u00f1o ha concedido una entrevista a Diario Sur, donde se ha pronunciado acerca de lo ocurrido en Gaza: <b>\u00abEs surrealista que haya tanto silencio y tanta inacci\u00f3n frente a esta barbarie.<\/b> Yo creo que un periodista no debe preguntar &#8216;\u00bfcu\u00e1l es tu opini\u00f3n sobre matar a ni\u00f1os en Gaza?&#8217;. Es que no deber\u00eda haber una opini\u00f3n. <b>Deber\u00edamos pensar todos lo mismo, es un horror, una barbarie<\/b>. Hay que condenarlo, no podemos estar en silencio\u00bb.\u00a0<\/p>\n<p class=\"c-paragraph\">El int\u00e9rprete de Saturno ha expresado que \u00abcada uno tiene que usar sus mecanismos para defender <b>la poca dignidad que nos queda como seres humanos\u00bb <\/b>y ha hecho hincapi\u00e9 en que, sea cual sea el nombre que le pongan,<b> \u00abes\u00a0una barbarie lo que est\u00e1 sucediendo\u00bb.\u00a0<\/b><\/p>\n<p>La decisi\u00f3n de RTVE sobre Eurovisi\u00f3n<\/p>\n<p class=\"c-paragraph\">Pablo Albor\u00e1n se ha mantenido firme y <b>ha apoyado la decisi\u00f3n de RTVE<\/b>. \u00abEs su manera de <b>reivindicar la poca humanidad que queda\u00bb<\/b>, ha asegurado en la entrevista.\u00a0<\/p>\n<p class=\"c-paragraph\">El artista ha comentado que desde peque\u00f1o <b>recuerda \u00abla cultura vinculada a las luchas sociales y a la justicia humana\u00bb<\/b>.\u00a0\u00abEs el lugar donde, al menos, hay un conducto por el cual la empat\u00eda se cuela y es fundamental. <b>No puede ser que las cosas m\u00e1s b\u00e1sicas, humanas y lo que nos hace seres humanos, estemos tambi\u00e9n politizados\u00bb<\/b>, ha sentenciado.\u00a0<\/p>\n","protected":false},"excerpt":{"rendered":"Contin\u00faa la controversia en torno a la decisi\u00f3n de RTVE de retirarse del Festival de Eurovisi\u00f3n en caso&hellip;\n","protected":false},"author":2,"featured_media":142862,"comment_status":"","ping_status":"","sticky":false,"template":"","format":"standard","meta":{"footnotes":""},"categories":[171],"tags":[42848,2347,146,147,25,24,618,4519,57,23,214],"class_list":{"0":"post-142861","1":"post","2":"type-post","3":"status-publish","4":"format-standard","5":"has-post-thumbnail","7":"category-tv","8":"tag-alboran","9":"tag-decision","10":"tag-entertainment","11":"tag-entretenimiento","12":"tag-es","13":"tag-espana","14":"tag-pablo","15":"tag-rotundo","16":"tag-sobre","17":"tag-spain","18":"tag-tv"},"share_on_mastodon":{"url":"","error":""},"_links":{"self":[{"href":"https:\/\/www.europesays.com\/es\/wp-json\/wp\/v2\/posts\/142861","targetHints":{"allow":["GET"]}}],"collection":[{"href":"https:\/\/www.europesays.com\/es\/wp-json\/wp\/v2\/posts"}],"about":[{"href":"https:\/\/www.europesays.com\/es\/wp-json\/wp\/v2\/types\/post"}],"author":[{"embeddable":true,"href":"https:\/\/www.europesays.com\/es\/wp-json\/wp\/v2\/users\/2"}],"replies":[{"embeddable":true,"href":"https:\/\/www.europesays.com\/es\/wp-json\/wp\/v2\/comments?post=142861"}],"version-history":[{"count":0,"href":"https:\/\/www.europesays.com\/es\/wp-json\/wp\/v2\/posts\/142861\/revisions"}],"wp:featuredmedia":[{"embeddable":true,"href":"https:\/\/www.europesays.com\/es\/wp-json\/wp\/v2\/media\/142862"}],"wp:attachment":[{"href":"https:\/\/www.europesays.com\/es\/wp-json\/wp\/v2\/media?parent=142861"}],"wp:term":[{"taxonomy":"category","embeddable":true,"href":"https:\/\/www.europesays.com\/es\/wp-json\/wp\/v2\/categories?post=142861"},{"taxonomy":"post_tag","embeddable":true,"href":"https:\/\/www.europesays.com\/es\/wp-json\/wp\/v2\/tags?post=142861"}],"curies":[{"name":"wp","href":"https:\/\/api.w.org\/{rel}","templated":true}]}}