{"id":142887,"date":"2025-09-27T19:48:10","date_gmt":"2025-09-27T19:48:10","guid":{"rendered":"https:\/\/www.europesays.com\/es\/142887\/"},"modified":"2025-09-27T19:48:10","modified_gmt":"2025-09-27T19:48:10","slug":"el-unicaja-se-despide-de-la-supercopa-en-semifinales-87-93","status":"publish","type":"post","link":"https:\/\/www.europesays.com\/es\/142887\/","title":{"rendered":"El Unicaja se despide de la Supercopa en semifinales (87-93)"},"content":{"rendered":"<p>El Valencia llega plagado de bajas<\/p>\n<p class=\"v-p \">\nSi en el Unicaja est\u00e1n todos disponibles, en el cuadro naranja, dirigido por Pedro Mart\u00ednez, no estar\u00e1n Badio, Xabi L\u00f3pez-Ar\u00f3stegui, Jean Montero, Happ y el excajista Sima. El p\u00edvot, que no podr\u00e1 vestirse de corto en la que ha sido su casa estas tres \u00faltimas temporadas, sufri\u00f3 una rotura muscular en la pierna izquierda que sufri\u00f3 en el \u00faltimo partido de preparaci\u00f3n en Pontevedra.<\/p>\n<p><img decoding=\"async\" loading=\"lazy\" src=\"https:\/\/www.europesays.com\/es\/wp-content\/uploads\/2025\/09\/RS831237_Montero-web-RHVonAt9O66AEjMx7V6OGLL-1200x840@Diario20Sur.jpg\" class=\"voc-img\" alt=\"El Unicaja se despide de la Supercopa en semifinales (87-93)\" width=\"1200\" height=\"840\"\/><\/p>\n","protected":false},"excerpt":{"rendered":"El Valencia llega plagado de bajas Si en el Unicaja est\u00e1n todos disponibles, en el cuadro naranja, dirigido&hellip;\n","protected":false},"author":2,"featured_media":142888,"comment_status":"","ping_status":"","sticky":false,"template":"","format":"standard","meta":{"footnotes":""},"categories":[269],"tags":[45,299,1918,298,168,2125,25,24,3855,16388,23,167,4611,44255],"class_list":{"0":"post-142887","1":"post","2":"type-post","3":"status-publish","4":"format-standard","5":"has-post-thumbnail","7":"category-baloncesto","8":"tag-45","9":"tag-baloncesto","10":"tag-basket","11":"tag-basketball","12":"tag-deportes","13":"tag-directo","14":"tag-es","15":"tag-espana","16":"tag-malaga","17":"tag-semifinal","18":"tag-spain","19":"tag-sports","20":"tag-supercopa","21":"tag-unicajavalencia"},"share_on_mastodon":{"url":"","error":""},"_links":{"self":[{"href":"https:\/\/www.europesays.com\/es\/wp-json\/wp\/v2\/posts\/142887","targetHints":{"allow":["GET"]}}],"collection":[{"href":"https:\/\/www.europesays.com\/es\/wp-json\/wp\/v2\/posts"}],"about":[{"href":"https:\/\/www.europesays.com\/es\/wp-json\/wp\/v2\/types\/post"}],"author":[{"embeddable":true,"href":"https:\/\/www.europesays.com\/es\/wp-json\/wp\/v2\/users\/2"}],"replies":[{"embeddable":true,"href":"https:\/\/www.europesays.com\/es\/wp-json\/wp\/v2\/comments?post=142887"}],"version-history":[{"count":0,"href":"https:\/\/www.europesays.com\/es\/wp-json\/wp\/v2\/posts\/142887\/revisions"}],"wp:featuredmedia":[{"embeddable":true,"href":"https:\/\/www.europesays.com\/es\/wp-json\/wp\/v2\/media\/142888"}],"wp:attachment":[{"href":"https:\/\/www.europesays.com\/es\/wp-json\/wp\/v2\/media?parent=142887"}],"wp:term":[{"taxonomy":"category","embeddable":true,"href":"https:\/\/www.europesays.com\/es\/wp-json\/wp\/v2\/categories?post=142887"},{"taxonomy":"post_tag","embeddable":true,"href":"https:\/\/www.europesays.com\/es\/wp-json\/wp\/v2\/tags?post=142887"}],"curies":[{"name":"wp","href":"https:\/\/api.w.org\/{rel}","templated":true}]}}