{"id":142893,"date":"2025-09-27T19:52:27","date_gmt":"2025-09-27T19:52:27","guid":{"rendered":"https:\/\/www.europesays.com\/es\/142893\/"},"modified":"2025-09-27T19:52:27","modified_gmt":"2025-09-27T19:52:27","slug":"leire-bilbao-premio-nacional-de-literatura-infantil-y-juvenil-2025","status":"publish","type":"post","link":"https:\/\/www.europesays.com\/es\/142893\/","title":{"rendered":"Leire Bilbao, Premio Nacional de Literatura Infantil y Juvenil 2025"},"content":{"rendered":"<p class=\"c-paragraph\">Leire Bilbao Barruetabe\u00f1a (Vizcaya, 1978) ha sido galardonada este jueves con el Premio Nacional de Literatura Infantil y Juvenil del a\u00f1o 2025 -dotado con 30.000 euros- <b>por su obra <\/b><b>Klera<\/b>.<\/p>\n<p class=\"c-paragraph\">En un comunicado, el Ministerio de Cultura ha informado de que el jurado ha elegido Klera por su \u00abbelleza po\u00e9tica\u00bb con la que la autora \u00abpresenta <b>una propuesta con el compromiso impl\u00edcito por la cultura, la paz y la convivencia<\/b>, abordando temas tan crudos como el conflicto, la guerra y la muerte haciendo que sean comprensibles para el p\u00fablico infantil\u00bb.<\/p>\n<p class=\"c-paragraph\">El jurado tambi\u00e9n ha destacado que Klera es un ejemplo y una lecci\u00f3n de la \u00ab<b>literatura sin etiquetas<\/b>, interdisciplinar, profundamente hermosa\u00bb y \u00abuna pieza delicada y necesaria que enra\u00edza con lo m\u00e1s profundo de la naturaleza humana\u00bb.<\/p>\n<p class=\"c-paragraph\">Leire Bilbao es licenciada en Derecho Econ\u00f3mico por la Universidad de Deusto. En 2006, public\u00f3 su primer poemario Ezkatak, en 2011 Scanner, en 2018 el poemario biling\u00fce Entre escamas y en 2020 Etxeko urak.<\/p>\n<p class=\"c-paragraph\">Ha publicado numerosos libros para el p\u00fablico infantil como Xomorropoemak Premio Euskadi de Literatura 2017, Bichopoemas y otras bestias, Premio Kirico 2019 y Etxeko Urak Premio Lauaxeta 2021, entre otros.<\/p>\n<p class=\"c-paragraph\"><b>Su obra para adultos ha sido traducida a varias lenguas<\/b>, forma parte de diversas antolog\u00edas y algunas de sus composiciones han sido musicalizadas.<\/p>\n<p class=\"c-paragraph\">El jurado de este galard\u00f3n, que concede el Ministerio de Cultura para distinguir una obra de un autor espa\u00f1ol, escrita en cualquiera de las lenguas oficiales del Estado y publicada en Espa\u00f1a en su primera edici\u00f3n durante el pasado a\u00f1o 2024, ha estado por Mar\u00eda Jos\u00e9 G\u00e1lvez Salvador, directora general del Libro, del C\u00f3mic y de la Lectura.<\/p>\n<p class=\"c-paragraph\">Tambi\u00e9n han formado parte del jurado, entre otros, Almudena Hern\u00e1ndez de la Torre Chicote, subdirectora adjunta de la Subdirecci\u00f3n General de Promoci\u00f3n del Libro, la Lectura y las Letras Espa\u00f1olas; Jos\u00e9 Manuel S\u00e1nchez Ron, por la Real Academia Espa\u00f1ola; Xosefa Casalderrey Fraga por la Real Academia Gallega-Real Academia Galeg; Ferm\u00edn Erbiti Zabalza, por la Real Academia de la Lengua Vasca-Euskaltzaindia, y M\u00f3nica Rodr\u00edguez, autora galardonada en la convocatoria anterior.<\/p>\n","protected":false},"excerpt":{"rendered":"Leire Bilbao Barruetabe\u00f1a (Vizcaya, 1978) ha sido galardonada este jueves con el Premio Nacional de Literatura Infantil y&hellip;\n","protected":false},"author":2,"featured_media":142894,"comment_status":"","ping_status":"","sticky":false,"template":"","format":"standard","meta":{"footnotes":""},"categories":[172],"tags":[224,209,146,147,25,24,225,23],"class_list":{"0":"post-142893","1":"post","2":"type-post","3":"status-publish","4":"format-standard","5":"has-post-thumbnail","7":"category-libros","8":"tag-books","9":"tag-cultura","10":"tag-entertainment","11":"tag-entretenimiento","12":"tag-es","13":"tag-espana","14":"tag-libros","15":"tag-spain"},"share_on_mastodon":{"url":"","error":""},"_links":{"self":[{"href":"https:\/\/www.europesays.com\/es\/wp-json\/wp\/v2\/posts\/142893","targetHints":{"allow":["GET"]}}],"collection":[{"href":"https:\/\/www.europesays.com\/es\/wp-json\/wp\/v2\/posts"}],"about":[{"href":"https:\/\/www.europesays.com\/es\/wp-json\/wp\/v2\/types\/post"}],"author":[{"embeddable":true,"href":"https:\/\/www.europesays.com\/es\/wp-json\/wp\/v2\/users\/2"}],"replies":[{"embeddable":true,"href":"https:\/\/www.europesays.com\/es\/wp-json\/wp\/v2\/comments?post=142893"}],"version-history":[{"count":0,"href":"https:\/\/www.europesays.com\/es\/wp-json\/wp\/v2\/posts\/142893\/revisions"}],"wp:featuredmedia":[{"embeddable":true,"href":"https:\/\/www.europesays.com\/es\/wp-json\/wp\/v2\/media\/142894"}],"wp:attachment":[{"href":"https:\/\/www.europesays.com\/es\/wp-json\/wp\/v2\/media?parent=142893"}],"wp:term":[{"taxonomy":"category","embeddable":true,"href":"https:\/\/www.europesays.com\/es\/wp-json\/wp\/v2\/categories?post=142893"},{"taxonomy":"post_tag","embeddable":true,"href":"https:\/\/www.europesays.com\/es\/wp-json\/wp\/v2\/tags?post=142893"}],"curies":[{"name":"wp","href":"https:\/\/api.w.org\/{rel}","templated":true}]}}