{"id":142914,"date":"2025-09-27T20:05:11","date_gmt":"2025-09-27T20:05:11","guid":{"rendered":"https:\/\/www.europesays.com\/es\/142914\/"},"modified":"2025-09-27T20:05:11","modified_gmt":"2025-09-27T20:05:11","slug":"editorial-toros-cultura-y-libertad","status":"publish","type":"post","link":"https:\/\/www.europesays.com\/es\/142914\/","title":{"rendered":"Editorial: Toros, cultura y libertad"},"content":{"rendered":"<p class=\"voc-pretitle\">\nEDITORIAL\n<\/p>\n<p>\nEl patrimonio de un pa\u00eds \u2013y la tauromaquia lo es del nuestro\u2013 debe protegerse y en ning\u00fan caso se debe dejar al albur de las conveniencias de las fuerzas pol\u00edticas en cada momento\n<\/p>\n<p><img loading=\"lazy\" decoding=\"async\" class=\"voc-about-author__img\" src=\"https:\/\/s2.abcstatics.com\/comun\/2015\/img\/autor\/autor-4281-avatar-opinion.webp?v=350.2\" width=\"250\" height=\"250\" alt=\"Editorial\"\/><\/p>\n<p class=\"voc-p\" style=\"\">Se ha admitido a tr\u00e1mite en el Congreso de los Diputados una <a href=\"https:\/\/www.abc.es\/cultura\/psoe-alas-debatir-congreso-ley-antitaurina-20250923132622-nt.html\" target=\"_self\" data-voc-vtm-id=\"in-text-traffic\" title=\"Iniciativa Legislativa Popular\" data-mrf-link=\"www.abc.es\" rel=\"nofollow noopener\">Iniciativa Legislativa Popular<\/a> (ILP) para anular la Ley 18\/2013 que blinda la fiesta de los toros declar\u00e1ndola Bien de Inter\u00e9s Cultural. Lo que pretenden los promotores de la ILP es que cualquier comunidad aut\u00f3noma pueda decidir sobre la prohibici\u00f3n de las corridas de toros y otras manifestaciones desprotegiendo la tauromaquia del marco legal que la ampara. De fondo, el asunto toca fibras muy profundas, no ya solo en lo relativo al hecho taurino, sino a la libertad cultural y a c\u00f3mo la democracia debe servir para proteger a las minor\u00edas y a los colectivos cuestionados en lugar de pisotearlos a su antojo, que es lo que se pretende. La ILP sobre la tauromaquia, que viene envuelta en el injustificado prestigio de lo popular, pone en peligro muchos asuntos que son cruciales. El primero de ellos es la existencia de la fiesta de los toros y el acervo social, econ\u00f3mico, ecol\u00f3gico y cultural que la sostiene. Su triunfo comprometer\u00eda el acceso a la cultura de millones de espectadores que disfrutan libremente de los espect\u00e1culos cada a\u00f1o en Espa\u00f1a. Decenas de miles de empleos, de hect\u00e1reas de campo, de animales y el \u00e1nimo de millones de aficionados se pondr\u00edan en cuesti\u00f3n al amparo de unas quebradizas mayor\u00edas parlamentarias.<\/p>\n<p class=\"voc-p\" style=\"\">Por encima de todo, y m\u00e1s all\u00e1 de la cat\u00e1strofe que supondr\u00eda la prohibici\u00f3n que ans\u00edan los antitaurinos de los que son c\u00f3mplices en mayor o menor medida los partidos de la izquierda, lo que est\u00e1 en juego es la libertad de los ciudadanos y su defensa frente a los caprichos del poder. Protegiendo los toros, en realidad lo que se est\u00e1 protegiendo es la pluralidad de una naci\u00f3n en la que una parte de la sociedad pueda manifestarse culturalmente en un sentido que incomode a otra parte. Que la interpele o que la considere molesta, pues la provocaci\u00f3n es una parte de la funci\u00f3n de la cultura y debe ser puesta a salvo en sociedades democr\u00e1ticas y abiertas. El patrimonio de un pa\u00eds \u2013y la tauromaquia lo es del nuestro\u2013 debe protegerse y en ning\u00fan caso se debe dejar al albur de las conveniencias de las fuerzas pol\u00edticas en cada momento. Ese es el objeto de las leyes de protecci\u00f3n cultural que ahora se pretenden relajar para abrir la puerta a la censura que encarna, en su mayor grado, la prohibici\u00f3n. <\/p>\n<p class=\"voc-p\" style=\"\">No siendo los toros una manifestaci\u00f3n cultural minoritaria y viviendo un momento de especial vitalidad, la tauromaquia queda bajo el amparo de las libertades culturales en la legislaci\u00f3n espa\u00f1ola, pero tambi\u00e9n en los tratados internacionales. En su declaraci\u00f3n de Par\u00eds sobre diversidad y patrimonio cultural que ratific\u00f3 Espa\u00f1a en 2006, la Unesco obliga a los gobernantes a proteger las culturas minoritarias, y esto incluye costumbres, tradiciones y creencias que no lesionen los derechos humanos, como es el caso de las corridas de toros y el resto de manifestaciones tradicionales y populares que enriquecen nuestro pa\u00eds. <\/p>\n<p class=\"voc-p\" style=\"\">Que algo venga amparado por un determinado n\u00famero de firmas y se pueda consolidar en torno a una mayor\u00eda parlamentaria no lo convierte en bueno. El poder, por muy democr\u00e1tico que sea, no puede decidir sobre ciertas cosas ni mucho menos atacarlas. Por mucha fuerza que concite a su alrededor \u2013est\u00e1 por ver la mayor\u00eda que logra la ILP\u2013, hay asuntos que afectan a los derechos de la ciudadan\u00eda que no pueden atropellarse. Los parlamentos regionales no pueden decidir prohibir los toros como no pueden decidir prohibir el teatro, cierto tipo de m\u00fasica o la presencia en cualquier \u00e1mbito de personas con determinada identidad. Esgrimir la democracia como palanca de fuerza contra la libertad de los ciudadanos supone un enga\u00f1o que debilita justamente la democracia y que no deber\u00eda poder triunfar.<\/p>\n<p>Reportar un error<\/p>\n","protected":false},"excerpt":{"rendered":"EDITORIAL El patrimonio de un pa\u00eds \u2013y la tauromaquia lo es del nuestro\u2013 debe protegerse y en ning\u00fan&hellip;\n","protected":false},"author":2,"featured_media":142915,"comment_status":"","ping_status":"","sticky":false,"template":"","format":"standard","meta":{"footnotes":""},"categories":[277],"tags":[373,209,168,25,24,5085,23,167,374,444],"class_list":{"0":"post-142914","1":"post","2":"type-post","3":"status-publish","4":"format-standard","5":"has-post-thumbnail","7":"category-toreo","8":"tag-bullfighting","9":"tag-cultura","10":"tag-deportes","11":"tag-es","12":"tag-espana","13":"tag-libertad","14":"tag-spain","15":"tag-sports","16":"tag-toreo","17":"tag-toros"},"share_on_mastodon":{"url":"","error":""},"_links":{"self":[{"href":"https:\/\/www.europesays.com\/es\/wp-json\/wp\/v2\/posts\/142914","targetHints":{"allow":["GET"]}}],"collection":[{"href":"https:\/\/www.europesays.com\/es\/wp-json\/wp\/v2\/posts"}],"about":[{"href":"https:\/\/www.europesays.com\/es\/wp-json\/wp\/v2\/types\/post"}],"author":[{"embeddable":true,"href":"https:\/\/www.europesays.com\/es\/wp-json\/wp\/v2\/users\/2"}],"replies":[{"embeddable":true,"href":"https:\/\/www.europesays.com\/es\/wp-json\/wp\/v2\/comments?post=142914"}],"version-history":[{"count":0,"href":"https:\/\/www.europesays.com\/es\/wp-json\/wp\/v2\/posts\/142914\/revisions"}],"wp:featuredmedia":[{"embeddable":true,"href":"https:\/\/www.europesays.com\/es\/wp-json\/wp\/v2\/media\/142915"}],"wp:attachment":[{"href":"https:\/\/www.europesays.com\/es\/wp-json\/wp\/v2\/media?parent=142914"}],"wp:term":[{"taxonomy":"category","embeddable":true,"href":"https:\/\/www.europesays.com\/es\/wp-json\/wp\/v2\/categories?post=142914"},{"taxonomy":"post_tag","embeddable":true,"href":"https:\/\/www.europesays.com\/es\/wp-json\/wp\/v2\/tags?post=142914"}],"curies":[{"name":"wp","href":"https:\/\/api.w.org\/{rel}","templated":true}]}}