{"id":142922,"date":"2025-09-27T20:13:10","date_gmt":"2025-09-27T20:13:10","guid":{"rendered":"https:\/\/www.europesays.com\/es\/142922\/"},"modified":"2025-09-27T20:13:10","modified_gmt":"2025-09-27T20:13:10","slug":"jennifer-lawrence-piso-fuerte-en-san-sebastian-con-una-de-las-tendencias-mas-controvertidas-tacones-y-calcetines","status":"publish","type":"post","link":"https:\/\/www.europesays.com\/es\/142922\/","title":{"rendered":"Jennifer Lawrence pis\u00f3 fuerte en San Sebasti\u00e1n con una de las tendencias m\u00e1s controvertidas: tacones y calcetines"},"content":{"rendered":"<p>Este pasado viernes, Jennifer Lawrence, la protagonista de Los juegos del hambre y El lado bueno de las cosas hizo historia en el Festival de San Sebasti\u00e1n siendo <a href=\"https:\/\/www.huffingtonpost.es\/life\/jennifer-lawrence-recoge-premio-donostia-aqui-gente-ama-cine-arte-alma-peliculas.html?int=bloque_ult_art\" target=\"_blank\" rel=\"nofollow noopener\">la actriz m\u00e1s joven en recibir el Premio Donostia, <\/a>un galard\u00f3n que reconoce la trayectoria profesional de los actores y cineastas.<\/p>\n<p>Lawrence, que recibi\u00f3 este reconocimiento de manos del director\u00a0Juan Antonio Bayona, no pas\u00f3 desapercibida en el Hotel Mar\u00eda Cristina, donde tuvo lugar la ceremonia y donde no lleg\u00f3 luciendo vestidazo de transparencias\u00a0\u2014una de las tendencias al alza en las alfombras rojas\u2014, escotazo o vol\u00famenes imposibles. La actriz sorprendi\u00f3 a todos por el minimalismo de su dise\u00f1o relajado y transgresor firmado por\u00a0Phoebe Philo.<\/p>\n<p>El dise\u00f1o, en tono caqui,\u00a0de l\u00edneas rectas, jugaba con los vol\u00famenes y las asimetr\u00edas\u00a0\u2014una manga larga y otra corta\u2014\u00a0 e incorporaba un\u00a0cut-out\u00a0 trasero, que dejaba media espalda al aire y romp\u00eda la austeridad del vestido. Adem\u00e1s,\u00a0un largo y fino cintur\u00f3n de color negro\u00a0enganchado al cut-out marcaba ligeramente su cintura.<\/p>\n<p><img decoding=\"async\" loading=\"lazy\" src=\"https:\/\/img2.huffingtonpost.es\/files\/image_720\/uploads\/2025\/09\/27\/jennifer-lawrence-con-diseno-de-phoebe-philo-luciendo-zapatos-de-tacon-con-calcetines.jpeg\" width=\"720\" height=\"0\"  data-full-src=\"https:\/\/www.europesays.com\/es\/wp-content\/uploads\/2025\/09\/jennifer-lawrence-con-diseno-de-phoebe-philo-luciendo-zapatos-de-tacon-con-calcetines.jpeg\" \/><\/p>\n<p>            \u00a0<\/p>\n<p>        Jennifer Lawrence con dise\u00f1o de Phoebe Philo luciendo zapatos de tac\u00f3n con calcetines.Getty Images<\/p>\n<p>Pero lo que de verdad llam\u00f3 la atenci\u00f3n de su look fue su calzado: a trav\u00e9s de la larga abertura de la falda se asomaban una cl\u00e1sicos zapatos negros de sal\u00f3n con tac\u00f3n alto que se puso con unos calcetines tobilleros de canal\u00e9 tambi\u00e9n negros.<\/p>\n<p>La combinaci\u00f3n de zapato de tac\u00f3n-calcet\u00edn viene pisando fuerte desde la pasada primavera, cuando las prescriptoras de moda lo convirtieron en tendencia. Jennifer Lawrence ha sido una de las primeras que lo ha elevado a la alfombra roja.<\/p>\n","protected":false},"excerpt":{"rendered":"Este pasado viernes, Jennifer Lawrence, la protagonista de Los juegos del hambre y El lado bueno de las&hellip;\n","protected":false},"author":2,"featured_media":142923,"comment_status":"","ping_status":"","sticky":false,"template":"","format":"standard","meta":{"footnotes":""},"categories":[174],"tags":[255,146,147,25,24,256,5514,18655,28701,27733,2228,23],"class_list":{"0":"post-142922","1":"post","2":"type-post","3":"status-publish","4":"format-standard","5":"has-post-thumbnail","7":"category-famosos","8":"tag-celebrities","9":"tag-entertainment","10":"tag-entretenimiento","11":"tag-es","12":"tag-espana","13":"tag-famosos","14":"tag-fuerte","15":"tag-jennifer","16":"tag-lawrence","17":"tag-piso","18":"tag-san","19":"tag-spain"},"share_on_mastodon":{"url":"","error":""},"_links":{"self":[{"href":"https:\/\/www.europesays.com\/es\/wp-json\/wp\/v2\/posts\/142922","targetHints":{"allow":["GET"]}}],"collection":[{"href":"https:\/\/www.europesays.com\/es\/wp-json\/wp\/v2\/posts"}],"about":[{"href":"https:\/\/www.europesays.com\/es\/wp-json\/wp\/v2\/types\/post"}],"author":[{"embeddable":true,"href":"https:\/\/www.europesays.com\/es\/wp-json\/wp\/v2\/users\/2"}],"replies":[{"embeddable":true,"href":"https:\/\/www.europesays.com\/es\/wp-json\/wp\/v2\/comments?post=142922"}],"version-history":[{"count":0,"href":"https:\/\/www.europesays.com\/es\/wp-json\/wp\/v2\/posts\/142922\/revisions"}],"wp:featuredmedia":[{"embeddable":true,"href":"https:\/\/www.europesays.com\/es\/wp-json\/wp\/v2\/media\/142923"}],"wp:attachment":[{"href":"https:\/\/www.europesays.com\/es\/wp-json\/wp\/v2\/media?parent=142922"}],"wp:term":[{"taxonomy":"category","embeddable":true,"href":"https:\/\/www.europesays.com\/es\/wp-json\/wp\/v2\/categories?post=142922"},{"taxonomy":"post_tag","embeddable":true,"href":"https:\/\/www.europesays.com\/es\/wp-json\/wp\/v2\/tags?post=142922"}],"curies":[{"name":"wp","href":"https:\/\/api.w.org\/{rel}","templated":true}]}}