{"id":142924,"date":"2025-09-27T20:16:07","date_gmt":"2025-09-27T20:16:07","guid":{"rendered":"https:\/\/www.europesays.com\/es\/142924\/"},"modified":"2025-09-27T20:16:07","modified_gmt":"2025-09-27T20:16:07","slug":"el-presidente-de-rtve-responde-a-los-ataques-a-la-television-publica-en-esta-partida-hay-muchos-peones","status":"publish","type":"post","link":"https:\/\/www.europesays.com\/es\/142924\/","title":{"rendered":"El presidente de RTVE responde a los ataques a la televisi\u00f3n p\u00fablica: \u00abEn esta partida hay muchos peones\u00bb"},"content":{"rendered":"<p><img fetchpriority=\"high\" class=\"v-a-img\" src=\"https:\/\/www.europesays.com\/es\/wp-content\/uploads\/2025\/09\/rtve-kSSC-U2303201654876ooB-1200x840@El Correo.jpg\" loading=\"eager\" decoding=\"async\" alt=\"Jos\u00e9 Pablo L\u00f3pez este jueves en la Comisi\u00f3n de Control de RTVE\"  width=\"1200\" height=\"840\"\/><\/p>\n<p>Jos\u00e9 Pablo L\u00f3pez este jueves en la Comisi\u00f3n de Control de RTVE          EFE        <\/p>\n<p>Jos\u00e9 Pablo L\u00f3pez defiende su labor ante las cr\u00edticas recibidas por parte de Vox y el PP, reivindicando los recientes \u00e9xitos de audiencia<\/p>\n<p><a class=\"v-mdl-ath__fig-a\" href=\"https:\/\/www.elcorreo.com\/autor\/johana-gil-6178.html\" title=\"Johana Gil\" rel=\"nofollow noopener\" target=\"_blank\"><br \/>\n<img decoding=\"async\" class=\"v-mdl-ath__img\" src=\"https:\/\/www.europesays.com\/es\/wp-content\/uploads\/2025\/09\/autor-6178-foto-2.jpeg\" alt=\"Johana Gil\"\/><br \/>\n<\/a><\/p>\n<p class=\"v-mdl-ath__p v-mdl-ath__p--6\">\nS\u00e1bado, 27 de septiembre 2025, 15:41<\/p>\n<p class=\"v-p\">\u00abHay quien est\u00e1 dispuesto a reducir RTVE a cenizas. Pero no s\u00f3lo con lanzallamas o motosierras\u00bb, ha sentenciado este s\u00e1bado Jos\u00e9 Pablo L\u00f3pez en defensa de la televisi\u00f3n p\u00fablica. El presidente de la corporaci\u00f3n ha vuelto a dar un paso al frente despu\u00e9s de que esta semana quedase bajo la lupa de diferentes formaciones, especialmente Vox y el Partido Popular, que acusan al ente p\u00fablico de \u00abfalta de imparcialidad\u00bb.<\/p>\n<p class=\"v-p\">Con un mensaje publicado en su cuenta de la red social X, el responsable de radiotelevisi\u00f3n nacional ha defendido la labor de sus profesionales, tras las cr\u00edticas del diputado de Vox, Manuel Mariscal, durante la Comisi\u00f3n de Control en el Congreso. El pol\u00edtico advirti\u00f3 con entrar en la casa \u00abcon motosierra o lanzallamas\u00bb. <\/p>\n<blockquote class=\"twitter-tweet\">\n<p lang=\"es\" dir=\"ltr\">Hay quien est\u00e1 dispuesto a reducir RTVE a cenizas. Pero no s\u00f3lo con lanzallamas o motosierras. <\/p>\n<p>En esta partida hay muchos m\u00e1s peones. Especialmente aquellos que trabajan alimentando narrativas para debilitarla en el momento que levanta cabeza. Son tacticismos disfrazados de\u2026 <a href=\"https:\/\/t.co\/hmFCGIrr1x\" rel=\"nofollow\">pic.twitter.com\/hmFCGIrr1x<\/a><\/p>\n<p>\u2014 Jos\u00e9 Pablo L\u00f3pez (@Josepablo_ls) <a href=\"https:\/\/twitter.com\/Josepablo_ls\/status\/1971848025149427928?ref_src=twsrc%5Etfw\" rel=\"nofollow noopener\" target=\"_blank\">September 27, 2025<\/a><\/p><\/blockquote>\n<p class=\"v-p\">La reacci\u00f3n de L\u00f3pez fue ese mismo d\u00eda a favor del pluralismo informativo y, ahora refuerza su defensa con la reciente publicaci\u00f3n: \u00abEn esta partida hay muchos m\u00e1s peones&#8230; Especialmente aquellos que trabajan alimentando narrativas para debilitarla en el momento que levanta cabeza. Son tacticismos disfrazados de buenas intenciones\u00bb. <\/p>\n<p class=\"v-p\">L\u00f3pez ha aprovechado tambi\u00e9n para poner en valor los \u00faltimos datos de audiencia. La 1 firm\u00f3 este viernes un 11,1% de cuota de pantalla, un resultado que calific\u00f3 de \u00abinimaginable hasta hace poco en este d\u00eda de la semana\u00bb. Tambi\u00e9n destac\u00f3 los registros de los informativos. El Telediario 1, conducido por Alejandra Herranz, alcanz\u00f3 un 14,3% de share, mientras que el Telediario 2, con Pepa Bueno al frente, subi\u00f3 hasta el 13,8%.<\/p>\n<p class=\"v-p\">\u00abGracias a todos los que se esfuerzan por sacar adelante RTVE cada d\u00eda pensando en el bien com\u00fan\u00bb, concluy\u00f3 en su mensaje, acompa\u00f1ada de cuatro im\u00e1genes de los informativos del d\u00eda anterior.<\/p>\n<p>Comenta<\/p>\n<p>Reporta un error<\/p>\n<p><script async src=\"https:\/\/platform.twitter.com\/widgets.js\" charset=\"utf-8\"><\/script><\/p>\n","protected":false},"excerpt":{"rendered":"Jos\u00e9 Pablo L\u00f3pez este jueves en la Comisi\u00f3n de Control de RTVE EFE Jos\u00e9 Pablo L\u00f3pez defiende su&hellip;\n","protected":false},"author":2,"featured_media":142925,"comment_status":"","ping_status":"","sticky":false,"template":"","format":"standard","meta":{"footnotes":""},"categories":[171],"tags":[5608,146,147,25,24,14746,44262,1461,4500,1259,518,23,807,214],"class_list":{"0":"post-142924","1":"post","2":"type-post","3":"status-publish","4":"format-standard","5":"has-post-thumbnail","7":"category-tv","8":"tag-ataques","9":"tag-entertainment","10":"tag-entretenimiento","11":"tag-es","12":"tag-espana","13":"tag-partida","14":"tag-peones","15":"tag-presidente","16":"tag-publica","17":"tag-responde","18":"tag-rtve","19":"tag-spain","20":"tag-television","21":"tag-tv"},"share_on_mastodon":{"url":"","error":""},"_links":{"self":[{"href":"https:\/\/www.europesays.com\/es\/wp-json\/wp\/v2\/posts\/142924","targetHints":{"allow":["GET"]}}],"collection":[{"href":"https:\/\/www.europesays.com\/es\/wp-json\/wp\/v2\/posts"}],"about":[{"href":"https:\/\/www.europesays.com\/es\/wp-json\/wp\/v2\/types\/post"}],"author":[{"embeddable":true,"href":"https:\/\/www.europesays.com\/es\/wp-json\/wp\/v2\/users\/2"}],"replies":[{"embeddable":true,"href":"https:\/\/www.europesays.com\/es\/wp-json\/wp\/v2\/comments?post=142924"}],"version-history":[{"count":0,"href":"https:\/\/www.europesays.com\/es\/wp-json\/wp\/v2\/posts\/142924\/revisions"}],"wp:featuredmedia":[{"embeddable":true,"href":"https:\/\/www.europesays.com\/es\/wp-json\/wp\/v2\/media\/142925"}],"wp:attachment":[{"href":"https:\/\/www.europesays.com\/es\/wp-json\/wp\/v2\/media?parent=142924"}],"wp:term":[{"taxonomy":"category","embeddable":true,"href":"https:\/\/www.europesays.com\/es\/wp-json\/wp\/v2\/categories?post=142924"},{"taxonomy":"post_tag","embeddable":true,"href":"https:\/\/www.europesays.com\/es\/wp-json\/wp\/v2\/tags?post=142924"}],"curies":[{"name":"wp","href":"https:\/\/api.w.org\/{rel}","templated":true}]}}