{"id":142926,"date":"2025-09-27T20:18:07","date_gmt":"2025-09-27T20:18:07","guid":{"rendered":"https:\/\/www.europesays.com\/es\/142926\/"},"modified":"2025-09-27T20:18:07","modified_gmt":"2025-09-27T20:18:07","slug":"el-corazon-roto-que-sigue-latiendo","status":"publish","type":"post","link":"https:\/\/www.europesays.com\/es\/142926\/","title":{"rendered":"El coraz\u00f3n roto que sigue latiendo"},"content":{"rendered":"<p>\n        Una de las pel\u00edculas m\u00e1s esperadas de la temporada, <a href=\"https:\/\/www.noticiasdegipuzkoa.eus\/zinemaldia\/2025\/09\/25\/posible-llegada-jacob-elordi-donostia-frankenstein-festival-san-sebastian-10126105.html\" title=\"Frankenstein, de Guillermo del Toro\" target=\"_blank\" class=\"link copy\" rel=\"nofollow noopener\">Frankenstein, de Guillermo del Toro<\/a>, fue seleccionada por el <a href=\"https:\/\/sansebastianfestival.com\/\" title=\"Zinemaldia\" rel=\"nofollow noopener\" target=\"_blank\" class=\"link copy\">Zinemaldia<\/a> como la pel\u00edcula sorpresa de la 73\u00aa edici\u00f3n, despu\u00e9s de que la cr\u00edtica la aplaudiese y vitorease en el \u00faltimo Festival de Venecia.\n<\/p>\n<p class=\"article-body__text \">\n        El cineasta mexicano, responsable de cintas como Cronos (1992), El laberinto del fauno (2006) y La forma del agua (2017), <strong>despliega en <\/strong><strong>Frankenstein<\/strong><strong> toda su imaginer\u00eda g\u00f3tica, enfatizada tanto en el dise\u00f1o de vestuario como en el uso de grandes angulares que resaltan el barroquismo de la puesta en escena de \u00e9poca<\/strong>. Por otra parte, la casquer\u00eda har\u00e1 las delicias de los est\u00f3magos m\u00e1s fuertes y aficionados al g\u00e9nero, que disfrutar\u00e1n de la construcci\u00f3n expl\u00edcita de la criatura: desde el sistema linf\u00e1tico hasta los globos oculares, pasando previamente por el troceado de las piezas a ensamblar. Pura artesan\u00eda charcutera.\n<\/p>\n<p class=\"article-body__text \">\n        <strong>En la l\u00ednea de la versi\u00f3n que rod\u00f3 y protagoniz\u00f3 Kenneth Branagh <\/strong>en 1994, la propuesta del cineasta mexicano es una adaptaci\u00f3n notablemente cercana a la novela original de <strong>Mary Shelley,<\/strong> incluyendo la fragmentaci\u00f3n de las perspectivas literarias. Eso s\u00ed, sin la complejidad epistolar y de matrioshka de Frankenstein o el moderno Prometeo (1818), dif\u00edcilmente trasladable al audiovisual de forma literal. Aun as\u00ed,<strong> la presentaci\u00f3n de las narraciones separadas por los puntos de vista<\/strong> del capit\u00e1n Anderson (Lars Mikkelsen), V\u00edctor Frankenstein (Oscar Isaac) y la criatura (<a href=\"https:\/\/www.noticiasdegipuzkoa.eus\/tags\/jacob-elordi\/\" title=\"Jacob Elordi\" target=\"_blank\" class=\"link copy\" rel=\"nofollow noopener\">Jacob Elordi<\/a>) no puede estar m\u00e1s descompensada: la del malogrado cient\u00edfico resulta la m\u00e1s extensa y la menos interesante, al incluir, entre otras cuestiones, la subtrama relacionada con Harlander (Christoph Waltz), el benefactor enfermo de Frankenstein que desea que sus hallazgos prosperen para prolongar su vida. Esto lastra en minutaje \u2013<strong>la pel\u00edcula dura hasta dos horas y media<\/strong>\u2013 y retrasa la aut\u00e9ntica columna vertebral de la historia, que no es tanto la similitud entre V\u00edctor y la maldici\u00f3n del tit\u00e1n que rob\u00f3 el fuego \u2013el conocimiento\u2013 a los dioses, sino lo que significa ser humano y qu\u00e9 responsabilidades tienen los creadores hacia sus creaciones.\n<\/p>\n<p class=\"article-body__text \">\n        En este sentido, <strong>la criatura a la que encarna Elordi<\/strong> \u2013de sorprendente similitud con los Ingenieros de la saga <a href=\"https:\/\/www.noticiasdegipuzkoa.eus\/corazon\/2012\/05\/04\/prometheus-bate-records-4399853.html\" title=\"Alien de Ridley Scott\" target=\"_blank\" class=\"link copy\" rel=\"nofollow noopener\">Alien de Ridley Scott<\/a>\u2013 <strong>vive a pocos pasos del Ad\u00e1n de <\/strong><strong>El para\u00edso perdido<\/strong><strong> (1667) de John Milton:<\/strong> se pregunta qu\u00e9 es ser hombre y demuestra que, como en gran parte de las alegor\u00edas de la ciencia ficci\u00f3n, cualquier otro ser puede ser m\u00e1s humano \u2013en el sentido moral\u2013 que el homo sapiens. De cualquier modo, <strong>este planteamiento dura poco, como poco dura el enamoramiento del monstruo con Elisabeth<\/strong> (Mia Goth), lo que precipita su evoluci\u00f3n como personaje y convierte en apresuradas sus motivaciones: el deseo de tener una compa\u00f1era an\u00e1loga en su realidad inmortal y su ansia de venganza hacia V\u00edctor, un creador irresponsable que, por ego\u00edsmo, insufl\u00f3 tanta vida a algo muerto que ya no puede deshacerse de ello. Ah\u00ed, la criatura se convierte en el \u00e1guila que cada noche devoraba el h\u00edgado de Prometeo.\n<\/p>\n<p class=\"article-body__text \">\n        En este sentido,<strong> llama la atenci\u00f3n que Guillermo del Toro cierre la pel\u00edcula con una cita de Lord Byron<\/strong>: \u201cAnd thus the heart will break, and yet brokenly live on\u201d\/\u201cY as\u00ed el coraz\u00f3n se romper\u00e1 y, sin embargo, roto, vivir\u00e1\u201d, extra\u00eddo del poema Fare Thee Well, escrito 1816, el mismo a\u00f1o en el que <strong>Lord Byron, Percy Shelley, Mary Shelley, Claire Clairmont y John William Polidori<\/strong> se reunieron en Villa Diodati, cerca de Ginebra, y en torno a la chimenea contaron historias que dieron vida a los monstruos, entre ellos, el de Frankenstein. Decimos que es llamativa su inclusi\u00f3n por su certeza metaf\u00f3rica, claro, pero tambi\u00e9n porque el director sacrifica la oportunidad de ensalzar la figura de <a href=\"https:\/\/www.noticiasdegipuzkoa.eus\/cultura\/2018\/01\/03\/frankenstein-cumple-200-anos-3954048.html\" title=\"Mary Shelley\" target=\"_blank\" class=\"link copy\" rel=\"nofollow noopener\">Mary Shelley<\/a>, invisibilizada ya en la publicaci\u00f3n de la novela, en favor de un hombre que lo \u00fanico que hizo fue invitar a un grupo de amigos a pasar unas vacaciones en <a href=\"https:\/\/www.noticiasdegipuzkoa.eus\/tags\/suiza\/\" title=\"Suiza\" target=\"_blank\" class=\"link copy\" rel=\"nofollow noopener\">Suiza<\/a> durante el llamado \u201ca\u00f1o sin verano\u201d.<\/p>\n","protected":false},"excerpt":{"rendered":"Una de las pel\u00edculas m\u00e1s esperadas de la temporada, Frankenstein, de Guillermo del Toro, fue seleccionada por el&hellip;\n","protected":false},"author":2,"featured_media":142927,"comment_status":"","ping_status":"","sticky":false,"template":"","format":"standard","meta":{"footnotes":""},"categories":[169],"tags":[177,4835,1497,146,147,25,24,176,8750,6891,175,23,913],"class_list":{"0":"post-142926","1":"post","2":"type-post","3":"status-publish","4":"format-standard","5":"has-post-thumbnail","7":"category-cine","8":"tag-cine","9":"tag-corazon","10":"tag-critica","11":"tag-entertainment","12":"tag-entretenimiento","13":"tag-es","14":"tag-espana","15":"tag-film","16":"tag-frankenstein","17":"tag-guillermo","18":"tag-movies","19":"tag-spain","20":"tag-toro"},"share_on_mastodon":{"url":"","error":""},"_links":{"self":[{"href":"https:\/\/www.europesays.com\/es\/wp-json\/wp\/v2\/posts\/142926","targetHints":{"allow":["GET"]}}],"collection":[{"href":"https:\/\/www.europesays.com\/es\/wp-json\/wp\/v2\/posts"}],"about":[{"href":"https:\/\/www.europesays.com\/es\/wp-json\/wp\/v2\/types\/post"}],"author":[{"embeddable":true,"href":"https:\/\/www.europesays.com\/es\/wp-json\/wp\/v2\/users\/2"}],"replies":[{"embeddable":true,"href":"https:\/\/www.europesays.com\/es\/wp-json\/wp\/v2\/comments?post=142926"}],"version-history":[{"count":0,"href":"https:\/\/www.europesays.com\/es\/wp-json\/wp\/v2\/posts\/142926\/revisions"}],"wp:featuredmedia":[{"embeddable":true,"href":"https:\/\/www.europesays.com\/es\/wp-json\/wp\/v2\/media\/142927"}],"wp:attachment":[{"href":"https:\/\/www.europesays.com\/es\/wp-json\/wp\/v2\/media?parent=142926"}],"wp:term":[{"taxonomy":"category","embeddable":true,"href":"https:\/\/www.europesays.com\/es\/wp-json\/wp\/v2\/categories?post=142926"},{"taxonomy":"post_tag","embeddable":true,"href":"https:\/\/www.europesays.com\/es\/wp-json\/wp\/v2\/tags?post=142926"}],"curies":[{"name":"wp","href":"https:\/\/api.w.org\/{rel}","templated":true}]}}