{"id":142937,"date":"2025-09-27T20:26:15","date_gmt":"2025-09-27T20:26:15","guid":{"rendered":"https:\/\/www.europesays.com\/es\/142937\/"},"modified":"2025-09-27T20:26:15","modified_gmt":"2025-09-27T20:26:15","slug":"fuentes-senala-que-la-procesion-magna-de-lucena-es-un-momento-historico-que-recoge-el-sentir-de-todo-un-pueblo","status":"publish","type":"post","link":"https:\/\/www.europesays.com\/es\/142937\/","title":{"rendered":"Fuentes se\u00f1ala que \u201cla Procesi\u00f3n Magna de Lucena es un momento hist\u00f3rico que recoge el sentir de todo un pueblo\u201d"},"content":{"rendered":"<p>El presidente de la Diputaci\u00f3n de C\u00f3rdoba, Salvador Fuentes, se ha desplazado hasta Lucena para ser part\u00edcipe de la Procesi\u00f3n Magna que celebra este municipio durante la jornada de hoy y que contar\u00e1 con la participaci\u00f3n de 18 pasos representativos de la Pasi\u00f3n y 17 cofrad\u00edas lucentinas.<\/p>\n<p>Seg\u00fan Fuentes, \u201cun momento hist\u00f3rico que atrae la mirada de propios y extra\u00f1os y gracias al cual espacios emblem\u00e1ticos de la ciudad se llenan del sentir de todo un pueblo y todo ello bajo la atenta mirada de la Virgen de Araceli, imagen que preside esta procesi\u00f3n\u201d.<\/p>\n<p>\u201cEste desfile procesional supone no solo un espect\u00e1culo visual sino que traslada a las calles un recogimiento y devoci\u00f3n compartido, una emoci\u00f3n colectiva que traspasa generaciones y que invita a renovar el v\u00ednculo de Lucena con su Virgen de Araceli y con todas aquellas im\u00e1genes que hacen grande su Semana Santa\u201d, ha apuntado Fuentes.<\/p>\n<p>Para el m\u00e1ximo responsable de la instituci\u00f3n provincial, \u201ceste encuentro de convivencia, pero sobre todo de recogimiento, nos recuerda tambi\u00e9n que las tradiciones no se conservan solas sino que es labor de todos su salvaguarda, siempre desde el respeto, la devoci\u00f3n y el sentido c\u00edvico\u201d.<\/p>\n<p>Fuentes ha hecho hincapi\u00e9 en que \u201ceste evento es una oportunidad para poner en valor el trabajo que se realiza desde las hermandades y cofrad\u00edas de Lucena y de toda la provincia, fieles encargadas de velar, de manera desinteresada, por el mantenimiento de este patrimonio vivo que nos pertenece como pueblo. Un trabajo que nos permite hoy disfrutar de la grandeza de sus im\u00e1genes en esta Magna\u201d.<\/p>\n<p>\u201cLucena nos regala hoy una imagen inolvidable, la de sus calles llenas de gente emocionada por el sentir que despiertan los 18 pasos que forman parte de este encuentro que nos invita al recogimiento\u201d, ha matizado Fuentes.<\/p>\n<p>El presidente de la Diputaci\u00f3n de C\u00f3rdoba ha trasladado a los presentes, \u201cel compromiso de la instituci\u00f3n provincial con las agrupaciones de cofrad\u00edas de la provincia, tambi\u00e9n las de Lucena, consciente de que la encomiable labor que realizan trasciende lo religioso\u201d.<\/p>\n","protected":false},"excerpt":{"rendered":"El presidente de la Diputaci\u00f3n de C\u00f3rdoba, Salvador Fuentes, se ha desplazado hasta Lucena para ser part\u00edcipe de&hellip;\n","protected":false},"author":2,"featured_media":142938,"comment_status":"","ping_status":"","sticky":false,"template":"","format":"standard","meta":{"footnotes":""},"categories":[5],"tags":[17,18,25,24,13,14,11,19,20,9,10,15,16,23,12,21,22],"class_list":{"0":"post-142937","1":"post","2":"type-post","3":"status-publish","4":"format-standard","5":"has-post-thumbnail","7":"category-titulares","8":"tag-breaking-news","9":"tag-breakingnews","10":"tag-es","11":"tag-espana","12":"tag-featured-news","13":"tag-featurednews","14":"tag-headlines","15":"tag-latest-news","16":"tag-latestnews","17":"tag-news","18":"tag-noticias","19":"tag-noticias-destacadas","20":"tag-noticiasdestacadas","21":"tag-spain","22":"tag-titulares","23":"tag-ultimas-noticias","24":"tag-ultimasnoticias"},"share_on_mastodon":{"url":"","error":""},"_links":{"self":[{"href":"https:\/\/www.europesays.com\/es\/wp-json\/wp\/v2\/posts\/142937","targetHints":{"allow":["GET"]}}],"collection":[{"href":"https:\/\/www.europesays.com\/es\/wp-json\/wp\/v2\/posts"}],"about":[{"href":"https:\/\/www.europesays.com\/es\/wp-json\/wp\/v2\/types\/post"}],"author":[{"embeddable":true,"href":"https:\/\/www.europesays.com\/es\/wp-json\/wp\/v2\/users\/2"}],"replies":[{"embeddable":true,"href":"https:\/\/www.europesays.com\/es\/wp-json\/wp\/v2\/comments?post=142937"}],"version-history":[{"count":0,"href":"https:\/\/www.europesays.com\/es\/wp-json\/wp\/v2\/posts\/142937\/revisions"}],"wp:featuredmedia":[{"embeddable":true,"href":"https:\/\/www.europesays.com\/es\/wp-json\/wp\/v2\/media\/142938"}],"wp:attachment":[{"href":"https:\/\/www.europesays.com\/es\/wp-json\/wp\/v2\/media?parent=142937"}],"wp:term":[{"taxonomy":"category","embeddable":true,"href":"https:\/\/www.europesays.com\/es\/wp-json\/wp\/v2\/categories?post=142937"},{"taxonomy":"post_tag","embeddable":true,"href":"https:\/\/www.europesays.com\/es\/wp-json\/wp\/v2\/tags?post=142937"}],"curies":[{"name":"wp","href":"https:\/\/api.w.org\/{rel}","templated":true}]}}