{"id":142951,"date":"2025-09-27T20:38:09","date_gmt":"2025-09-27T20:38:09","guid":{"rendered":"https:\/\/www.europesays.com\/es\/142951\/"},"modified":"2025-09-27T20:38:09","modified_gmt":"2025-09-27T20:38:09","slug":"agueda-lopez-conquista-times-square-con-el-exito-de-su-primer-libro-2","status":"publish","type":"post","link":"https:\/\/www.europesays.com\/es\/142951\/","title":{"rendered":"\u00c1gueda L\u00f3pez conquista Times Square con el \u00e9xito de su primer libro"},"content":{"rendered":"<p class=\"content-element\">La <a href=\"https:\/\/www.elnuevodia.com\/topicos\/agueda-lopez\/\" target=\"_self\" rel=\"nofollow noopener\" title=\"https:\/\/www.elnuevodia.com\/topicos\/agueda-lopez\/\"><b>reconocida modelo internacional y ahora autora, \u00c1gueda L\u00f3pez<\/b><\/a>, vivi\u00f3 un momento emocionante al ver su imagen y la portada de su primer libro, <b>\u201cLa ni\u00f1a que siempre miraba el sol\u201d<\/b>, proyectadas en las emblem\u00e1ticas e imponentes pantallas de <a href=\"https:\/\/www.elnuevodia.com\/topicos\/times-square\/\" target=\"_self\" rel=\"nofollow noopener\" title=\"https:\/\/www.elnuevodia.com\/topicos\/times-square\/\"><b>Times Square en Nueva York<\/b><\/a>. <b>Este logro, reservado para grandes personalidades y marcas globales, consolida el \u00e9xito y la proyecci\u00f3n internacional de su debut literario.<\/b><\/p>\n<p class=\"content-element\">Reconocida por su trayectoria en las pasarelas m\u00e1s prestigiosas del mundo y por haber protagonizado portadas editoriales de fama internacional como: <b>Vogue Belleza<\/b>, <a href=\"https:\/\/www.instagram.com\/marieclaire_es\/\" target=\"_self\" rel=\"nofollow noopener\" title=\"https:\/\/www.instagram.com\/marieclaire_es\/\"><b>Marie Claire Espa\u00f1a<\/b><\/a>, <a href=\"https:\/\/www.instagram.com\/bazaarvietnam\/\" target=\"_self\" rel=\"nofollow noopener\" title=\"https:\/\/www.instagram.com\/bazaarvietnam\/\"><b>Harper\u2019s Bazaar Vietnam<\/b><\/a>, <a href=\"https:\/\/www.instagram.com\/lofficielarabia\/\" target=\"_self\" rel=\"nofollow noopener\" title=\"https:\/\/www.instagram.com\/lofficielarabia\/\"><b>L\u2019Officiel Arabia<\/b><\/a>, <b>Woman Magazine <\/b>y<b> Vanity Fair Espa\u00f1a<\/b>, entre otras, la espa\u00f1ola celebra una nueva etapa de su carrera con una obra \u00edntima y conmovedora que narra un viaje de sue\u00f1os, resiliencia y esperanza.<\/p>\n<p class=\"content-element\">El impacto de su libro ha trascendido fronteras, posicion\u00e1ndola no solo como un \u00edcono de la moda, sino tambi\u00e9n como una voz inspiradora en la literatura contempor\u00e1nea.<\/p>\n<p class=\"content-element\"><b>\u201cEstar en Times Square con mi libro es un sue\u00f1o cumplido, un recordatorio de que los sue\u00f1os se alcanzan con trabajo y fe en uno mismo\u201d, expres\u00f3.<\/b><\/p>\n<p> PUBLICIDAD<\/p>\n<p class=\"content-element\">\u201cLa ni\u00f1a que siempre miraba el sol\u201d est\u00e1 disponible en <a href=\"https:\/\/www.elnuevodia.com\/topicos\/amazon\/\" target=\"_self\" rel=\"nofollow noopener\" title=\"https:\/\/www.elnuevodia.com\/topicos\/amazon\/\"><b>Amazon<\/b><\/a>, librer\u00edas en Espa\u00f1a, Latinoam\u00e9rica y Estados Unidos, y ya se perfila como una lectura imprescindible para quienes buscan inspiraci\u00f3n, motivaci\u00f3n y un mensaje de luz en tiempos de retos.<\/p>\n<p><img decoding=\"async\" src=\"https:\/\/www.elnuevodia.com\/entretenimiento\/farandula\/notas\/agueda-lopez-conquista-times-square-con-el-exito-de-su-primer-libro\/[object Object]\" alt=\"previa\"\/><img decoding=\"async\" src=\"https:\/\/www.elnuevodia.com\/entretenimiento\/farandula\/notas\/agueda-lopez-conquista-times-square-con-el-exito-de-su-primer-libro\/[object Object]\" alt=\"siguiente\"\/><\/p>\n<p><b>1 \/ 47 | <\/b> \u00c1gueda L\u00f3pez, la ni\u00f1a de un peque\u00f1o pueblo en C\u00f3rdova que se atrevi\u00f3 a so\u00f1ar en grande . \u00c1gueda L\u00f3pez Benavides, conocida en el mundo del<br \/>\nentretenimiento como \u00c1gueda L\u00f3pez, naci\u00f3 en C\u00f3rdoba (Espa\u00f1a) el 21 de agosto de 1981. En la foto, L\u00f3pez participa de una sesi\u00f3n de fotos de moda oto\u00f1al, en 2013.  &#8211; GFR Media<\/p>\n<p>1\/47\u00c1gueda L\u00f3pez, la ni\u00f1a de un peque\u00f1o pueblo en C\u00f3rdova que se atrevi\u00f3 a so\u00f1ar en grande <\/p>\n<p>\u00c1gueda L\u00f3pez Benavides, conocida en el mundo del<br \/>\nentretenimiento como \u00c1gueda L\u00f3pez, naci\u00f3 en C\u00f3rdoba (Espa\u00f1a) el 21 de agosto de 1981. En la foto, L\u00f3pez participa de una sesi\u00f3n de fotos de moda oto\u00f1al, en 2013. GFR Media<img decoding=\"async\" aria-hidden=\"true\" class=\"social-share-btn-icon\" src=\"https:\/\/www.elnuevodia.com\/pf\/resources\/v2\/icons\/share-white.svg?d=209\"\/>Compartir<script async src=\"\/\/www.instagram.com\/embed.js\"><\/script><\/p>\n","protected":false},"excerpt":{"rendered":"La reconocida modelo internacional y ahora autora, \u00c1gueda L\u00f3pez, vivi\u00f3 un momento emocionante al ver su imagen y&hellip;\n","protected":false},"author":2,"featured_media":142952,"comment_status":"","ping_status":"","sticky":false,"template":"","format":"standard","meta":{"footnotes":""},"categories":[172],"tags":[43837,224,146,147,25,24,1496,225,23,43838],"class_list":{"0":"post-142951","1":"post","2":"type-post","3":"status-publish","4":"format-standard","5":"has-post-thumbnail","7":"category-libros","8":"tag-agueda-lopez","9":"tag-books","10":"tag-entertainment","11":"tag-entretenimiento","12":"tag-es","13":"tag-espana","14":"tag-libro","15":"tag-libros","16":"tag-spain","17":"tag-times-square"},"share_on_mastodon":{"url":"","error":""},"_links":{"self":[{"href":"https:\/\/www.europesays.com\/es\/wp-json\/wp\/v2\/posts\/142951","targetHints":{"allow":["GET"]}}],"collection":[{"href":"https:\/\/www.europesays.com\/es\/wp-json\/wp\/v2\/posts"}],"about":[{"href":"https:\/\/www.europesays.com\/es\/wp-json\/wp\/v2\/types\/post"}],"author":[{"embeddable":true,"href":"https:\/\/www.europesays.com\/es\/wp-json\/wp\/v2\/users\/2"}],"replies":[{"embeddable":true,"href":"https:\/\/www.europesays.com\/es\/wp-json\/wp\/v2\/comments?post=142951"}],"version-history":[{"count":0,"href":"https:\/\/www.europesays.com\/es\/wp-json\/wp\/v2\/posts\/142951\/revisions"}],"wp:featuredmedia":[{"embeddable":true,"href":"https:\/\/www.europesays.com\/es\/wp-json\/wp\/v2\/media\/142952"}],"wp:attachment":[{"href":"https:\/\/www.europesays.com\/es\/wp-json\/wp\/v2\/media?parent=142951"}],"wp:term":[{"taxonomy":"category","embeddable":true,"href":"https:\/\/www.europesays.com\/es\/wp-json\/wp\/v2\/categories?post=142951"},{"taxonomy":"post_tag","embeddable":true,"href":"https:\/\/www.europesays.com\/es\/wp-json\/wp\/v2\/tags?post=142951"}],"curies":[{"name":"wp","href":"https:\/\/api.w.org\/{rel}","templated":true}]}}