{"id":142968,"date":"2025-09-27T20:49:29","date_gmt":"2025-09-27T20:49:29","guid":{"rendered":"https:\/\/www.europesays.com\/es\/142968\/"},"modified":"2025-09-27T20:49:29","modified_gmt":"2025-09-27T20:49:29","slug":"la-aemet-lanza-un-aviso-especial-por-lluvias-muy-fuertes-y-persistentes-por-los-restos-del-exhuracan-gabrielle","status":"publish","type":"post","link":"https:\/\/www.europesays.com\/es\/142968\/","title":{"rendered":"La Aemet lanza un aviso especial por lluvias \u00abmuy fuertes y persistentes\u00bb por los restos del exhurac\u00e1n &#8216;Gabrielle&#8217;"},"content":{"rendered":"<p>Entre el lunes y martes, algunas zonas de la Comunidad Valenciana podr\u00e1n recibir hasta 250 litros\/m2<\/p>\n<p>   MADRID, 27 Sep. (EUROPA PRESS) &#8211; <\/p>\n<p>   La Agencia Estatal de Meteorolog\u00eda (Aemet) ha emitido un aviso especial por \u00ablluvias muy fuertes y persistentes\u00bb que afectar\u00e1n a los tercios sur y este peninsulares en las pr\u00f3ximas horas fruto de la borrasca procedente del exhurac\u00e1n &#8216;Gabrielle&#8217; que penetrar\u00e1 desde el oeste de la Pen\u00ednsula a gran parte del territorio nacional.<\/p>\n<p>   Aemet pone especial inter\u00e9s en la vertiente mediterr\u00e1nea donde las bajas presiones y la humedad subtropical podr\u00eda dar lugar a lluvias muy fuertes y persistentes en los tercios sur y este peninsulares en los pr\u00f3ximos d\u00edas.<\/p>\n<p>    \u00abLos chubascos pueden dar lugar a inundaciones locales s\u00fabitas y repentinas en zonas bajas, arroyos y ramblas, por lo que el nivel de peligro potencial de esta situaci\u00f3n es elevado\u00bb, citan en su comunicado.<\/p>\n<p>HASTA 250 LITROS\/M2 EN LA COMUNIDAD VALENCIANA<\/p>\n<p>   Aemet advierte que los \u00faltimos d\u00edas de septiembre ser\u00e1n los m\u00e1s complicados en cuanto a lo meteorol\u00f3gico. Se calcula que se produzcan chubascos tormentosos localmente fuertes o muy fuertes, y persistentes, a lo largo del tercio oriental peninsular, costa del Sol y entorno del Estrecho.<\/p>\n<p>   No obstante, las mayores intensidades y los mayores acumulados se esperan en el sur de la Comunidad Valenciana, y especialmente en la provincia de Valencia, entre el lunes y la primera mitad del martes, cuando podr\u00edan superarse los 200-250 litros\/metro cuadrados, con intensidades torrenciales.<\/p>\n<p>   Con la llegada de la borrasca a Espa\u00f1a, las primeras precipitaciones llegan este s\u00e1bado por Galicia e intervalos de fuerte viento en \u00e1reas del sureste. Desde las primeras horas del \u00faltimo domingo de septiembre, las precipitaciones en forma de lluvia se desplazar\u00e1n desde el oeste al centro y este peninsular.<\/p>\n<p>    El organismo estatal advierte que en enclaves del oeste de Andaluc\u00eda y Extremadura se podr\u00edan dar chubascos de car\u00e1cter fuerte y en puntos de Arag\u00f3n, meseta sur, Catalu\u00f1a y Comunidad Valenciana, hasta en forma de granizo.<\/p>\n<p>   Por \u00faltimo, Aemet ha querido informar de la \u00abalta incertidumbre en la trayectoria de la borrasca\u00bb, por lo que se recomienda el seguimiento detallado de las actualizaciones de las predicciones y avisos durante las pr\u00f3ximas horas.<\/p>\n","protected":false},"excerpt":{"rendered":"Entre el lunes y martes, algunas zonas de la Comunidad Valenciana podr\u00e1n recibir hasta 250 litros\/m2 MADRID, 27&hellip;\n","protected":false},"author":2,"featured_media":142969,"comment_status":"","ping_status":"","sticky":false,"template":"","format":"standard","meta":{"footnotes":""},"categories":[5],"tags":[17,18,25,24,13,14,11,19,20,9,10,15,16,23,12,21,22],"class_list":{"0":"post-142968","1":"post","2":"type-post","3":"status-publish","4":"format-standard","5":"has-post-thumbnail","7":"category-titulares","8":"tag-breaking-news","9":"tag-breakingnews","10":"tag-es","11":"tag-espana","12":"tag-featured-news","13":"tag-featurednews","14":"tag-headlines","15":"tag-latest-news","16":"tag-latestnews","17":"tag-news","18":"tag-noticias","19":"tag-noticias-destacadas","20":"tag-noticiasdestacadas","21":"tag-spain","22":"tag-titulares","23":"tag-ultimas-noticias","24":"tag-ultimasnoticias"},"share_on_mastodon":{"url":"","error":""},"_links":{"self":[{"href":"https:\/\/www.europesays.com\/es\/wp-json\/wp\/v2\/posts\/142968","targetHints":{"allow":["GET"]}}],"collection":[{"href":"https:\/\/www.europesays.com\/es\/wp-json\/wp\/v2\/posts"}],"about":[{"href":"https:\/\/www.europesays.com\/es\/wp-json\/wp\/v2\/types\/post"}],"author":[{"embeddable":true,"href":"https:\/\/www.europesays.com\/es\/wp-json\/wp\/v2\/users\/2"}],"replies":[{"embeddable":true,"href":"https:\/\/www.europesays.com\/es\/wp-json\/wp\/v2\/comments?post=142968"}],"version-history":[{"count":0,"href":"https:\/\/www.europesays.com\/es\/wp-json\/wp\/v2\/posts\/142968\/revisions"}],"wp:featuredmedia":[{"embeddable":true,"href":"https:\/\/www.europesays.com\/es\/wp-json\/wp\/v2\/media\/142969"}],"wp:attachment":[{"href":"https:\/\/www.europesays.com\/es\/wp-json\/wp\/v2\/media?parent=142968"}],"wp:term":[{"taxonomy":"category","embeddable":true,"href":"https:\/\/www.europesays.com\/es\/wp-json\/wp\/v2\/categories?post=142968"},{"taxonomy":"post_tag","embeddable":true,"href":"https:\/\/www.europesays.com\/es\/wp-json\/wp\/v2\/tags?post=142968"}],"curies":[{"name":"wp","href":"https:\/\/api.w.org\/{rel}","templated":true}]}}