{"id":142982,"date":"2025-09-27T20:59:10","date_gmt":"2025-09-27T20:59:10","guid":{"rendered":"https:\/\/www.europesays.com\/es\/142982\/"},"modified":"2025-09-27T20:59:10","modified_gmt":"2025-09-27T20:59:10","slug":"antonio-munoz-exalcalde-de-sevilla-celebra-su-boda-con-el-escritor-fernando-repiso-tras-mas-de-30-anos-de-relacion","status":"publish","type":"post","link":"https:\/\/www.europesays.com\/es\/142982\/","title":{"rendered":"Antonio Mu\u00f1oz, exalcalde de Sevilla, celebra su boda con el escritor Fernando Repiso tras m\u00e1s de 30 a\u00f1os de relaci\u00f3n"},"content":{"rendered":"<p class=\"paragraph\" id=\"paragraph_1\">Este s\u00e1bado, el oto\u00f1o sevillano ha comenzado con una <strong>celebraci\u00f3n del amor<\/strong>. El exalcalde de Sevilla, y actual l\u00edder de la oposici\u00f3n municipal, <strong>Antonio Mu\u00f1oz <\/strong>(66 a\u00f1os), ha vuelto a dar el &#8216;s\u00ed, quiero&#8217; al escritor <strong>Fernando Repiso <\/strong>(54), con quien contrajo matrimonio civil en 2022.<\/p>\n<p class=\"paragraph\" id=\"paragraph_2\">Esta vez, <strong>la pareja ha querido compartir su uni\u00f3n con amigos<\/strong>,\u00a0<strong>familiares y compa\u00f1eros de vida<\/strong> en una ceremonia que ha tenido lugar en el <strong>Palacio de la Motilla<\/strong>, uno de los enclaves m\u00e1s emblem\u00e1ticos del centro hist\u00f3rico de la ciudad.<\/p>\n<p class=\"paragraph\" id=\"paragraph_3\">El edificio, de estilo historicista y gran valor patrimonial, ha sido testigo de grandes celebraciones a lo largo de las d\u00e9cadas, y recuper\u00f3 protagonismo durante la etapa de Mu\u00f1oz como regidor, cuando acogi\u00f3 eventos como los MTV <strong>Europe Music Awards<\/strong>.<\/p>\n<p><img loading=\"lazy\" decoding=\"async\" alt=\"Antonio Banderas y su hija, Stella del Carmen.\" height=\"180\" src=\"https:\/\/www.europesays.com\/es\/wp-content\/uploads\/2025\/09\/1003743792792_256239891_320x180.jpg\" width=\"320\" data-lazy-status=\"processed\" data-lazy-info=\"remove loading item 1\"\/><\/p>\n<p class=\"paragraph\" id=\"paragraph_4\">Tal y como avanza Diario de Sevilla, este s\u00e1bado, este emblem\u00e1tico enclave ha sido el escenario de una boda que ha reunido a m\u00e1s de <strong>200 invitados<\/strong>, entre ellos figuras destacadas de la pol\u00edtica, la cultura y el mundo empresarial.<\/p>\n<p class=\"paragraph\" id=\"paragraph_5\">La jornada ha comenzado con la <strong>llegada de los invitados al palacio<\/strong>, situado en la confluencia de las calles Lara\u00f1a y Cuna.<\/p>\n<p class=\"paragraph\" id=\"paragraph_6\">A las 12:30, Antonio y Fernando han descendido por la escalera principal, cogidos del brazo de sus respectivas hermanas, <strong>Concha Mu\u00f1oz<\/strong> y <strong>Ver\u00f3nica Repiso<\/strong>, que han lucido vestidos en rojo y verde, respectivamente.<\/p>\n<p class=\"paragraph\" id=\"paragraph_7\">Los novios, <strong>vestidos en blanco y negro<\/strong>, posaron sonrientes para la prensa, mostrando la complicidad y el afecto que los caracteriza. La ceremonia ha sido conducida por dos mujeres muy cercanas a la pareja.<\/p>\n<p><img decoding=\"async\" alt=\"Antonio y Fernando, en una foto de redes sociales.\" data-imgm=\"true\" height=\"180\" loading=\"lazy\"  src=\"https:\/\/www.europesays.com\/es\/wp-content\/uploads\/2025\/09\/1003743944182_259032305_1024x576.jpg\"  width=\"320\"\/><\/p>\n<p>                                                            Antonio y Fernando, en una foto de redes sociales.<\/p>\n<p class=\"paragraph\" id=\"paragraph_8\">Por un lado, <strong>Sonia Gaya<\/strong>, portavoz adjunta del PSOE en el Ayuntamiento, quien ya ofici\u00f3 su enlace civil en los juzgados. Por otro, la periodista\u00a0<strong>Mercedes de Pablo<\/strong>, que ha le\u00eddo textos de la poeta <strong>Victoria Le\u00f3n<\/strong>, una de las favoritas del matrimonio.<\/p>\n<p class=\"paragraph\" id=\"paragraph_9\">Mercedes, vestida con un conjunto de Valentino en tonos blanco y negro, <strong>ha comentado con humor que su atuendo recordaba al de las sacerdotisas anglicanas<\/strong>, como recoge el mencionado medio sevillano.<\/p>\n<p class=\"paragraph\" id=\"paragraph_10\">La decoraci\u00f3n floral, a cargo de la florister\u00eda La Galer\u00eda,<strong> ha convertido el patio central y las escaleras en un escenario de ensue\u00f1o<\/strong>. Las flores blancas y los centros con flor del para\u00edso aportaron un aire de sofisticaci\u00f3n y serenidad.<\/p>\n<p class=\"paragraph\" id=\"paragraph_11\">La m\u00fasica en directo, interpretada por un coro, ha a\u00f1adido<strong> solemnidad<\/strong> a la ceremonia, reforzando el car\u00e1cter emotivo del momento.<\/p>\n<p class=\"paragraph\" id=\"paragraph_12\">Pero m\u00e1s all\u00e1 de la est\u00e9tica, la pareja ha querido que su boda tuviera tambi\u00e9n un componente solidario, como apunta tambi\u00e9n Diario de Sevilla.<\/p>\n<p><img decoding=\"async\" alt=\"Fernando Repiso, en una imagen de sus redes.\" data-imgm=\"true\" height=\"1152\" loading=\"lazy\"  src=\"https:\/\/www.europesays.com\/es\/wp-content\/uploads\/2025\/09\/1003743944178_259032244_960x1706.jpg\"  width=\"648\"\/><\/p>\n<p>                                                            Fernando Repiso, en una imagen de sus redes.<\/p>\n<p class=\"paragraph\" id=\"paragraph_13\">A los asistentes se les entregaron pulseras rosas en apoyo a la lucha contra el c\u00e1ncer de mama, as\u00ed como recuerdos vinculados a la <strong>Fundaci\u00f3n Pasqual Maragall<\/strong>, dedicada a la investigaci\u00f3n del Alzh\u00e9imer, una causa con la que ambos est\u00e1n profundamente comprometidos.<\/p>\n<p class=\"paragraph\" id=\"paragraph_14\">Entre los asistentes se han encontrado figuras como <strong>Juan Espadas<\/strong>, exalcalde y secretario general del PSOE andaluz; el presidente de la Diputaci\u00f3n, <strong>Javier Fern\u00e1ndez<\/strong>; el teniente general <strong>Jos\u00e9 Rodr\u00edguez<\/strong>; y concejales como <strong>Juan Carlos Cabrera<\/strong>, <strong>Francisco P\u00e1ez<\/strong>, <strong>Encarnaci\u00f3n Aguilar<\/strong> y <strong>Myriam D\u00edaz<\/strong>.<\/p>\n<p class=\"paragraph\" id=\"paragraph_15\">Tambi\u00e9n han acudido personalidades del \u00e1mbito cultural y empresarial como <strong>Rosauro Varo<\/strong> (46), <strong>Laura Robles<\/strong>, <strong>Kike Sarasola<\/strong>, <strong>Carlos Telmo<\/strong>, <strong>Eva D\u00edaz P\u00e9rez<\/strong>, y la cantante <strong>Laura Gallego<\/strong>, acompa\u00f1ada por el productor Javier Esteban.<\/p>\n<p class=\"paragraph\" id=\"paragraph_16\">La fiesta, que se prolongar\u00e1 durante toda la jornada, ha sido concebida como <strong>una celebraci\u00f3n del amor y la amistad<\/strong>.<\/p>\n<p class=\"paragraph\" id=\"paragraph_17\">Antonio y Fernando, que <strong>llevan m\u00e1s de 30 a\u00f1os juntos<\/strong>, han querido compartir este momento con quienes han formado parte de su historia. \u00abYa nos casamos, ya hicimos nuestro viaje de novios a Jap\u00f3n, pero nos faltaba celebrarlo con los nuestros\u00bb, han comentado con emoci\u00f3n.<\/p>\n","protected":false},"excerpt":{"rendered":"Este s\u00e1bado, el oto\u00f1o sevillano ha comenzado con una celebraci\u00f3n del amor. El exalcalde de Sevilla, y actual&hellip;\n","protected":false},"author":2,"featured_media":142983,"comment_status":"","ping_status":"","sticky":false,"template":"","format":"standard","meta":{"footnotes":""},"categories":[174],"tags":[3164,255,146,147,25,24,256,10047,23],"class_list":{"0":"post-142982","1":"post","2":"type-post","3":"status-publish","4":"format-standard","5":"has-post-thumbnail","7":"category-famosos","8":"tag-bodas","9":"tag-celebrities","10":"tag-entertainment","11":"tag-entretenimiento","12":"tag-es","13":"tag-espana","14":"tag-famosos","15":"tag-sevilla-municipio","16":"tag-spain"},"share_on_mastodon":{"url":"","error":""},"_links":{"self":[{"href":"https:\/\/www.europesays.com\/es\/wp-json\/wp\/v2\/posts\/142982","targetHints":{"allow":["GET"]}}],"collection":[{"href":"https:\/\/www.europesays.com\/es\/wp-json\/wp\/v2\/posts"}],"about":[{"href":"https:\/\/www.europesays.com\/es\/wp-json\/wp\/v2\/types\/post"}],"author":[{"embeddable":true,"href":"https:\/\/www.europesays.com\/es\/wp-json\/wp\/v2\/users\/2"}],"replies":[{"embeddable":true,"href":"https:\/\/www.europesays.com\/es\/wp-json\/wp\/v2\/comments?post=142982"}],"version-history":[{"count":0,"href":"https:\/\/www.europesays.com\/es\/wp-json\/wp\/v2\/posts\/142982\/revisions"}],"wp:featuredmedia":[{"embeddable":true,"href":"https:\/\/www.europesays.com\/es\/wp-json\/wp\/v2\/media\/142983"}],"wp:attachment":[{"href":"https:\/\/www.europesays.com\/es\/wp-json\/wp\/v2\/media?parent=142982"}],"wp:term":[{"taxonomy":"category","embeddable":true,"href":"https:\/\/www.europesays.com\/es\/wp-json\/wp\/v2\/categories?post=142982"},{"taxonomy":"post_tag","embeddable":true,"href":"https:\/\/www.europesays.com\/es\/wp-json\/wp\/v2\/tags?post=142982"}],"curies":[{"name":"wp","href":"https:\/\/api.w.org\/{rel}","templated":true}]}}