{"id":142984,"date":"2025-09-27T21:01:09","date_gmt":"2025-09-27T21:01:09","guid":{"rendered":"https:\/\/www.europesays.com\/es\/142984\/"},"modified":"2025-09-27T21:01:09","modified_gmt":"2025-09-27T21:01:09","slug":"editable-una-mirada-nueva-sobre-el-libro-de-arte-para-impulsar-al-sector-mas-alla-de-la-ciudad-de-mexico","status":"publish","type":"post","link":"https:\/\/www.europesays.com\/es\/142984\/","title":{"rendered":"\u2018Editable\u2019, una mirada nueva sobre el libro de arte para impulsar al sector m\u00e1s all\u00e1 de la Ciudad de M\u00e9xico"},"content":{"rendered":"<p class=\"\">La cultura bulle en M\u00e9xico como nunca antes. En la capital del pa\u00eds latinoamericano abren ferias, galer\u00edas y editoriales por doquier, un impulso que tom\u00f3 fuerza tras la pandemia de la covid y que todav\u00eda no ha perdido fuelle. La Ciudad de M\u00e9xico se ha consolidado como<a href=\"https:\/\/elpais.com\/elviajero\/guia-el-viajero\/2024\/2024-03-09\/ciudad-de-mexico-el-ombligo-del-mundo.html\" target=\"_self\" rel=\"nofollow noopener\" title=\"https:\/\/elpais.com\/elviajero\/guia-el-viajero\/2024\/2024-03-09\/ciudad-de-mexico-el-ombligo-del-mundo.html\"> una de las capitales culturales del continente<\/a> junto con otro pu\u00f1ado de metr\u00f3polis, como S\u00e3o Paulo, entre las que cuesta colocar ciudades alejadas del meollo pol\u00edtico y social. Con ese panorama en la cabeza ha nacido Editable, una feria del libro de arte que busca romper las barreras geogr\u00e1ficas y que ha tomado Guadalajara como su anfitriona, reafirmando a esta ciudad del oeste mexicano como uno de los polos culturales del pa\u00eds fuera de la capital. El punto de encuentro, que cuenta con una selecci\u00f3n de 25 expositores de seis pa\u00edses, concluye su primera edici\u00f3n este domingo en el centro de arte contempor\u00e1neo Privada P\u00fablica, de acceso gratuito. <\/p>\n<p class=\"\">\u201cQueremos crear una plataforma que permita contrarrestar \u2014desde nuestra peque\u00f1a trinchera\u2014 el centralismo imperante del pa\u00eds en materia cultural, crear un di\u00e1logo entre proyectos locales de Guadalajara con sus pares de otras partes del pa\u00eds, o incluso del extranjero\u201d, explica en la nota de prensa distribuida por la feria Diego \u00c1vila, cofundador del proyecto junto con la gestora cultural Chelsea P\u00e9rez. \u201cEste a\u00f1o hubo un peque\u00f1o auge de las ferias de libro de artista independiente en la capital, y la ciudad pas\u00f3 de tener una o dos, a tener seis. Pero todo en la Ciudad de M\u00e9xico\u201d, completa al otro lado del tel\u00e9fono el historiador de la UNAM. <\/p>\n<p><img decoding=\"auto\" class=\"_re lazyload a_m-h\" height=\"276\"  width=\"414\"  src=\"https:\/\/www.europesays.com\/es\/wp-content\/uploads\/2025\/09\/AD5UG4N5CVCNBJPZIXOT2UA7DE.jpeg\" loading=\"lazy\"\/>Asistentes a la feria &#8216;Editable&#8217;.Martha Arriaga (Editable M\u00e9xico)<\/p>\n<p class=\"\">La apuesta de largo aliento es conseguir \u201corganizar un calendario\u201d que coordine los distintos encuentros en la regi\u00f3n y que permita aprovechar los desplazamientos internacionales, una idea, dice, que le surgi\u00f3 de su \u00faltimo viaje a Asia. \u201cEs incre\u00edble, porque todas las ferias se ponen de acuerdo. Un fin de semana es la de Taipei, al fin de semana siguiente es la de Tokio, al siguiente la de Singapur\u201d, enumera. Eso favorece que la afluencia llegue tambi\u00e9n a otros lugares, sorteando el mayor miedo de cualquier proyecto nuevo: que nadie acuda a visitarlo.<\/p>\n<p class=\"\">En el encuentro tapat\u00edo participan instituciones como el MUAC y la Fundaci\u00f3n Jumex, <a href=\"https:\/\/elpais.com\/cultura\/2014\/02\/26\/actualidad\/1393387545_010019.html\" target=\"_self\" rel=\"nofollow noopener\" title=\"https:\/\/elpais.com\/cultura\/2014\/02\/26\/actualidad\/1393387545_010019.html\">fuertes referencias del arte contempor\u00e1neo <\/a>en el continente. Tambi\u00e9n editoriales internacionales como Lars M\u00fcller Publishers, de Z\u00farich, Columbia Books on Architecture and the City, de Nueva York, u Onomatopee y Set Margins\u2019, de Eindhoven, en Pa\u00edses Bajos. Entre las casas editoriales mexicanas se encuentran Alias, Can Can Press, Gato Negro y Archiva Fantasma, entre otras, a las que se suman las locales Momogdl, Volc\u00e1n Press y Ediciones Creativas de Occidente. Alejandro Cegarra destaca entre la apuesta fotogr\u00e1fica.<\/p>\n<p><img decoding=\"auto\" class=\"_re lazyload a_m-h\" height=\"276\"  width=\"414\"  src=\"https:\/\/www.europesays.com\/es\/wp-content\/uploads\/2025\/09\/ZMOWHYCLMNGWHI6MXYIOFIUU7U.jpeg\" loading=\"lazy\"\/>La feria se realiz\u00f3 del 25 al 28 de septiembre.Martha Arriaga (Editable M\u00e9xico)<\/p>\n<p class=\"\">El programa est\u00e1 compuesto de siete actividades, que incluyen una conversaci\u00f3n entre el curador e investigador Antonio Velazco y el curador Miguel Arelis sobre la reproducci\u00f3n de elementos gr\u00e1ficos de las artes populares de Jalisco; una proyecci\u00f3n de la pieza audiovisual \u2018Las Lectoras\u2019, de la artista Athenea Papacostas; y un escaneo p\u00fablico de ombligos por las artistas Mar\u00eda Jos\u00e9 Cassaza y Athenea Papacostas, entre otras.<\/p>\n<p class=\"\">Tambi\u00e9n en la apuesta por lo art\u00edstico hay una intenci\u00f3n por romper barreras. \u201cLos libros de arte son lo suficientemente ambiguos para que podamos cobijar o apelar a diferentes p\u00fablicos\u201d, apunta \u00c1vila: \u201cAbre posibilidades a otros modos de lectura, a otros modos de hacer libros\u201d. Este proyecto completa la oferta cultural de una muy viva Guadalajara que, adem\u00e1s de destacar por su universidad, hospeda cada a\u00f1o la feria internacional del libro m\u00e1s importante en espa\u00f1ol, la llamada FIL, que en la pr\u00f3xima convocatoria <a href=\"https:\/\/elpais.com\/cultura\/2025-06-25\/una-barcelona-literaria-actualizada-se-exhibira-como-invitada-de-honor-en-la-feria-del-libro-de-guadalajara.html\" target=\"_self\" rel=\"nofollow noopener\" title=\"https:\/\/elpais.com\/cultura\/2025-06-25\/una-barcelona-literaria-actualizada-se-exhibira-como-invitada-de-honor-en-la-feria-del-libro-de-guadalajara.html\">tendr\u00e1 como invitada de honor a la ciudad de Barcelona<\/a>. Se habla mucho del M\u00e9xico de las artesan\u00edas y la cultura tradicional, concluye Diego \u00c1vila, pero tambi\u00e9n est\u00e1 el M\u00e9xico del arte contempor\u00e1neo, que sit\u00faa al pa\u00eds en la vanguardia del continente. A ese otro M\u00e9xico se dirige este nuevo espacio.<\/p>\n","protected":false},"excerpt":{"rendered":"La cultura bulle en M\u00e9xico como nunca antes. En la capital del pa\u00eds latinoamericano abren ferias, galer\u00edas y&hellip;\n","protected":false},"author":2,"featured_media":142985,"comment_status":"","ping_status":"","sticky":false,"template":"","format":"standard","meta":{"footnotes":""},"categories":[172],"tags":[889,2875,505,224,27959,209,146,147,25,24,44274,44273,1804,225,1906,3873,23],"class_list":{"0":"post-142984","1":"post","2":"type-post","3":"status-publish","4":"format-standard","5":"has-post-thumbnail","7":"category-libros","8":"tag-america","9":"tag-arte-contemporaneo","10":"tag-artistas","11":"tag-books","12":"tag-ciudad-de-mexico","13":"tag-cultura","14":"tag-entertainment","15":"tag-entretenimiento","16":"tag-es","17":"tag-espana","18":"tag-fil-guadalajara","19":"tag-guadalajara-mexico","20":"tag-latinoamerica","21":"tag-libros","22":"tag-mexico","23":"tag-museos","24":"tag-spain"},"share_on_mastodon":{"url":"","error":""},"_links":{"self":[{"href":"https:\/\/www.europesays.com\/es\/wp-json\/wp\/v2\/posts\/142984","targetHints":{"allow":["GET"]}}],"collection":[{"href":"https:\/\/www.europesays.com\/es\/wp-json\/wp\/v2\/posts"}],"about":[{"href":"https:\/\/www.europesays.com\/es\/wp-json\/wp\/v2\/types\/post"}],"author":[{"embeddable":true,"href":"https:\/\/www.europesays.com\/es\/wp-json\/wp\/v2\/users\/2"}],"replies":[{"embeddable":true,"href":"https:\/\/www.europesays.com\/es\/wp-json\/wp\/v2\/comments?post=142984"}],"version-history":[{"count":0,"href":"https:\/\/www.europesays.com\/es\/wp-json\/wp\/v2\/posts\/142984\/revisions"}],"wp:featuredmedia":[{"embeddable":true,"href":"https:\/\/www.europesays.com\/es\/wp-json\/wp\/v2\/media\/142985"}],"wp:attachment":[{"href":"https:\/\/www.europesays.com\/es\/wp-json\/wp\/v2\/media?parent=142984"}],"wp:term":[{"taxonomy":"category","embeddable":true,"href":"https:\/\/www.europesays.com\/es\/wp-json\/wp\/v2\/categories?post=142984"},{"taxonomy":"post_tag","embeddable":true,"href":"https:\/\/www.europesays.com\/es\/wp-json\/wp\/v2\/tags?post=142984"}],"curies":[{"name":"wp","href":"https:\/\/api.w.org\/{rel}","templated":true}]}}