{"id":142988,"date":"2025-09-27T21:04:08","date_gmt":"2025-09-27T21:04:08","guid":{"rendered":"https:\/\/www.europesays.com\/es\/142988\/"},"modified":"2025-09-27T21:04:08","modified_gmt":"2025-09-27T21:04:08","slug":"training-day-star-wars-en-zaragoza-desfile-solidario-y-galactico","status":"publish","type":"post","link":"https:\/\/www.europesays.com\/es\/142988\/","title":{"rendered":"Training Day Star Wars en Zaragoza: desfile solidario y gal\u00e1ctico"},"content":{"rendered":"<p>El centro de <a target=\"_blank\" data-generated=\"auto\" href=\"https:\/\/www.aragondigital.es\/seccion\/zaragoza\/\" rel=\"nofollow noopener\">Zaragoza<\/a> se ha transformado esta tarde en un escenario sacado directamente de otra galaxia. M\u00e1s de 1.000 aficionados a <strong>Star Wars<\/strong> han llenado las calles del casco antiguo y parte de la margen izquierda de la ciudad con<strong> trajes, sables de luz y robots<\/strong>, transportando a los zaragozanos a una galaxia muy, muy lejana. La<strong> XV edici\u00f3n del <a target=\"_blank\" href=\"https:\/\/www.aragondigital.es\/articulo\/cultura\/personajes-star-wars-desfilaran-zaragoza-que-es-training-day-cuando-celebra\/20250922121500943230.html\" rel=\"nofollow noopener\">Training Day<\/a><\/strong>, organizada por la <strong>Legi\u00f3n 501 \u2013 Spanish Garrison<\/strong>, ha reunido a seguidores de toda <a target=\"_blank\" data-generated=\"auto\" href=\"https:\/\/www.aragondigital.es\/blog\/section\/espana\/\" rel=\"nofollow noopener\">Espa\u00f1a<\/a> en un desfile \u00fanico que combina espect\u00e1culo, cultura y solidaridad y que, sin duda, <strong>ha convencido al p\u00fablico ma\u00f1o.<\/strong><\/p>\n<p>El desfile ha comenzado a las 17.30 horas en el <strong>CEIP C\u00e1ndido Domingo<\/strong>, con la comitiva recorriendo el Puente de Piedra, calle Don Jaime, Coso, Plaza Espa\u00f1a, calle Alfonso y la <strong>Plaza del Pilar<\/strong>, donde se ha realizado una foto de grupo con todos los participantes. El regreso se ha efectuado por <strong>Echegaray y Caballero<\/strong>, cruzando de nuevo el Puente de Piedra hasta el cuartel general, dejando un rastro de m\u00fasica, color y entusiasmo por todo el centro de Zaragoza.<\/p>\n<p>UN EVENTO SOLIDARIO CON H\u00c9ROES Y VILLANOS<\/p>\n<p>La cita no solo ha sido un espect\u00e1culo visual, y la <strong>Legi\u00f3n 501<\/strong>, que representa a los villanos de la exitosa saga de George Lucas, junto a la <strong>Rebel Legi\u00f3n, los Mando Mercs y Astromech<\/strong>, ha realizado actividades ben\u00e9ficas en colaboraci\u00f3n con <strong>Aspanoa<\/strong>, Somos Pera y 4 Gatos y T\u00fa, apoyando causas sociales y la protecci\u00f3n animal. La alcaldesa <a target=\"_blank\" data-generated=\"auto\" href=\"https:\/\/www.aragondigital.es\/tags\/natalia-chueca\" rel=\"nofollow noopener\">Natalia Chueca<\/a>, presente en el CEIP C\u00e1ndido Domingo, ha destacado que \u201ceste desfile combina el disfrute con la solidaridad y demuestra que Zaragoza es capaz de atraer <strong>eventos singulares y de calidad, generando cultura, ocio y actividad econ\u00f3mica\u201d.<\/strong><\/p>\n<p>La participaci\u00f3n incluye<strong> 200 m\u00fasicos y 300 colaboradores<\/strong>, acompa\u00f1ando con versiones de la m\u00fasica de la saga y reforzando el car\u00e1cter festivo del evento. Personajes como <strong>Chewbacca, Obi-Wan Kenobi, Luke Skywalker, Darth Vader, Yoda o Palpatine<\/strong> han desfilado entre la multitud, muchos de ellos participando por primera vez en Zaragoza.<\/p>\n<p>OCUPACI\u00d3N HOTELERA QUE ROZA EL 75%<\/p>\n<p>El Centro de Historias acoge la <strong>exposici\u00f3n \u201cLegi\u00f3n 501. Un imperio solidario\u201d,<\/strong> que permite ver de cerca los trajes y accesorios de la organizaci\u00f3n, reproducciones de Jabba el Hutt, la cabina del Halc\u00f3n Milenario y r\u00e9plicas de cascos y sables de luz. Entre las piezas m\u00e1s destacadas se encuentra un casco de soldado <strong>clon firmado por Diego Luna<\/strong>, protagonista de la serie Andor.<\/p>\n<p>El <strong>Mobility City<\/strong> tambi\u00e9n ha decidido poner su granito de arena para que Zaragoza contin\u00fae siendo la capital del universo gal\u00e1ctico con <a target=\"_blank\" href=\"https:\/\/www.aragondigital.es\/articulo\/cultura\/zaragoza-acoge-varias-piezas-originales-star-wars-mobility-city-viaja-mas-alla-galaxia\/20250926150628944086.html\" rel=\"nofollow noopener\"><strong>\u201cM\u00e1s all\u00e1 de la galaxia\u201d<\/strong><\/a>, otra exposici\u00f3n tem\u00e1tica sobre la Guerra de la Galaxias donde podr\u00e1n ver objetos y trajes \u00fanicos de la saga hasta el 25 de enero.<\/p>\n<p>Este viernes se celebr\u00f3 un photocall solidario y un concierto en la Plaza del Pilar, reforzando la vertiente solidaria del evento. Chueca tambi\u00e9n ha dado a conocer que la ciudad ha registrado una <strong>ocupaci\u00f3n hotelera que roza el 75%, un 15% m\u00e1s que en un fin de semana habitual,<\/strong> \u201cgracias a la atracci\u00f3n de eventos de este tipo\u201d.<\/p>\n<p>CHUECA: \u201cBUSCAMOS PROPUESTAS ORIGINALES Y QUE SEAN POPULARES\u201d<\/p>\n<p>La alcaldesa ha insistido en que \u201cel p\u00fablico zaragozano es un pueblo que disfruta de la calle y la cultura, y cuando se ofrecen <strong>propuestas originales y de calidad, el \u00e9xito est\u00e1 asegurado\u201d, <\/strong>resaltando la estrategia de Zaragoza Cultural de organizar actividades que integran entretenimiento, turismo y solidaridad. La alcaldesa ha asociado el \u00e9xito de propuestas como la de hoy a \u201cla oferta de calidad e interesante\u201d, insistiendo en que desde el consistorio buscan varias que vayan <strong>\u201cdesde perfiles concretos a la gran mayor\u00eda\u201d pero siempre \u201coriginal y popular\u201d.<\/strong><\/p>\n<p>\u201cHoy le toca a los aficionados a Stars Wars, <strong>otro d\u00eda a los amantes de la m\u00fasica cl\u00e1sica, tambi\u00e9n a los apasionados de la m\u00fasica latina, vamos cambiando de tem\u00e1ticas\u201d,<\/strong> ha se\u00f1alado Natalia Chueca. Y es que la cita de hoy ha consolidado a Zaragoza como referente para eventos tem\u00e1ticos internacionales, con un despliegue que ha superado las expectativas de participantes y asistentes, y que convierte las calles de la capital aragonesa en un espect\u00e1culo <strong>digno de cualquier pel\u00edcula de la saga.<\/strong><\/p>\n","protected":false},"excerpt":{"rendered":"El centro de Zaragoza se ha transformado esta tarde en un escenario sacado directamente de otra galaxia. M\u00e1s&hellip;\n","protected":false},"author":2,"featured_media":142989,"comment_status":"","ping_status":"","sticky":false,"template":"","format":"standard","meta":{"footnotes":""},"categories":[169],"tags":[177,209,43412,146,147,25,24,176,175,30874,338,23,491],"class_list":{"0":"post-142988","1":"post","2":"type-post","3":"status-publish","4":"format-standard","5":"has-post-thumbnail","7":"category-cine","8":"tag-cine","9":"tag-cultura","10":"tag-desfile","11":"tag-entertainment","12":"tag-entretenimiento","13":"tag-es","14":"tag-espana","15":"tag-film","16":"tag-movies","17":"tag-planes-zaragoza","18":"tag-portada","19":"tag-spain","20":"tag-zaragoza"},"share_on_mastodon":{"url":"","error":""},"_links":{"self":[{"href":"https:\/\/www.europesays.com\/es\/wp-json\/wp\/v2\/posts\/142988","targetHints":{"allow":["GET"]}}],"collection":[{"href":"https:\/\/www.europesays.com\/es\/wp-json\/wp\/v2\/posts"}],"about":[{"href":"https:\/\/www.europesays.com\/es\/wp-json\/wp\/v2\/types\/post"}],"author":[{"embeddable":true,"href":"https:\/\/www.europesays.com\/es\/wp-json\/wp\/v2\/users\/2"}],"replies":[{"embeddable":true,"href":"https:\/\/www.europesays.com\/es\/wp-json\/wp\/v2\/comments?post=142988"}],"version-history":[{"count":0,"href":"https:\/\/www.europesays.com\/es\/wp-json\/wp\/v2\/posts\/142988\/revisions"}],"wp:featuredmedia":[{"embeddable":true,"href":"https:\/\/www.europesays.com\/es\/wp-json\/wp\/v2\/media\/142989"}],"wp:attachment":[{"href":"https:\/\/www.europesays.com\/es\/wp-json\/wp\/v2\/media?parent=142988"}],"wp:term":[{"taxonomy":"category","embeddable":true,"href":"https:\/\/www.europesays.com\/es\/wp-json\/wp\/v2\/categories?post=142988"},{"taxonomy":"post_tag","embeddable":true,"href":"https:\/\/www.europesays.com\/es\/wp-json\/wp\/v2\/tags?post=142988"}],"curies":[{"name":"wp","href":"https:\/\/api.w.org\/{rel}","templated":true}]}}