{"id":143004,"date":"2025-09-27T21:13:07","date_gmt":"2025-09-27T21:13:07","guid":{"rendered":"https:\/\/www.europesays.com\/es\/143004\/"},"modified":"2025-09-27T21:13:07","modified_gmt":"2025-09-27T21:13:07","slug":"balonmano-femenino-adesal-cordoba-division-de-honor-oro","status":"publish","type":"post","link":"https:\/\/www.europesays.com\/es\/143004\/","title":{"rendered":"BALONMANO FEMENINO ADESAL C\u00d3RDOBA DIVISI\u00d3N DE HONOR ORO"},"content":{"rendered":"<p class=\"ft-text\">El <a class=\"ft-link ft-link--decoration\" href=\"https:\/\/www.diariocordoba.com\/tags\/adesal-cordoba\/\" rel=\"nofollow noopener\" target=\"_blank\">Rahi-Sepisur Adesal C\u00f3rdoba<\/a> de balonmano ha abierto la temporada 2025-2026 con una sonrisa en La Fuensanta. El conjunto dirigido por <strong>Rafa Moreno<\/strong> se impuso al <strong>Lanzarote Puerto del Carmen con un marcador de 30-22<\/strong>, firmando un estreno solvente en casa que le permite sumar los dos primeros puntos del curso y arrancar con confianza su nueva andadura.<\/p>\n<p class=\"ft-text\">El choque no fue sencillo y mantuvo la tensi\u00f3n durante buena parte del mismo, pero las cordobesas supieron inclinar la balanza frente al rocoso cuadro canario. El arranque fue ajustado, aunque el partido deriv\u00f3 en la superiordad andaluza,<strong> hasta terminar con una diferencia de ocho tantos que reflej\u00f3 la superioridad del combinado local <\/strong>durante pr\u00e1cticamente toda la segunda mitad y el tramo final.<\/p>\n<p class=\"ft-text\">Se trata del segundo curso consecutivo del club <strong>en la Divisi\u00f3n de Honor Oro, un reto que afronta con la ambici\u00f3n de consolidar su presencia en la categor\u00eda.<\/strong> Y no hay mejor manera de comenzar ese camino que con una victoria en casa, ante su afici\u00f3n y mostrando argumentos competitivos.<\/p>\n","protected":false},"excerpt":{"rendered":"El Rahi-Sepisur Adesal C\u00f3rdoba de balonmano ha abierto la temporada 2025-2026 con una sonrisa en La Fuensanta. El&hellip;\n","protected":false},"author":2,"featured_media":143005,"comment_status":"","ping_status":"","sticky":false,"template":"","format":"standard","meta":{"footnotes":""},"categories":[278],"tags":[1128,44277,376,2760,168,25,24,375,6562,6563,23,167],"class_list":{"0":"post-143004","1":"post","2":"type-post","3":"status-publish","4":"format-standard","5":"has-post-thumbnail","7":"category-balonmano","8":"tag-adesal","9":"tag-adesal-cordoba","10":"tag-balonmano","11":"tag-cordoba","12":"tag-deportes","13":"tag-es","14":"tag-espana","15":"tag-handball","16":"tag-rahi","17":"tag-sepisur","18":"tag-spain","19":"tag-sports"},"share_on_mastodon":{"url":"","error":""},"_links":{"self":[{"href":"https:\/\/www.europesays.com\/es\/wp-json\/wp\/v2\/posts\/143004","targetHints":{"allow":["GET"]}}],"collection":[{"href":"https:\/\/www.europesays.com\/es\/wp-json\/wp\/v2\/posts"}],"about":[{"href":"https:\/\/www.europesays.com\/es\/wp-json\/wp\/v2\/types\/post"}],"author":[{"embeddable":true,"href":"https:\/\/www.europesays.com\/es\/wp-json\/wp\/v2\/users\/2"}],"replies":[{"embeddable":true,"href":"https:\/\/www.europesays.com\/es\/wp-json\/wp\/v2\/comments?post=143004"}],"version-history":[{"count":0,"href":"https:\/\/www.europesays.com\/es\/wp-json\/wp\/v2\/posts\/143004\/revisions"}],"wp:featuredmedia":[{"embeddable":true,"href":"https:\/\/www.europesays.com\/es\/wp-json\/wp\/v2\/media\/143005"}],"wp:attachment":[{"href":"https:\/\/www.europesays.com\/es\/wp-json\/wp\/v2\/media?parent=143004"}],"wp:term":[{"taxonomy":"category","embeddable":true,"href":"https:\/\/www.europesays.com\/es\/wp-json\/wp\/v2\/categories?post=143004"},{"taxonomy":"post_tag","embeddable":true,"href":"https:\/\/www.europesays.com\/es\/wp-json\/wp\/v2\/tags?post=143004"}],"curies":[{"name":"wp","href":"https:\/\/api.w.org\/{rel}","templated":true}]}}