{"id":143006,"date":"2025-09-27T21:14:08","date_gmt":"2025-09-27T21:14:08","guid":{"rendered":"https:\/\/www.europesays.com\/es\/143006\/"},"modified":"2025-09-27T21:14:08","modified_gmt":"2025-09-27T21:14:08","slug":"daniel-luque-sublima-el-temple-antes-del-choque-de-trenes","status":"publish","type":"post","link":"https:\/\/www.europesays.com\/es\/143006\/","title":{"rendered":"Daniel Luque sublima el temple antes del choque de trenes"},"content":{"rendered":"<p style=\"\">Era 27 de septiembre solo porque el calendario as\u00ed lo fechaba, pero la ma\u00f1ana fue de 27 de abril. Con el sol derritiendo los puentes, con el Guadalquivir como una cuchara de plata, con las calles colmadas de color, de alegr\u00eda y de clavel revent\u00f3n  &#8230; en la solapa de los caballeros y en el pelo de las guapas. Por Rep\u00fablica Argentina caminaba la chavaler\u00eda en direcci\u00f3n a la Maestranza. Hab\u00edan comprado dos d\u00e9cimos a la lotera de la suerte, la de los tres millones, la de la administraci\u00f3n que so\u00f1aba con el Gordo. Ya en los alrededores de la plaza, el m\u00e1s espabilado pregunt\u00f3 a dos reventas si ten\u00edan entradas a buen precio para &#8216;la de Morante y Roca, la de Roca y Morante&#8217;. Entre todo lo recaudado \u2013unos pon\u00edan un billete rosado y otros el azul\u2013 sumaron para una sola entrada de doscientos y pico euros. Y junto a una torera estatua se echaron a suerte su \u00fanica carta. Solo uno entrar\u00e1 este domingo, como solo a uno le tocaron los tres millones de la Bonoloto, mientras los dem\u00e1s se quedar\u00e1n esperando en la Puerta del Pr\u00edncipe. \u00ab\u00a1M\u00eda!\u00bb, se oy\u00f3. Eran las dos del mediod\u00eda y el calor apretaba. <\/p>\n<p class=\"voc-p\" style=\"\">Una inc\u00f3moda brisa se levant\u00f3 por la tarde: desagradable para los toreros, pues el p\u00fablico estaba en la gloria. Y gloria dio ver a Daniel Luque, impecable de principio a fin, exprimiendo hasta la \u00faltima gota de miel de la colmena de su lote. Sin m\u00e1cula ni tacha, entendiendo perfecto a los toros de Garcigrande \u2013una corrida de la que se esperaba m\u00e1s, aunque el lote del sevillano tuvo, a la postre, bastante que torear\u2013, con el reconocimiento de la verdadera afici\u00f3n y los profesionales. <\/p>\n<p class=\"voc-p\" style=\"\"><strong>La clase de Olvidado<\/strong><\/p>\n<p class=\"voc-p\" style=\"\">Suya fue la \u00fanica oreja de un quinto por el que pocos apostaban. Campera hab\u00eda sido la lidia, con dos lances al ralent\u00ed que pasaron inadvertidos. A estas alturas el hartazgo se apoderaba del tendido: suelto hab\u00eda salido Olvidado y, para colmo, flojeaba. Sonaron las palmas de tango de quienes ped\u00edan su devoluci\u00f3n, pero el palco lo mantuvo. Aunque realmente lo sostendr\u00eda el de Gerena, que se invent\u00f3 una se\u00f1ora faena en la que sublim\u00f3 el temple. Directo al cuerpo se le fue en el primer pase, pero Luque era conocedor de todas las teclas que hab\u00eda que aplicar al de Justo Hern\u00e1ndez. Qu\u00e9 bien lo entendi\u00f3, potenciando virtudes y tapando defectos. Para afianzar la embestida zurda, la de la clase. Era imposible que el toro claudicara con esa muleta de sabias alturas (la media), de naturales que brotaban como perezas. Hasta el punto de que son\u00f3 la m\u00fasica, pero el propio torero la mand\u00f3 callar: hay cosas que es mejor vivir en silencio. Con una paciencia infinita \u2013qu\u00e9 importante es\u2013 desgran\u00f3 monumentos con la zocata. A c\u00e1mara lenta, desmayado, reunido, torer\u00edsimo. A pies juntos murieron los \u00faltimos, esos que extra\u00edan al completo el fondo de superclase del toro charro, que no a todos hubiese servido. La petici\u00f3n no ser\u00eda mayor que la que hab\u00eda aflorado para Borja Jim\u00e9nez, pero esta vez el presidente s\u00ed concedi\u00f3 el trofeo ya con Olvidado en el arrastre. Hubo divisi\u00f3n de opiniones entre los que se preguntaban por qu\u00e9 a uno s\u00ed y a otro no&#8230; La realidad es que la tarde llev\u00f3 el apellido de Luque.<\/p>\n<p class=\"voc-p\" style=\"\">Ojo a su faena al segundo, en el que \u00fanicamente el descabello le priv\u00f3 de una merecida recompensa. Serio y con remate, frenado en ese capote que esculpi\u00f3 una bonita media. Aplaudieron la forma de echar el palo del Patilla mientras el garcigrande acud\u00eda con brava alegr\u00eda, as\u00ed como el quite luquista, con la r\u00e9plica de unas apretadas chicuelinas de Jim\u00e9nez. Se desmonter\u00f3 Caricol en los palos y lo propio hizo Luque para brindar a los repletos tendidos. Sabio e intenso el comienzo para sacarlo de las tablas. Y la derecha presentada, aliviando por arriba el final de Brioso y con un embroque m\u00e1s a rastras. Hubo un cambio de mano de antolog\u00eda, de esos que a\u00fan duran, cosido a uno de pecho y al gui\u00f1o de un desd\u00e9n. Se venc\u00eda algo por el zurdo y regres\u00f3 al otro lado, con un pectoral de pit\u00f3n a rabo, barriendo el lomo. Antiest\u00e9ticas las luquecinas, pero el p\u00fablico berreaba: la tendida colocaci\u00f3n del acero disip\u00f3 el premio. <\/p>\n<p class=\"voc-p\" style=\"\"><strong>Vuelta al ruedo de Jim\u00e9nez<\/strong><\/p>\n<p class=\"voc-p\" style=\"\">Nones dijo el us\u00eda para Borja Jim\u00e9nez frente a Arrocero, un animal complejo que embest\u00eda a saltos y que a punto estuvo de derribar al piquero cuando estamp\u00f3 el peto contra las tablas. No pareci\u00f3 ese inicio pendular el m\u00e1s acertado, aunque s\u00ed atrap\u00f3 a los tendidos antes de hilvanar muletazos sobre una baldosa, girando sobre s\u00ed mismo. Una movilidad rebrincada acompa\u00f1aba al garcigrande, de bonitas hechuras. El de Espartinas, muy dispuesto, empalm\u00f3 muletazos con aplomo, pero sin poder hallar la vistosidad del acople, amontonado por momentos. Cuando Arrocero cant\u00f3 la gallina, con listeza se march\u00f3 a por la espada. Fulminante, de esas que otrora val\u00edan una oreja. Sin embargo, la pa\u00f1olada fue invisible para el que ten\u00eda que contarla y todo qued\u00f3 en vuelta al ruedo. No pudo remontar con el deslucido sexto. <\/p>\n<p class=\"voc-p\" style=\"\">Ambiente de hartazgo se percibi\u00f3 con Talavante frente a toros sin apenas vida con los que pas\u00f3 de puntillas, pese a querer lucir su izquierda. A la salida se hablaba ya de lo de hoy, del choque de trenes con dos titanes a bordo, del encontronazo entre Morante de la Puebla y Roca Rey.<\/p>\n<ul class=\"voc-list\">\n<li class=\"voc-list__item\">\n<strong>Real Maestranza de Sevilla.<\/strong><br \/>\nS\u00e1bado, 27 de septiembre de 2025. Segunda corrida. Cartel de &#8216;No hay billetes&#8217;. Toros de Garcigrande, desiguales, con cosas de bravo el 2\u00ba y con un pit\u00f3n zurdo de clase el 5\u00ba\n<\/li>\n<li class=\"voc-list__item\">\n<strong>Alejandro Talavante,<\/strong><br \/>\nde pistacho y oro: estocada(silencio); estocada trasera tendida (silencio).\n<\/li>\n<li class=\"voc-list__item\">\n<strong>Daniel Luque,<\/strong><br \/>\nde azul marino y oro: estocada tendida y dos descabellos (saludos tras aviso); estocada corta (oreja con divisi\u00f3n).\n<\/li>\n<li class=\"voc-list__item\">\n<strong>Borja Jim\u00e9nez,<\/strong><br \/>\nde vis\u00f3n y plata: estocada fulminante (petici\u00f3n, vuelta al ruedo y bronca al presidente); estocada (ovaci\u00f3n de despedida).\n<\/li>\n<\/ul>\n","protected":false},"excerpt":{"rendered":"Era 27 de septiembre solo porque el calendario as\u00ed lo fechaba, pero la ma\u00f1ana fue de 27 de&hellip;\n","protected":false},"author":2,"featured_media":143007,"comment_status":"","ping_status":"","sticky":false,"template":"","format":"standard","meta":{"footnotes":""},"categories":[277],"tags":[373,168,25,24,3397,1171,23,167,374,444],"class_list":{"0":"post-143006","1":"post","2":"type-post","3":"status-publish","4":"format-standard","5":"has-post-thumbnail","7":"category-toreo","8":"tag-bullfighting","9":"tag-deportes","10":"tag-es","11":"tag-espana","12":"tag-sabado","13":"tag-sevilla","14":"tag-spain","15":"tag-sports","16":"tag-toreo","17":"tag-toros"},"share_on_mastodon":{"url":"","error":""},"_links":{"self":[{"href":"https:\/\/www.europesays.com\/es\/wp-json\/wp\/v2\/posts\/143006","targetHints":{"allow":["GET"]}}],"collection":[{"href":"https:\/\/www.europesays.com\/es\/wp-json\/wp\/v2\/posts"}],"about":[{"href":"https:\/\/www.europesays.com\/es\/wp-json\/wp\/v2\/types\/post"}],"author":[{"embeddable":true,"href":"https:\/\/www.europesays.com\/es\/wp-json\/wp\/v2\/users\/2"}],"replies":[{"embeddable":true,"href":"https:\/\/www.europesays.com\/es\/wp-json\/wp\/v2\/comments?post=143006"}],"version-history":[{"count":0,"href":"https:\/\/www.europesays.com\/es\/wp-json\/wp\/v2\/posts\/143006\/revisions"}],"wp:featuredmedia":[{"embeddable":true,"href":"https:\/\/www.europesays.com\/es\/wp-json\/wp\/v2\/media\/143007"}],"wp:attachment":[{"href":"https:\/\/www.europesays.com\/es\/wp-json\/wp\/v2\/media?parent=143006"}],"wp:term":[{"taxonomy":"category","embeddable":true,"href":"https:\/\/www.europesays.com\/es\/wp-json\/wp\/v2\/categories?post=143006"},{"taxonomy":"post_tag","embeddable":true,"href":"https:\/\/www.europesays.com\/es\/wp-json\/wp\/v2\/tags?post=143006"}],"curies":[{"name":"wp","href":"https:\/\/api.w.org\/{rel}","templated":true}]}}