{"id":143010,"date":"2025-09-27T21:18:12","date_gmt":"2025-09-27T21:18:12","guid":{"rendered":"https:\/\/www.europesays.com\/es\/143010\/"},"modified":"2025-09-27T21:18:12","modified_gmt":"2025-09-27T21:18:12","slug":"paula-ostiz-taco-pura-sabiduria-se-proclama-en-ruanda-campeona-del-mundo-junior-de-ciclismo-ciclismo-deportes","status":"publish","type":"post","link":"https:\/\/www.europesays.com\/es\/143010\/","title":{"rendered":"Paula Ostiz Taco, pura sabidur\u00eda, se proclama en Ruanda campeona del mundo j\u00fanior de ciclismo | Ciclismo | Deportes"},"content":{"rendered":"<p class=\"\">Setenta y tres kil\u00f3metros y un poco m\u00e1s de desgaste y 150 metros de explosi\u00f3n. Con la paciencia de una ara\u00f1a vieja que desdice sus 18 a\u00f1os fogosos y la determinaci\u00f3n de un mosquito que se lanza en picado sobre su objetivo, <a href=\"\" rel=\"\" title=\"\">Paula Ostiz, alcanz\u00f3 el arco\u00edris de la carrera j\u00fanior.<\/a> Es un sprint a cinco despu\u00e9s de superar el muro de Kimihurura, adoquines irregulares en el barrio de las embajadas de Kigali, campos de golf y colinas verdes, Paula, o Paulita, como la llaman, es el diablo sobre ruedas. Dos italianas, una suiza, una canadiense y una navarra de Orkoien que juega con todas. Todas nerviosas, ella tranquila. Veterana. Experta. 18 a\u00f1os como todas, pero una sabidur\u00eda que ya asom\u00f3 un a\u00f1o antes, a los 17, en el final del Mundial de Z\u00farich, agua y no solo como en Kigali, en el coraz\u00f3n de \u00c1frica. Entonces, se jug\u00f3 tambi\u00e9n la victoria al sprint. Perdi\u00f3 de nada ante la inglesa Ferguson. Ahora, en Ruanda, no falla. Espera, espera, acelera y destroza a todas. Gana con una bicicleta de ventaja. <\/p>\n<p class=\"\"><a href=\"https:\/\/elpais.com\/deportes\/ciclismo\/2025-09-26\/paula-blasi-y-benjamin-noval-perlas-del-ciclismo-espanol-en-el-mundial-de-ruanda.html\" target=\"_self\" rel=\"nofollow noopener\" title=\"https:\/\/elpais.com\/deportes\/ciclismo\/2025-09-26\/paula-blasi-y-benjamin-noval-perlas-del-ciclismo-espanol-en-el-mundial-de-ruanda.html\">Es la primera espa\u00f1ola campeona del mundo de ciclismo de fondo en ruta en cualquier categor\u00eda. <\/a>Y solo la gran Joane Somarriba, campeona del mundo contrarreloj en Hamilton (Canad\u00e1), 2003, se le acerca. Una fuerza \u00fanica que en la escuela y hasta hace nada solo compet\u00eda en carreras masculinas, y ganaba a todos los chicos, y todos la tem\u00edan. Su frialdad compitiendo que contradice la rabia interna que es deseo, su claridad de ideas, su orgullo de campeona.<\/p>\n<p class=\"\">\u201cImpongo, s\u00ed\u201d, dec\u00eda hace un a\u00f1o despu\u00e9s de la plata de Z\u00farich desde lo alto de su 1,56m de estatura, fuerte, soberbia. \u201cSiempre me gustaba competir con los chicos, darles guerra, poder ganarles. Es muy dif\u00edcil ganarle a un chico, pero siempre he tenido la ilusi\u00f3n de conseguirlo. Me gusta trabajar duro y que lleguen los resultados como ha llegado este\u201d. Es Paula Ostiz Taco, y el segundo apellido es casi m\u00e1s importante que el primero, el de su madre, Jennifer, ecuatoriana de Guayaquil con la que vive en San Jorge, en el alfoz de Pamplona. Jennifer lleg\u00f3 hace 25 a\u00f1os a Navarra para quedarse, trabajar mucho y criar tres hijos. Antoni, Ra\u00fal y Paula. Los tres, ciclistas, pero la peque\u00f1a, que empez\u00f3 a pedalear en las carreras a los seis a\u00f1os, es lo m\u00e1s. \u201cLo mejor de Paula es su constancia\u201d, dice su madre. \u201cHe educado a mis tres hijos igual ense\u00f1\u00e1ndoles a ser positivos, a no temer\u201d.<\/p>\n<p><img decoding=\"auto\" class=\"_re lazyload a_m-h\" height=\"277\"  width=\"414\"  src=\"https:\/\/www.europesays.com\/es\/wp-content\/uploads\/2025\/09\/VO3DYGDG7JLOBFNZATOZHSRG3Q.jpg\" loading=\"lazy\"\/>La navarra Paula Ostiz, en el podio de la final del Mundial junior de ciclismo. KIM LUDBROOK (EFE)<\/p>\n<p class=\"\">No teme. La temen. Es compacta y aerodin\u00e1mica como Remco Evenepoel, y as\u00ed <a href=\"https:\/\/elpais.com\/deportes\/ciclismo\/2025-09-23\/paula-ostiz-gana-la-plata-tras-la-neerlandesa-arens-en-el-mundial-junior-contrarreloj-de-ruanda.html\" target=\"_self\" rel=\"nofollow noopener\" title=\"https:\/\/elpais.com\/deportes\/ciclismo\/2025-09-23\/paula-ostiz-gana-la-plata-tras-la-neerlandesa-arens-en-el-mundial-junior-contrarreloj-de-ruanda.html\">gan\u00f3 hace cuatro d\u00edas la medalla de plata en la contrarreloj<\/a>, y tiene dinamita en las piernas al final del \u00faltimo repecho, cuando todas tiemblan y ella acelera. La vigilan todas las rivales, la conocen, la han sufrido toda la temporada, que Ostiz Taco ha disputado con el maillot del Baqu\u00e9, la cantera del Movistar del WorldTour, y el de la selecci\u00f3n espa\u00f1ola. No asoma nada en toda la carrera. Puro control de la selecci\u00f3n espa\u00f1ola dirigida por Gema Pascual, que durante toda la carrera, muy tranquila, puro desgaste en las dos cuestas encadenadas. No hace falta ni acelerar para sufrir. Solo aprieta un poco Espa\u00f1a al final de la \u00faltima vuelta. Alejandra Neira, gallega de 17 a\u00f1os, da vida al ritmo y hace sufrir. Dolor de piernas en las rivales. Brillo en los ojos de Paula Ostiz, que vac\u00eda bolsillos y portabidones, se aprieta las zapatillas. Espera. Acelera. Mira al suelo y no ve ninguna rueda que la adelante. \u201cPensaba, lo voy a hacer, lo voy a hacer\u201d, dice luego, arco\u00edris en el pecho \u2014azul, rojo, negro, amarillo, verde, los colores de los cinco aros ol\u00edmpicos en rayas horizontales\u2014, un medall\u00f3n de oro balance\u00e1ndose de su cuello. Gana. \u201cLo hice. Se me ha hecho realidad. Ahora, a disfrutar. Una alegr\u00eda inmensa\u201d.<\/p>\n","protected":false},"excerpt":{"rendered":"Setenta y tres kil\u00f3metros y un poco m\u00e1s de desgaste y 150 metros de explosi\u00f3n. Con la paciencia&hellip;\n","protected":false},"author":2,"featured_media":143011,"comment_status":"","ping_status":"","sticky":false,"template":"","format":"standard","meta":{"footnotes":""},"categories":[273],"tags":[313,2838,1540,312,1130,168,25,24,20135,42642,23,167],"class_list":{"0":"post-143010","1":"post","2":"type-post","3":"status-publish","4":"format-standard","5":"has-post-thumbnail","7":"category-ciclismo","8":"tag-ciclismo","9":"tag-ciclistas","10":"tag-competiciones","11":"tag-cycling","12":"tag-deporte-femenino","13":"tag-deportes","14":"tag-es","15":"tag-espana","16":"tag-mundial-ciclismo","17":"tag-paula-ostiz","18":"tag-spain","19":"tag-sports"},"share_on_mastodon":{"url":"","error":""},"_links":{"self":[{"href":"https:\/\/www.europesays.com\/es\/wp-json\/wp\/v2\/posts\/143010","targetHints":{"allow":["GET"]}}],"collection":[{"href":"https:\/\/www.europesays.com\/es\/wp-json\/wp\/v2\/posts"}],"about":[{"href":"https:\/\/www.europesays.com\/es\/wp-json\/wp\/v2\/types\/post"}],"author":[{"embeddable":true,"href":"https:\/\/www.europesays.com\/es\/wp-json\/wp\/v2\/users\/2"}],"replies":[{"embeddable":true,"href":"https:\/\/www.europesays.com\/es\/wp-json\/wp\/v2\/comments?post=143010"}],"version-history":[{"count":0,"href":"https:\/\/www.europesays.com\/es\/wp-json\/wp\/v2\/posts\/143010\/revisions"}],"wp:featuredmedia":[{"embeddable":true,"href":"https:\/\/www.europesays.com\/es\/wp-json\/wp\/v2\/media\/143011"}],"wp:attachment":[{"href":"https:\/\/www.europesays.com\/es\/wp-json\/wp\/v2\/media?parent=143010"}],"wp:term":[{"taxonomy":"category","embeddable":true,"href":"https:\/\/www.europesays.com\/es\/wp-json\/wp\/v2\/categories?post=143010"},{"taxonomy":"post_tag","embeddable":true,"href":"https:\/\/www.europesays.com\/es\/wp-json\/wp\/v2\/tags?post=143010"}],"curies":[{"name":"wp","href":"https:\/\/api.w.org\/{rel}","templated":true}]}}