{"id":143016,"date":"2025-09-27T21:22:04","date_gmt":"2025-09-27T21:22:04","guid":{"rendered":"https:\/\/www.europesays.com\/es\/143016\/"},"modified":"2025-09-27T21:22:04","modified_gmt":"2025-09-27T21:22:04","slug":"estoy-empezando-a-verle-de-otra-manera","status":"publish","type":"post","link":"https:\/\/www.europesays.com\/es\/143016\/","title":{"rendered":"&#8216;Estoy empezando a verle de otra manera&#8217;"},"content":{"rendered":"<p>El creador de contenido <b>Pablo Oria<\/b> ha acudido al posdcast de\u00a0A<b>dri\u00e1n Chico (@itsadrianchico)<\/b> y se ha abierto en canal, confesando <b>lo que siente por un amigo suyo que conoce desde la infancia<\/b> pese a haber estado hasta el momento s\u00f3lo con mujeres.<\/p>\n<p><b>\u00abEl chico por el que te sentiste tra\u00eddo con 13 a\u00f1os y despu\u00e9s has estado solo con mujeres&#8230;<\/b> has vuelto a volver a sentir algo por \u00e9l ahora con 27. \u00bfPero hab\u00e9is tenido contacto todo este tiempo?\u00bb, le ha preguntado el entrevistador.<\/p>\n<p><b>\u00abS\u00ed, es que siempre ha sido una persona un poco cercana\u00bb<\/b>, ha contado el tiktoker, lo que ha despertado todav\u00eda m\u00e1s\u00a0la sorpresa del entrevistador, quien ha vuelto a preguntar: \u00ab\u00bfAmigo? Hasta ahora&#8230;\u00bb.<\/p>\n<p>\u00abS\u00ed, bueno&#8230;. Es que tampoco quiero que se sepa mucho porque es un amigo pero, sobre todo, porque <b>es una persona que yo creo que nunca ha dado el paso a mostrarlo p\u00fablicamente. <\/b>\u00c9l de manera personal\u00bb, ha explicado Oria.<\/p>\n<p>\u00abVale, porque \u00e9l tambi\u00e9n es heterosexual, aparentemente, o sin etiquetar, pero&#8230;\u00bb, ha incidido Chico, intentando entender la situaci\u00f3n. <b>\u00abYo creo que s\u00ed, no lo s\u00e9\u00bb<\/b>, ha respondido el tiktoker.<\/p>\n<p><b>\u00abO sea, \u00e9l no ha estado con otros hombres, \u00bfno?\u00bb<\/b>, ha vuelto a preguntar el presentador del podcast. <b>\u00abQue lo sepa la gente, desde luego que no\u00bb<\/b>, ha contestado con claridad el creador de contenido.<\/p>\n<p>\u00ab\u00bfY c\u00f3mo resurge esto? Ahora me genera mucha intriga. O sea, ten\u00e9is una relaci\u00f3n normal de diario, de amistad, <b>y poco a poco os vais como sintiendo m\u00e1s cercanos y t\u00fa empiezas a confundirte&#8230; \u00bfO c\u00f3mo?\u00bb<\/b>, ha planteado Chico.<\/p>\n<p><b>\u00abA ver como digo yo esto sin dar demasiadas pistas tampoco&#8230; <\/b>Pues nada, empezamos a vernos frecuentemente, por circunstancias de la vida, ya est\u00e1\u00bb, ha comenzado relatando Oria.<\/p>\n<p>\u00abY no s\u00e9, es que <b>en ese momento ni siquiera pienso que estoy desarrollando un sentimiento o una atracci\u00f3n<\/b>, es que al final yo era muy peque\u00f1o\u00bb, ha apuntado el creador de contenido.<\/p>\n<p>\u00abSimplemente pues ya est\u00e1, hac\u00eda esto y punto, y me gustaba esto y me apetec\u00eda esto, pero como que <b>no pensaba yo en por qu\u00e9 me est\u00e1 pasando esto<\/b> o por qu\u00e9 estoy empezando a verle de otra manera si..,\u00bb, ha detallado el tiktoker.<\/p>\n<p>\u00abEsto hablamos con 13 a\u00f1os. \u00bfTen\u00edais relaciones f\u00edsicas en ese momento?\u00bb, ha curioseado Chico. <b>\u00abNo, era m\u00e1s plat\u00f3nico\u00bb<\/b>, ha afirmado el entrevistado. \u00ab\u00bfY ahora qu\u00e9 ha pasado con 27 para que vuelva&#8230;? <b>\u00bfC\u00f3mo ha resurgido esto?\u00bb<\/b>, ha proseguido el presentador.<\/p>\n<p>\u00abPorque hemos vuelto a coincidir y me ha recordado un poco quiz\u00e1 a aquello que me permit\u00ed sentir en ese momento.\u00a0Y no es que en otras etapas de mi vida no me haya permitido sentirlo, sino que&#8230; <b>Yo creo que no me ha vuelto a pasar de esa manera\u00bb<\/b>, ha reflexionado Oria.<\/p>\n<p>\u00abEntonces, <b>retomar un poco de contacto con \u00e9l y recordar un poco lo que me pas\u00f3 en aquel momento,<\/b> pues como que me vuelve a pasar&#8230;\u00bb, ha concluido el creador de contenido, con sinceridad.<\/p>\n<p><b>\u00abGracias a los dos por mostraros tal y como sois. <\/b>Deciros que aport\u00e1is luz, calma en la vida de muchas personas\u00bb; <b>\u00abMuchos no entienden pero creeeme que se entiende\u00bb<\/b>; \u00ab\u00a1Qu\u00e9 m\u00e1gico! Es as\u00ed, naturalidad&#8230;\u00bb, han comentado algunos usuarios.<\/p>\n","protected":false},"excerpt":{"rendered":"El creador de contenido Pablo Oria ha acudido al posdcast de\u00a0Adri\u00e1n Chico (@itsadrianchico) y se ha abierto en&hellip;\n","protected":false},"author":2,"featured_media":143017,"comment_status":"","ping_status":"","sticky":false,"template":"","format":"standard","meta":{"footnotes":""},"categories":[174],"tags":[44278,255,146,147,25,24,256,2183,2667,23,5889],"class_list":{"0":"post-143016","1":"post","2":"type-post","3":"status-publish","4":"format-standard","5":"has-post-thumbnail","7":"category-famosos","8":"tag-bisexualidad","9":"tag-celebrities","10":"tag-entertainment","11":"tag-entretenimiento","12":"tag-es","13":"tag-espana","14":"tag-famosos","15":"tag-influencers","16":"tag-podcast","17":"tag-spain","18":"tag-tiktok"},"share_on_mastodon":{"url":"","error":""},"_links":{"self":[{"href":"https:\/\/www.europesays.com\/es\/wp-json\/wp\/v2\/posts\/143016","targetHints":{"allow":["GET"]}}],"collection":[{"href":"https:\/\/www.europesays.com\/es\/wp-json\/wp\/v2\/posts"}],"about":[{"href":"https:\/\/www.europesays.com\/es\/wp-json\/wp\/v2\/types\/post"}],"author":[{"embeddable":true,"href":"https:\/\/www.europesays.com\/es\/wp-json\/wp\/v2\/users\/2"}],"replies":[{"embeddable":true,"href":"https:\/\/www.europesays.com\/es\/wp-json\/wp\/v2\/comments?post=143016"}],"version-history":[{"count":0,"href":"https:\/\/www.europesays.com\/es\/wp-json\/wp\/v2\/posts\/143016\/revisions"}],"wp:featuredmedia":[{"embeddable":true,"href":"https:\/\/www.europesays.com\/es\/wp-json\/wp\/v2\/media\/143017"}],"wp:attachment":[{"href":"https:\/\/www.europesays.com\/es\/wp-json\/wp\/v2\/media?parent=143016"}],"wp:term":[{"taxonomy":"category","embeddable":true,"href":"https:\/\/www.europesays.com\/es\/wp-json\/wp\/v2\/categories?post=143016"},{"taxonomy":"post_tag","embeddable":true,"href":"https:\/\/www.europesays.com\/es\/wp-json\/wp\/v2\/tags?post=143016"}],"curies":[{"name":"wp","href":"https:\/\/api.w.org\/{rel}","templated":true}]}}