{"id":143018,"date":"2025-09-27T21:23:07","date_gmt":"2025-09-27T21:23:07","guid":{"rendered":"https:\/\/www.europesays.com\/es\/143018\/"},"modified":"2025-09-27T21:23:07","modified_gmt":"2025-09-27T21:23:07","slug":"si-no-conociera-a-antonio-lopez-y-me-entero-de-lo-que-pasa-en-albacete-con-su-escultura-diria-vaya-personaje","status":"publish","type":"post","link":"https:\/\/www.europesays.com\/es\/143018\/","title":{"rendered":"Si no conociera a Antonio L\u00f3pez y me entero de lo que pasa en Albacete con su escultura\u2026 dir\u00eda \u00a1vaya personaje!"},"content":{"rendered":"<p>La historia de Albacete con Antonio L\u00f3pez comenz\u00f3 muy bien. Se instaur\u00f3 una c\u00e1tedra en la ciudad con su nombre y el Ayuntamiento le hizo un encargo en 2009 para que \u2018El hombre que camina\u2019, una escultura a tama\u00f1o natural que llevar\u00eda su sello y su firma, se instaurara en una calle de Albacete. En ese momento de la petici\u00f3n, el artista, natural de Tomelloso, se embols\u00f3 casi 70.000 euros de dinero p\u00fablico para empezar a trabajar y quedaron pendientes casi otros 35.000. Hoy, 16 a\u00f1os despu\u00e9s, ni hay rastro de la escultura ni de los 70.000 euros.<\/p>\n<p>Si ya de por s\u00ed esta historia llama la atenci\u00f3n, pues 16 a\u00f1os y 70.000 euros no son algo balad\u00ed, la llama mucho m\u00e1s ahora cuando el Ayuntamiento de Fuendetodos, un peque\u00f1o pueblo de 70 habitantes de Zaragoza, inauguraba el pasado s\u00e1bado una estatua a tama\u00f1o real de Goya realizada por Antonio L\u00f3pez y tan s\u00f3lo pasaron 11 meses desde que se le encarg\u00f3 hasta que se instal\u00f3 delante de la que fue la casa del genial pintor.<\/p>\n<p>Enrique Salue\u00f1a es el alcalde de Fuendetodos y en conversaci\u00f3n telef\u00f3nica con El Digital de Albacete indica al respecto de la estatura instalada en su pueblo y la inexistente de Albacete que \u201cno s\u00e9 lo que ha pasado con Albacete, pero con nosotros se ha portado extraordinario. El trato ha sido fant\u00e1stico de buena gente, de simp\u00e1tico\u2026 ha estado cuatro veces en Fuendetodos ya Antonio, y eso que tiene casi 90 a\u00f1os. De Madrid a Fuendetodos hay buena tirada\u201d.<\/p>\n<p>Salue\u00f1a argumenta que \u201caqu\u00ed, en Fuendetodos, hay viviendo 70 personas. Empadronadas hay algo m\u00e1s de 140, pero viviendo aqu\u00ed somos 70\u201d, por lo que reconoce que \u201ccuando me dijo mi concejal de Cultura que Antonio L\u00f3pez har\u00eda la escultura me qued\u00e9 impresionado. Yo cre\u00eda que me estaba tomando el pelo\u201d<\/p>\n<p>Como decimos, Albacete lleva 16 a\u00f1os esperando que el esperpento de Antonio L\u00f3pez con la ciudad y su escultura llegue a su fin, sin embargo en Fuendetodos ha ido todo con much\u00edsima m\u00e1s celeridad. \u201cAntonio ha tardado menos de 1 a\u00f1o en hacer la estatua de Goya, concretamente 11 meses, octubre a septiembre\u201d, reconoce el alcalde ma\u00f1o, que a\u00f1ade que \u201cel a\u00f1o pasado vino para la fiesta Goyesca y ah\u00ed ya \u00e9l inici\u00f3 sus dise\u00f1os y pens\u00f3 qu\u00e9 modelo quer\u00eda. Luego fuimos a Madrid con \u00e9l para tomar todas las medidas. Y todo fue genial\u201d.<\/p>\n<p>No se esconde Enrique Salue\u00f1a a la hora de decir que \u201chay artistas por ah\u00ed de medio pelo que te miran por encima del hombro y tal\u201d, y deja claro que \u201cAntonio L\u00f3pez es todo lo contrario, por lo menos as\u00ed lo fue con nosotros\u201d.<\/p>\n<p>Sobre si Antonio L\u00f3pez les dijo a la comitiva de Fuendetodos algo de lo que ocurre con la estatua que nunca ha llegado a Albacete en 16 a\u00f1os, el alcalde ma\u00f1o explica que \u201c\u00e9l nunca nos dijo nada de lo que pasa con su escultura en Albacete. Me he enterado por la prensa, pero entiendo que para Albacete es un tema serio. No s\u00e9 qu\u00e9 ha podido pasar ah\u00ed. Me extra\u00f1a. Lo veo tan buena gente, tan buena persona y tan cumplidor\u2026 que me extra\u00f1a. Si no conociera a Antonio L\u00f3pez y me enterara de lo que pasa en Albacete, dir\u00eda que menudo personaje. Me choca mucho. No s\u00e9 si habr\u00e1 habido alg\u00fan rollo por en medio o algo extra\u00f1o. Conociendo a Antonio, me choca y me extra\u00f1a mucho\u201d.<\/p>\n<p><img loading=\"lazy\" decoding=\"async\" width=\"1200\" height=\"1130\" src=\"https:\/\/www.europesays.com\/es\/wp-content\/uploads\/2025\/09\/EuropaPress_6968892_artistas_antonio_lopez_3d_andres_garcia_ibanez_1i_inauguracion_escultura-2.jpg\" alt=\"\" class=\"wp-image-1074063\"  \/>Lopez, Salue\u00f1a y la escultura de Goya \/ Foto: Comet \u2013 Europa Press<\/p>\n<p>\u00bfY d\u00f3nde est\u00e1 tras 16 a\u00f1os la estatua por la que Albacete ya le ha pagado casi 70.000 euros a Antonio L\u00f3pez?<\/p>\n<p>Llegados a este punto cabe recordar que Antonio L\u00f3pez todav\u00eda tiene pendiente de entregar a Albacete \u2018El hombre que camina\u2019, una escultura que le fue encargada hace en torno a 16 a\u00f1os y por la que el artista nacido en Tomelloso ya ha cobrado casi 70.000 euros; sin embargo, todav\u00eda no hay ni rastro de la mencionada escultura y lo que envuelve a este tema roza cada vez m\u00e1s lo esperp\u00e9ntico.<\/p>\n<p>El castellano-manchego Antonio L\u00f3pez est\u00e1 considerado como uno de los m\u00e1ximos representantes del arte realista de nuestro pa\u00eds. El pintor y escultor, natural de Tomelloso, se comprometi\u00f3 a entregar a la ciudad de Albacete una de sus creaciones escult\u00f3ricas, que por el momento no ha llegado a la capital.<\/p>\n<p>Desde el Grupo Municipal de Unidas Podemos han denunciando en m\u00e1s de una ocasi\u00f3n el enorme retraso que el artista lleva en relaci\u00f3n a la entrega de este obra de arte, ya que se demora 16 a\u00f1os. En concreto, estando al frente de la Alcald\u00eda de Albacete Manuel P\u00e9rez Castell (1999-2008), el Ayuntamiento acord\u00f3 encargar al artista dicha escultura para la ciudad.<\/p>\n<p>A\u00f1os despu\u00e9s, concretamente en febrero de 2009, siendo alcaldesa Carmen Oliver, se lleg\u00f3 a rubricar el acuerdo con Antonio L\u00f3pez; acuerdo que a d\u00eda de hoy a\u00fan se mantiene.<\/p>\n<p>Durante la celebraci\u00f3n de un Pleno en el Ayuntamiento de Albacete en 2019, Unidas Podemos preguntaba al por entonces Equipo de Gobierno sobre los pagos efectuados al artista en relaci\u00f3n a este encargo. As\u00ed, seg\u00fan recoge una nota de prensa de la formaci\u00f3n morada al respecto \u201cla portavoz del Equipo de Gobierno, la concejal Mar\u00eda Jos\u00e9 L\u00f3pez, inform\u00f3 de dos pagos siendo alcaldesa Carmen Oliver por importe de 69.600 euros (hace 16 a\u00f1os), estando pendiente un tercer pago de 34.800 euros\u201d.<\/p>\n<p>En aquel momento, la concejal socialista indicaba que \u201csobre el plazo para que el artista haga entrega de la escultura no tenemos ning\u00fan tipo de informaci\u00f3n y lo \u00fanico que sabemos es por boca del propio artista, que manifest\u00f3 que ten\u00eda hecha la escultura pero que estaba buscando un modelo para terminarla\u201d.<\/p>\n<p>Desde que el Ayuntamiento de Albacete y Antonio L\u00f3pez firmaran este acuerdo han transcurrido cerca de 16 a\u00f1os. As\u00ed las cosas, pr\u00e1cticamente dos d\u00e9cadas despu\u00e9s y casi seis legislaturas de diferentes formaciones pol\u00edticas despu\u00e9s (Carmen Oliver-PSOE 2008-2011, Carmen Bayod-PP 2011-2015, Javier Cuenca-PP 2015-2017, Manuel Serrano-PP 2015-2019, Vicente Casa\u00f1-Cs 2019-2021 y Emilio S\u00e1ez 2021-2023, Manuel Serrano-PP 2023-actualidad), la prometida escultura a\u00fan no ha llegado a Albacete.<\/p>\n<p>En un nueva sesi\u00f3n plenaria en 2021 Unidas Podemos volv\u00eda a instar al Equipo de Gobierno sobre esta cuesti\u00f3n, sobre lo que indicaban en nota de prensa que el por aquel entonces alcalde de Albacete, Vicente Casa\u00f1, \u201cno supo a qui\u00e9n derivarle la pregunta y se limit\u00f3 a decir que nos contestar\u00eda m\u00e1s adelante\u201d; argumentaron desde la formaci\u00f3n morada.<\/p>\n<p>Siendo alcalde de Albacete Emilio S\u00e1ez (PSOE), el Ayuntamiento habl\u00f3 con Antonio L\u00f3pez al respecto de la escultura, y el artista traslad\u00f3 al consistorio que est\u00e1 trabajando en ella. Pero no aport\u00f3 un fecha aproximada en la que los albacete\u00f1os podr\u00e1n disfrutar de esta obra de Antonio L\u00f3pez.<\/p>\n<p>Lo cierto es que 16 a\u00f1os despu\u00e9s, la ciudadan\u00eda de Albacete a\u00fan no puede disfrutar de la escultura del artista por la que el Ayuntamiento ya ha invertido m\u00e1s de 69.000 euros de dinero p\u00fablico.<\/p>\n<p>El nombre elegido para la escultura es \u2018El hombre que camina\u2019, que seg\u00fan dijo el artista medir\u00eda 2,20 metros de altura y que ser\u00eda la primera obra que en Castilla-La Mancha quedar\u00eda entre la gente, como en la antigua Grecia. En 2010, con un boceto pintado en papel, el propio Antonio L\u00f3pez recorri\u00f3 distintos enclaves de la ciudad para ver donde quedaba mejor su obra y cual era el id\u00f3neo.<\/p>\n","protected":false},"excerpt":{"rendered":"La historia de Albacete con Antonio L\u00f3pez comenz\u00f3 muy bien. Se instaur\u00f3 una c\u00e1tedra en la ciudad con&hellip;\n","protected":false},"author":2,"featured_media":143019,"comment_status":"","ping_status":"","sticky":false,"template":"","format":"standard","meta":{"footnotes":""},"categories":[173],"tags":[2545,229,233,231,230,232,234,146,147,25,24,23],"class_list":{"0":"post-143018","1":"post","2":"type-post","3":"status-publish","4":"format-standard","5":"has-post-thumbnail","7":"category-arte-y-diseno","8":"tag-albacete","9":"tag-arte","10":"tag-arte-y-diseno","11":"tag-arts","12":"tag-arts-and-design","13":"tag-design","14":"tag-diseno","15":"tag-entertainment","16":"tag-entretenimiento","17":"tag-es","18":"tag-espana","19":"tag-spain"},"share_on_mastodon":{"url":"","error":""},"_links":{"self":[{"href":"https:\/\/www.europesays.com\/es\/wp-json\/wp\/v2\/posts\/143018","targetHints":{"allow":["GET"]}}],"collection":[{"href":"https:\/\/www.europesays.com\/es\/wp-json\/wp\/v2\/posts"}],"about":[{"href":"https:\/\/www.europesays.com\/es\/wp-json\/wp\/v2\/types\/post"}],"author":[{"embeddable":true,"href":"https:\/\/www.europesays.com\/es\/wp-json\/wp\/v2\/users\/2"}],"replies":[{"embeddable":true,"href":"https:\/\/www.europesays.com\/es\/wp-json\/wp\/v2\/comments?post=143018"}],"version-history":[{"count":0,"href":"https:\/\/www.europesays.com\/es\/wp-json\/wp\/v2\/posts\/143018\/revisions"}],"wp:featuredmedia":[{"embeddable":true,"href":"https:\/\/www.europesays.com\/es\/wp-json\/wp\/v2\/media\/143019"}],"wp:attachment":[{"href":"https:\/\/www.europesays.com\/es\/wp-json\/wp\/v2\/media?parent=143018"}],"wp:term":[{"taxonomy":"category","embeddable":true,"href":"https:\/\/www.europesays.com\/es\/wp-json\/wp\/v2\/categories?post=143018"},{"taxonomy":"post_tag","embeddable":true,"href":"https:\/\/www.europesays.com\/es\/wp-json\/wp\/v2\/tags?post=143018"}],"curies":[{"name":"wp","href":"https:\/\/api.w.org\/{rel}","templated":true}]}}