{"id":143020,"date":"2025-09-27T21:25:16","date_gmt":"2025-09-27T21:25:16","guid":{"rendered":"https:\/\/www.europesays.com\/es\/143020\/"},"modified":"2025-09-27T21:25:16","modified_gmt":"2025-09-27T21:25:16","slug":"5-buenas-noticias-de-america-latina-de-esta-semana","status":"publish","type":"post","link":"https:\/\/www.europesays.com\/es\/143020\/","title":{"rendered":"5 buenas noticias de Am\u00e9rica Latina de esta semana"},"content":{"rendered":"<p>      CNN Espa\u00f1ol<br \/>\n        \u00a0\u2014\u00a0<\/p>\n<p class=\"paragraph inline-placeholder vossi-paragraph\" data-uri=\"es.cms.cnn.com\/_components\/paragraph\/instances\/cmg134ls0003g27nl9190dneo@published\" data-editable=\"text\" data-component-name=\"paragraph\" data-article-gutter=\"true\">\n            Llega el fin de semana y qu\u00e9 mejor manera de comenzarlo que con un repaso a las buenas noticias que nos deja Am\u00e9rica Latina en estos d\u00edas. Aqu\u00ed va una selecci\u00f3n de las m\u00e1s destacadas\n    <\/p>\n<p class=\"paragraph inline-placeholder vossi-paragraph\" data-uri=\"es.cms.cnn.com\/_components\/paragraph\/instances\/cmg13509r0000356ntfihpkxa@published\" data-editable=\"text\" data-component-name=\"paragraph\" data-article-gutter=\"true\">\n            En un mundo cada vez m\u00e1s expuesto al cambio clim\u00e1tico, una buena noticia para comenzar este fin de semana es que Brasil ha logrado recudir este a\u00f1o la cantidad de incendios en la Amazonia.\n    <\/p>\n<p class=\"paragraph inline-placeholder vossi-paragraph\" data-uri=\"es.cms.cnn.com\/_components\/paragraph\/instances\/cmg143av90008356ndq2kc7a2@published\" data-editable=\"text\" data-component-name=\"paragraph\" data-article-gutter=\"true\">\n            \u00bfC\u00f3mo? Con \u201cun n\u00famero r\u00e9cord de bomberos, m\u00e1s equipos y quemas controladas\u201d, explican en el sitio de la 30\u00aa Conferencia de las Partes en la Convenci\u00f3n Marco de las Naciones Unidas sobre el Cambio Clim\u00e1tico (COP 30).\n    <\/p>\n<p>       <img decoding=\"async\" src=\"https:\/\/www.europesays.com\/es\/wp-content\/uploads\/2025\/09\/gettyimages-2184619481.jpg\" alt=\"La amazonia en una foto de noviembre de 2024.\" class=\"image__dam-img image__dam-img--loading\" onload=\"this.classList.remove('image__dam-img--loading')\" onerror=\"imageLoadError(this)\" height=\"683\" width=\"1024\" loading=\"lazy\"\/><\/p>\n<p class=\"paragraph inline-placeholder vossi-paragraph\" data-uri=\"es.cms.cnn.com\/_components\/paragraph\/instances\/cmg143av90009356n44h7kc6g@published\" data-editable=\"text\" data-component-name=\"paragraph\" data-article-gutter=\"true\">\n            \u201cDesde enero hasta el 7 de agosto de 2025, Brasil registr\u00f3 el menor n\u00famero de focos de incendio para este periodo en los \u00faltimos doce a\u00f1os \u2014 aproximadamente 30.000 incidentes\u201d, explica el sitio web.\n    <\/p>\n<p class=\"paragraph inline-placeholder vossi-paragraph\" data-uri=\"es.cms.cnn.com\/_components\/paragraph\/instances\/cmg1431m30006356n8uavmixw@published\" data-editable=\"text\" data-component-name=\"paragraph\" data-article-gutter=\"true\">\n            Las lluvias invernales fueron fundamentales para que el desierto de Atacama, el m\u00e1s seco del mundo, pudiera en esta primavera austral ofrecer un fen\u00f3meno que no se ve todos los a\u00f1os: un hermoso manto de flores nativas.\n    <\/p>\n<p class=\"paragraph inline-placeholder vossi-paragraph\" data-uri=\"es.cms.cnn.com\/_components\/paragraph\/instances\/cmg1442o5000g356nj8v67jid@published\" data-editable=\"text\" data-component-name=\"paragraph\" data-article-gutter=\"true\">\n            El evento natural dura poco, pero deja im\u00e1genes bonitas como esta\n    <\/p>\n<p>       <img decoding=\"async\" src=\"https:\/\/www.europesays.com\/es\/wp-content\/uploads\/2025\/09\/image-1-20250926182147799.png\" alt=\"image (1).png\" class=\"image__dam-img image__dam-img--loading\" onload=\"this.classList.remove('image__dam-img--loading')\" onerror=\"imageLoadError(this)\" height=\"864\" width=\"1536\" loading=\"lazy\"\/><\/p>\n<p class=\"paragraph inline-placeholder vossi-paragraph\" data-uri=\"es.cms.cnn.com\/_components\/paragraph\/instances\/cmg143s11000e356nwmy7jg0b@published\" data-editable=\"text\" data-component-name=\"paragraph\" data-article-gutter=\"true\">\n            Este s\u00e1bado abre las puertas el Museo Casa Kahlo, que fue la vivienda de los padres de Frida Kahlo (1907-1954).\n    <\/p>\n<p class=\"paragraph inline-placeholder vossi-paragraph\" data-uri=\"es.cms.cnn.com\/_components\/paragraph\/instances\/cmg14he2g000q356n3x3plwzl@published\" data-editable=\"text\" data-component-name=\"paragraph\" data-article-gutter=\"true\">\n            El museo se encuentra muy cerca de la famosa Casa Azul. en la colonia Coyoac\u00e1n, en el sur de la Ciudad de M\u00e9xico, en la que la artista vivi\u00f3 con su marido, el tambi\u00e9n reconocido pintor mexicano Diego Rivera.\n    <\/p>\n<p class=\"paragraph inline-placeholder vossi-paragraph\" data-uri=\"es.cms.cnn.com\/_components\/paragraph\/instances\/cmg14he2g000r356necetlq7w@published\" data-editable=\"text\" data-component-name=\"paragraph\" data-article-gutter=\"true\">\n            Los visitantes podr\u00e1n darse el gusto de tener una mirada hacia la intimidad de Frida Kahlo, con la exposici\u00f3n de toda una serie de objetos y fotograf\u00edas de archivos familiares.\n    <\/p>\n<p class=\"paragraph inline-placeholder vossi-paragraph\" data-uri=\"es.cms.cnn.com\/_components\/paragraph\/instances\/cmg14hcmd000o356nsevdit3j@published\" data-editable=\"text\" data-component-name=\"paragraph\" data-article-gutter=\"true\">\n            Desde Nueva York, a donde asisti\u00f3 a la Asamblea General de las Naciones Unidas, el presidente de Bolivia, Luis Arce, confirm\u00f3 la promulgaci\u00f3n de la \u201cLey Modificatoria a la Ley N\u00b0603 de C\u00f3digo de las Familias y del Proceso Familiar\u201d.\n    <\/p>\n<p class=\"paragraph inline-placeholder vossi-paragraph\" data-uri=\"es.cms.cnn.com\/_components\/paragraph\/instances\/cmg14zxpy000z356ngoip946x@published\" data-editable=\"text\" data-component-name=\"paragraph\" data-article-gutter=\"true\">\n            La principal modificaci\u00f3n de esta normativa es la prohibici\u00f3n del matrimonio o la uni\u00f3n entre personas menores de edad.\n    <\/p>\n<p class=\"paragraph inline-placeholder vossi-paragraph\" data-uri=\"es.cms.cnn.com\/_components\/paragraph\/instances\/cmg14zwgl000x356n27glvzdr@published\" data-editable=\"text\" data-component-name=\"paragraph\" data-article-gutter=\"true\">\n            La ley fue celebrada por asociaciones de derechos humanos, entre ellas la ONG global Plan International, que destac\u00f3 en un comunicado citado por la agencia EFE que este cambio es un \u201cgran paso adelante\u201d para las ni\u00f1as y adolescentes en Bolivia, aunque a\u00fan faltan \u201ccambios culturales\u201d para que la situaci\u00f3n de fondo cambie. \u201cAl eliminar los vac\u00edos legales, deja en claro que ninguna ni\u00f1a debe casarse o estar obligada a vivir con una pareja antes de cumplir los 18 a\u00f1os. Se trata de proteger su salud y bienestar, y abrirles m\u00e1s oportunidades para que aprendan, crezcan y construyan el futuro que desean\u201d, dijo directora regional de Plan International para Am\u00e9rica Latina y el Caribe, Carmen Elena Alem\u00e1n.\n    <\/p>\n<p>       <img decoding=\"async\" src=\"https:\/\/www.europesays.com\/es\/wp-content\/uploads\/2025\/09\/gettyimages-2236768473.jpg\" alt=\"Un minero rescatado abraza a sus familiares cerca del lugar donde se derrumb\u00f3 una mina de oro, dejando a 23 mineros atrapados en Segovia, departamento de Antioquia, Colombia, el 24 de septiembre de 2025.\" class=\"image__dam-img image__dam-img--loading\" onload=\"this.classList.remove('image__dam-img--loading')\" onerror=\"imageLoadError(this)\" height=\"683\" width=\"1024\" loading=\"lazy\"\/><\/p>\n<p class=\"paragraph inline-placeholder vossi-paragraph\" data-uri=\"es.cms.cnn.com\/_components\/paragraph\/instances\/cmg150nki0012356nvhlgkh8e@published\" data-editable=\"text\" data-component-name=\"paragraph\" data-article-gutter=\"true\">\n            Un buen final tuvieron 23 mineros que hab\u00edan quedado a<a href=\"https:\/\/cnnespanol.cnn.com\/2025\/09\/23\/colombia\/mineros-atrapados-colapso-segovia-antioquia-colombia-orix\" rel=\"nofollow noopener\" target=\"_blank\">trapados en el socav\u00f3n de la mina de oro La Reliquia, en Antioquia, Colombia<\/a>. Luego de 48 horas de mucha tensi\u00f3n, todos fueron rescatados con vida por equipos de brigadistas de la empresa Aris Mining y por el equipo de Seguridad y Salvamento Minero de la Agencia Nacional de Miner\u00eda (ANM).\n    <\/p>\n","protected":false},"excerpt":{"rendered":"CNN Espa\u00f1ol \u00a0\u2014\u00a0 Llega el fin de semana y qu\u00e9 mejor manera de comenzarlo que con un repaso&hellip;\n","protected":false},"author":2,"featured_media":143021,"comment_status":"","ping_status":"","sticky":false,"template":"","format":"standard","meta":{"footnotes":""},"categories":[171],"tags":[24516,146,147,25,24,23,214],"class_list":{"0":"post-143020","1":"post","2":"type-post","3":"status-publish","4":"format-standard","5":"has-post-thumbnail","7":"category-tv","8":"tag-america-latina","9":"tag-entertainment","10":"tag-entretenimiento","11":"tag-es","12":"tag-espana","13":"tag-spain","14":"tag-tv"},"share_on_mastodon":{"url":"","error":""},"_links":{"self":[{"href":"https:\/\/www.europesays.com\/es\/wp-json\/wp\/v2\/posts\/143020","targetHints":{"allow":["GET"]}}],"collection":[{"href":"https:\/\/www.europesays.com\/es\/wp-json\/wp\/v2\/posts"}],"about":[{"href":"https:\/\/www.europesays.com\/es\/wp-json\/wp\/v2\/types\/post"}],"author":[{"embeddable":true,"href":"https:\/\/www.europesays.com\/es\/wp-json\/wp\/v2\/users\/2"}],"replies":[{"embeddable":true,"href":"https:\/\/www.europesays.com\/es\/wp-json\/wp\/v2\/comments?post=143020"}],"version-history":[{"count":0,"href":"https:\/\/www.europesays.com\/es\/wp-json\/wp\/v2\/posts\/143020\/revisions"}],"wp:featuredmedia":[{"embeddable":true,"href":"https:\/\/www.europesays.com\/es\/wp-json\/wp\/v2\/media\/143021"}],"wp:attachment":[{"href":"https:\/\/www.europesays.com\/es\/wp-json\/wp\/v2\/media?parent=143020"}],"wp:term":[{"taxonomy":"category","embeddable":true,"href":"https:\/\/www.europesays.com\/es\/wp-json\/wp\/v2\/categories?post=143020"},{"taxonomy":"post_tag","embeddable":true,"href":"https:\/\/www.europesays.com\/es\/wp-json\/wp\/v2\/tags?post=143020"}],"curies":[{"name":"wp","href":"https:\/\/api.w.org\/{rel}","templated":true}]}}