{"id":143034,"date":"2025-09-27T21:33:08","date_gmt":"2025-09-27T21:33:08","guid":{"rendered":"https:\/\/www.europesays.com\/es\/143034\/"},"modified":"2025-09-27T21:33:08","modified_gmt":"2025-09-27T21:33:08","slug":"el-consejo-de-seguridad-de-la-onu-restablece-las-sanciones-a-iran","status":"publish","type":"post","link":"https:\/\/www.europesays.com\/es\/143034\/","title":{"rendered":"El Consejo de Seguridad de la ONU restablece las sanciones a Ir\u00e1n"},"content":{"rendered":"<p>El Consejo de Seguridad de la ONU restablece este domingo de medianoche las seis resoluciones adoptadas entre 2006 y 2010 contra Ir\u00e1n que buscan <strong>limitar el programa nuclear y misil\u00edstico<\/strong> de la Rep\u00fablica Isl\u00e1mica.<\/p>\n<p>Reino Unido, Alemania y Francia -pa\u00edses conocidos como E3- pusieron en marcha el proceso de restablecimiento autom\u00e1tico de sanciones el 28 de agosto al considerar que <a href=\"https:\/\/www.rtve.es\/noticias\/20250731\/paises-denuncian-operaciones-encubiertas-iran-occidente\/16683979.shtml\" target=\"_blank\" rel=\"nofollow noopener\">Ir\u00e1n no ha cumplido con las obligaciones<\/a> de limitar su programa nuclear adquiridas en el acuerdo nuclear de 2015. <\/p>\n<p>Las potencias europeas hab\u00edan ofrecido a Teher\u00e1n <strong>aplazar la activaci\u00f3n del mecanismo<\/strong> que restaura las sanciones en caso de que el pa\u00eds <strong>reanudara la cooperaci\u00f3n con el OIEA<\/strong>, la agencia nuclear de la ONU, <a href=\"https:\/\/www.rtve.es\/noticias\/20250710\/iran-afirma-cooperara-con-agencia-nuclear-onu-si-corrige-doble-rasero\/16659087.shtml\" target=\"_blank\" rel=\"nofollow noopener\">suspendida tras la guerra de doce d\u00edas con Israel en junio<\/a>, <strong>informara sobre el paradero de 400 kilos de uranio enriquecido al 60%<\/strong> y <strong>retomara la negociaci\u00f3n con Washington<\/strong>.<\/p>\n<p>Ir\u00e1n ha insistido hasta ahora en que el uranio altamente enriquecido se encuentra enterrado bajo los escombros de <a href=\"https:\/\/www.rtve.es\/noticias\/20250622\/trump-confirma-ataques-eeuu-instalaciones-nucleares-iranies\/16635308.shtml\" target=\"_blank\" rel=\"nofollow noopener\">las tres instalaciones atacadas por EE.UU.<\/a> e Israel durante la guerra de doce d\u00edas en junio.<\/p>\n<p>\t\tManuel Lozano Leyva, f\u00edsico: \u00abLos iran\u00edes recuperan el enriquecimiento de uranio en cuesti\u00f3n de seis meses o un a\u00f1o\u00bb\t<\/p>\n<p>La inflaci\u00f3n ahoga a Ir\u00e1n<\/p>\n<p>Estados Unidos abandon\u00f3 en 2018 el acuerdo nuclear y reimpuso las sanciones sobre Ir\u00e1n, que respondi\u00f3 con la aceleraci\u00f3n paulatina de su programa at\u00f3mico. Las autoridades iran\u00edes han asegurado que estas resoluciones no tendr\u00e1n un gran efecto porque se solapan con las sanciones impuestas por Estados Unidos desde 2018 en la llamada pol\u00edtica de \u00abm\u00e1xima presi\u00f3n\u00bb del presidente de EE.UU., <strong>Donald Trump<\/strong>.<\/p>\n<p>Sin embargo, el \u00edndice de precios al consumidor (IPC) en Ir\u00e1n <strong>subi\u00f3 un 45,3% entre agosto y septiembre<\/strong> respecto al mismo periodo del a\u00f1o anterior, en medio de la incertidumbre ante el restablecimiento de las sanciones. El economista Mehdi Pazouki ha alertado de que las medidas punitivas pueden acarrear una serie de consecuencias econ\u00f3micas, sociales y pol\u00edticas, como \u00ab<strong>mayor d\u00e9ficit presupuestario<\/strong>, <strong>recesi\u00f3n<\/strong>, <strong>aumento de la inflaci\u00f3n<\/strong>, <strong>depreciaci\u00f3n de la moneda<\/strong> y <strong>mayor desigualdad<\/strong>\u00ab.<\/p>\n<p>A horas del restablecimiento de las sanciones, la moneda nacional iran\u00ed ha registrado un nuevo m\u00ednimo hist\u00f3rico, al cotizarse a 1.122.200 riales por d\u00f3lar, cayendo un 10,13% respecto al mes anterior.<\/p>\n<p>Pezeshkian rechaza un acuerdo con EE.UU.<\/p>\n<p>El presidente de Ir\u00e1n, <strong>Masoud Pezeshkian<\/strong>, ha asegurado este s\u00e1bado que las autoridades estadounidenses <strong>ofrecieron a Teher\u00e1n una moratoria de tres meses<\/strong> a las sanciones <strong>a cambio de la entrega de todo el uranio enriquecido<\/strong>, una oferta que considera \u00abinaceptable\u00bb.<\/p>\n<p>El mandatario iran\u00ed, que ha indicado que \u00ab<a href=\"https:\/\/www.rtve.es\/noticias\/20250523\/iran-eeuu-quinta-ronda-negociaciones-nucleares-roma\/16593405.shtml\" target=\"_blank\" rel=\"nofollow noopener\">negociar con los estadounidenses es otra cosa<\/a>\u00ab, ha se\u00f1alado que es \u00abnatural que las conversaciones se hayan ca\u00eddo dado que la petici\u00f3n de Estados Unidos <strong>no es aceptable de ninguna manera<\/strong>\u00ab. <\/p>\n<p>\u00abCon los europeos hab\u00edamos llegado a un acuerdo\u00bb, ha sostenido Pezeshkian en declaraciones a la prensa antes de abandonar Nueva York, donde ha asistido al debate de la Asamblea General de Naciones Unidas, seg\u00fan ha recogido la agencia de noticias IRNA.<\/p>\n<p>De hecho, el presidente iran\u00ed ha afirmado que su pa\u00eds prefiere la restauraci\u00f3n de las sanciones de la ONU a <strong>aceptar \u201cdemandas irracionales\u201d<\/strong>. \u00abDespu\u00e9s de todo, resolveremos nuestros problemas\u00bb, ha a\u00f1adido Pezeshkian. \u00abCon las conexiones que tenemos con nuestros vecinos y los BRICS, y con el apoyo del querido pueblo iran\u00ed que cree en su pa\u00eds y su integridad y dignidad, vamos a salir de esta situaci\u00f3n\u00bb, ha afirmado.<\/p>\n<p>Las seis resoluciones que castigan a Ir\u00e1n<\/p>\n<p>Las sanciones que la ONU reactiva como castigo para Ir\u00e1n son:<\/p>\n<ul>\n<li><strong>Suspensi\u00f3n del programa nuclear<\/strong>. Exige a Ir\u00e1n suspender el enriquecimiento de uranio y advirti\u00f3 de la posibilidad de sanciones en caso de incumplimiento. Adem\u00e1s, insta a los Estados miembro de la ONU a que impidan la transferencia de materiales y tecnolog\u00eda que puedan contribuir al enriquecimiento de uranio y al programa de misiles bal\u00edsticos del Ir\u00e1n. <\/li>\n<li><strong>Congelaci\u00f3n de activos <\/strong>de individuos y entidades vinculados al programa nuclear y misil\u00edstico de Ir\u00e1n. <\/li>\n<li><strong>Aislamiento financiero<\/strong>. Llama a la comunidad internacional a que no asuma nuevos compromisos para otorgar subvenciones, asistencia financiera ni pr\u00e9stamos al Gobierno iran\u00ed. Adem\u00e1s, ampl\u00eda la lista de entidades e individuos sancionados por conexiones con el programa nuclear o de misiles iran\u00edes, y proh\u00edbe exportaciones de armas desde Ir\u00e1n. <\/li>\n<li><strong>Inspecciones a buques y aeronaves<\/strong> de varias compa\u00f1\u00edas iran\u00edes cuando haya motivos para creer que transportan art\u00edculos prohibidos por Naciones Unidas. Tambi\u00e9n establece la supervisi\u00f3n de varios bancos iran\u00edes y filiales en el extranjero para evitar que contribuyan a actividades nucleares. <\/li>\n<li><strong>Prohibici\u00f3n de misiles y embargo de armas<\/strong> relacionadas con misiles bal\u00edsticos capaces de transportar armas nucleares, incluidos los lanzamientos de estos proyectiles. Asimismo, impone un embargo total de armas, incluidas piezas de repuesto, y proh\u00edbe la asistencia t\u00e9cnico militar. <\/li>\n<li><strong>Congelaci\u00f3n de fondos en el extranjero<\/strong> de la Guardia Revolucionaria y a sus miembros y llamamiento a los pa\u00edses a prohibir la apertura de nuevas sucursales de bancos en sus territorios.<\/li>\n<\/ul>\n","protected":false},"excerpt":{"rendered":"El Consejo de Seguridad de la ONU restablece este domingo de medianoche las seis resoluciones adoptadas entre 2006&hellip;\n","protected":false},"author":2,"featured_media":143035,"comment_status":"","ping_status":"","sticky":false,"template":"","format":"standard","meta":{"footnotes":""},"categories":[42],"tags":[17,18,13,14,11,61,62,63,64,19,20,9,10,15,16,12,21,22,65,66,67],"class_list":{"0":"post-143034","1":"post","2":"type-post","3":"status-publish","4":"format-standard","5":"has-post-thumbnail","7":"category-internacional","8":"tag-breaking-news","9":"tag-breakingnews","10":"tag-featured-news","11":"tag-featurednews","12":"tag-headlines","13":"tag-internacional","14":"tag-international","15":"tag-international-news","16":"tag-internationalnews","17":"tag-latest-news","18":"tag-latestnews","19":"tag-news","20":"tag-noticias","21":"tag-noticias-destacadas","22":"tag-noticiasdestacadas","23":"tag-titulares","24":"tag-ultimas-noticias","25":"tag-ultimasnoticias","26":"tag-world","27":"tag-world-news","28":"tag-worldnews"},"share_on_mastodon":{"url":"","error":""},"_links":{"self":[{"href":"https:\/\/www.europesays.com\/es\/wp-json\/wp\/v2\/posts\/143034","targetHints":{"allow":["GET"]}}],"collection":[{"href":"https:\/\/www.europesays.com\/es\/wp-json\/wp\/v2\/posts"}],"about":[{"href":"https:\/\/www.europesays.com\/es\/wp-json\/wp\/v2\/types\/post"}],"author":[{"embeddable":true,"href":"https:\/\/www.europesays.com\/es\/wp-json\/wp\/v2\/users\/2"}],"replies":[{"embeddable":true,"href":"https:\/\/www.europesays.com\/es\/wp-json\/wp\/v2\/comments?post=143034"}],"version-history":[{"count":0,"href":"https:\/\/www.europesays.com\/es\/wp-json\/wp\/v2\/posts\/143034\/revisions"}],"wp:featuredmedia":[{"embeddable":true,"href":"https:\/\/www.europesays.com\/es\/wp-json\/wp\/v2\/media\/143035"}],"wp:attachment":[{"href":"https:\/\/www.europesays.com\/es\/wp-json\/wp\/v2\/media?parent=143034"}],"wp:term":[{"taxonomy":"category","embeddable":true,"href":"https:\/\/www.europesays.com\/es\/wp-json\/wp\/v2\/categories?post=143034"},{"taxonomy":"post_tag","embeddable":true,"href":"https:\/\/www.europesays.com\/es\/wp-json\/wp\/v2\/tags?post=143034"}],"curies":[{"name":"wp","href":"https:\/\/api.w.org\/{rel}","templated":true}]}}