{"id":143036,"date":"2025-09-27T21:34:11","date_gmt":"2025-09-27T21:34:11","guid":{"rendered":"https:\/\/www.europesays.com\/es\/143036\/"},"modified":"2025-09-27T21:34:11","modified_gmt":"2025-09-27T21:34:11","slug":"la-pension-media-de-jubilacion-alcanza-los-1-508-euros-en-septiembre-y-eleva-el-gasto-al-record-de-13-638-millones","status":"publish","type":"post","link":"https:\/\/www.europesays.com\/es\/143036\/","title":{"rendered":"La pensi\u00f3n media de jubilaci\u00f3n alcanza los 1.508 euros en septiembre y eleva el gasto al r\u00e9cord de 13.638 millones"},"content":{"rendered":"<p><img decoding=\"async\" class=\"voc-author__img\" src=\"https:\/\/www.europesays.com\/es\/wp-content\/uploads\/2025\/08\/autor-7170-foto-1.jpeg\" alt=\"Xavier Vilaltella\"\/><\/p>\n<p>26\/09\/2025<br \/>\n<br \/><strong><br \/>\nActualizado 27\/09\/2025 a las 00:47h.<br \/>\n<\/strong><\/p>\n<p class=\"voc-p\" style=\"\">Otra vez, y no es ninguna sorpresa porque sucede cada mes, las <a href=\"https:\/\/www.abc.es\/economia\/deuda-publica-cierra-2024-record-162-billones-20250217105009-nt.html\" target=\"_self\" data-voc-vtm-id=\"in-text-traffic\" title=\"pensiones\" data-mrf-link=\"www.abc.es\" rel=\"nofollow noopener\">pensiones<\/a> han vuelto a alcanzar un r\u00e9cord en cuanto al gasto y la cantidad media recibida por los beneficiarios. En concreto, la media de las prestaciones por jubilaci\u00f3n se ha situado en los <strong>1.508,7 euros<\/strong> en septiembre, un 4,4% m\u00e1s que hace un a\u00f1o. Y esta es la prestaci\u00f3n que reciben m\u00e1s personas, 6,5 millones o un tercio del total de los inscritos en el sistema, lo que ha llevado el estipendio total del ministerio que dirige Elma Saiz a batir otro r\u00e9cord, con 13.638,1 millones de euros en un solo mes.<\/p>\n<p class=\"voc-p\" style=\"\">A partir de ah\u00ed hay matices. Por ejemplo, que los jubilados procedentes del R\u00e9gimen General perciben 1.667,6 euros de media, y los aut\u00f3nomos, apenas 1.010. La pensi\u00f3n m\u00e1s malta, por su parte, es la del r\u00e9gimen de la Miner\u00eda del Carb\u00f3n, donde la media se ha situado en los <strong>2.907,7 euros<\/strong>, seguida de los 1.671,8 del R\u00e9gimen Especial de Trabajadores del Mar. A su vez, la pensi\u00f3n media -esto incluye viudedad, orfandad, etc., adem\u00e1s de jubilaci\u00f3n- ha alcanzado los 1.314 euros al mes, un 4,5% m\u00e1s. <\/p>\n<p class=\"voc-p\" style=\"\">El dato que m\u00e1s preocupa, sin embargo, son esos 13.638 millones de gasto, pues hace diez a\u00f1os ya que el sistema -debido a la baja natalidad y productividad- es incapaz de financiarse con las aportaciones de los trabajadores y necesita transferencias del Estado. Para ilustrar el problema, baste decir que, como ya explic\u00f3 ABC, sin este agujero presupuestario <strong>nuestro pa\u00eds tendr\u00eda un super\u00e1vit fiscal cercano al 1% del PIB<\/strong>, en lugar del d\u00e9ficit del 2,8% que tuvo al cierre del a\u00f1o pasado. De hecho, en los \u00faltimos 12 meses la Seguridad Social ha sumado 10.003 millones de euros a su deuda -la misma cantidad, por cierto, que hab\u00eda en la &#8216;hucha de las pensiones&#8217; a cierre de 2024-, lo que eleva el montante total hasta los 126.174 millones de euros. <\/p>\n<p class=\"voc-p\" style=\"\">Esto se explica en parte por las sucesivas revalorizaciones de las pensiones -acorde con el IPC- aplicadas desde que Gobierna Pedro S\u00e1nchez, que se suman al hecho de que cada vez hay m\u00e1s pensionistas y a que los nuevos tienen prestaciones m\u00e1s altas que los que fallecen. Debido a esto \u00faltimo, por cierto, en agosto la cuant\u00eda media de las nuevas altas de jubilaci\u00f3n estuvo en los <strong>1.639,1 euros<\/strong> (1.753,2 euros en el caso del R\u00e9gimen General), lo que anticipa que el sistema avanza con paso firme hacia la insostenibilidad, sin que nuevos impuestos como el Mecanismo de Equidad Intergeneracional hayan servido para cuadrar las cuentas. <\/p>\n<p>Reportar un error<\/p>\n","protected":false},"excerpt":{"rendered":"26\/09\/2025 Actualizado 27\/09\/2025 a las 00:47h. Otra vez, y no es ninguna sorpresa porque sucede cada mes, las&hellip;\n","protected":false},"author":2,"featured_media":143037,"comment_status":"","ping_status":"","sticky":false,"template":"","format":"standard","meta":{"footnotes":""},"categories":[8],"tags":[44284,44283,11539,17,18,8369,25,24,1557,13,14,6362,11,8881,19,20,2750,4724,9,10,15,16,12530,1971,23,12,21,22],"class_list":{"0":"post-143036","1":"post","2":"type-post","3":"status-publish","4":"format-standard","5":"has-post-thumbnail","7":"category-espana","8":"tag-44284","9":"tag-44283","10":"tag-alcanza","11":"tag-breaking-news","12":"tag-breakingnews","13":"tag-eleva","14":"tag-es","15":"tag-espana","16":"tag-euros","17":"tag-featured-news","18":"tag-featurednews","19":"tag-gasto","20":"tag-headlines","21":"tag-jubilacion","22":"tag-latest-news","23":"tag-latestnews","24":"tag-media","25":"tag-millones","26":"tag-news","27":"tag-noticias","28":"tag-noticias-destacadas","29":"tag-noticiasdestacadas","30":"tag-pension","31":"tag-septiembre","32":"tag-spain","33":"tag-titulares","34":"tag-ultimas-noticias","35":"tag-ultimasnoticias"},"share_on_mastodon":{"url":"","error":""},"_links":{"self":[{"href":"https:\/\/www.europesays.com\/es\/wp-json\/wp\/v2\/posts\/143036","targetHints":{"allow":["GET"]}}],"collection":[{"href":"https:\/\/www.europesays.com\/es\/wp-json\/wp\/v2\/posts"}],"about":[{"href":"https:\/\/www.europesays.com\/es\/wp-json\/wp\/v2\/types\/post"}],"author":[{"embeddable":true,"href":"https:\/\/www.europesays.com\/es\/wp-json\/wp\/v2\/users\/2"}],"replies":[{"embeddable":true,"href":"https:\/\/www.europesays.com\/es\/wp-json\/wp\/v2\/comments?post=143036"}],"version-history":[{"count":0,"href":"https:\/\/www.europesays.com\/es\/wp-json\/wp\/v2\/posts\/143036\/revisions"}],"wp:featuredmedia":[{"embeddable":true,"href":"https:\/\/www.europesays.com\/es\/wp-json\/wp\/v2\/media\/143037"}],"wp:attachment":[{"href":"https:\/\/www.europesays.com\/es\/wp-json\/wp\/v2\/media?parent=143036"}],"wp:term":[{"taxonomy":"category","embeddable":true,"href":"https:\/\/www.europesays.com\/es\/wp-json\/wp\/v2\/categories?post=143036"},{"taxonomy":"post_tag","embeddable":true,"href":"https:\/\/www.europesays.com\/es\/wp-json\/wp\/v2\/tags?post=143036"}],"curies":[{"name":"wp","href":"https:\/\/api.w.org\/{rel}","templated":true}]}}