{"id":143038,"date":"2025-09-27T21:35:23","date_gmt":"2025-09-27T21:35:23","guid":{"rendered":"https:\/\/www.europesays.com\/es\/143038\/"},"modified":"2025-09-27T21:35:23","modified_gmt":"2025-09-27T21:35:23","slug":"la-casa-blanca-publica-la-foto-de-felipe-vi-con-donald-trump-cuatro-dias-despues-de-su-encuentro-en-nueva-york","status":"publish","type":"post","link":"https:\/\/www.europesays.com\/es\/143038\/","title":{"rendered":"La Casa Blanca publica la foto de Felipe VI con Donald Trump cuatro d\u00edas despu\u00e9s de su encuentro en Nueva York"},"content":{"rendered":"<p>    MADRID 27 Sep. (EUROPA PRESS) &#8211; <\/p>\n<p>   La Casa Blanca ha distribuido este s\u00e1bado la fotograf\u00eda del encuentro de Felipe VI con el presidente de Estados Unidos, Donald Trump, y la primera dama, Melania Trump, que tuvo lugar el martes en Nueva York.<\/p>\n<p>   El saludo entre Felipe VI y el matrimonio Trump se produjo en el marco de la recepci\u00f3n que el presidente de EEUU ofreci\u00f3 en el Hotel Lotte New York Palace a los jefes de Estado presentes para participar en la Asamblea General de la ONU.<\/p>\n<p>   Cuatro d\u00edas despu\u00e9s del encuentro, la Casa Blanca ha difundido la imagen que inmortaliza el encuentro entre Felipe VI y el mandatario estadounidense.<\/p>\n<p>   El Rey intervino el mi\u00e9rcoles en nombre de Espa\u00f1a ante la Asamblea General de la ONU donde pidi\u00f3 desde la tribuna al Gobierno de Israel que \u00abdetenga la masacre\u00bb en Gaza y que deje de causar \u00abm\u00e1s muertes\u00bb en nombre de un pueblo, el jud\u00edo, \u00abque ha sufrido tanto a lo largo de la historia\u00bb y con el que Espa\u00f1a tiene profundos lazos hist\u00f3ricos.<\/p>\n<p>   En su discurso, y en l\u00ednea con la postura que ha venido manteniendo el Gobierno, el monarca defendi\u00f3 que \u00abno podemos guardar silencio, ni mirar hacia otro lado, ante la devastaci\u00f3n\u00bb, \u00abante tantas muertes entre la poblaci\u00f3n civil; o ante la hambruna y el desplazamiento forzoso de cientos de miles de personas\u00bb. \u00ab\u00bfCon qu\u00e9 destino?\u00bb, se pregunt\u00f3.<\/p>\n","protected":false},"excerpt":{"rendered":"MADRID 27 Sep. (EUROPA PRESS) &#8211; La Casa Blanca ha distribuido este s\u00e1bado la fotograf\u00eda del encuentro de&hellip;\n","protected":false},"author":2,"featured_media":143039,"comment_status":"","ping_status":"","sticky":false,"template":"","format":"standard","meta":{"footnotes":""},"categories":[5],"tags":[17,18,25,24,13,14,11,19,20,9,10,15,16,23,12,21,22],"class_list":{"0":"post-143038","1":"post","2":"type-post","3":"status-publish","4":"format-standard","5":"has-post-thumbnail","7":"category-titulares","8":"tag-breaking-news","9":"tag-breakingnews","10":"tag-es","11":"tag-espana","12":"tag-featured-news","13":"tag-featurednews","14":"tag-headlines","15":"tag-latest-news","16":"tag-latestnews","17":"tag-news","18":"tag-noticias","19":"tag-noticias-destacadas","20":"tag-noticiasdestacadas","21":"tag-spain","22":"tag-titulares","23":"tag-ultimas-noticias","24":"tag-ultimasnoticias"},"share_on_mastodon":{"url":"","error":""},"_links":{"self":[{"href":"https:\/\/www.europesays.com\/es\/wp-json\/wp\/v2\/posts\/143038","targetHints":{"allow":["GET"]}}],"collection":[{"href":"https:\/\/www.europesays.com\/es\/wp-json\/wp\/v2\/posts"}],"about":[{"href":"https:\/\/www.europesays.com\/es\/wp-json\/wp\/v2\/types\/post"}],"author":[{"embeddable":true,"href":"https:\/\/www.europesays.com\/es\/wp-json\/wp\/v2\/users\/2"}],"replies":[{"embeddable":true,"href":"https:\/\/www.europesays.com\/es\/wp-json\/wp\/v2\/comments?post=143038"}],"version-history":[{"count":0,"href":"https:\/\/www.europesays.com\/es\/wp-json\/wp\/v2\/posts\/143038\/revisions"}],"wp:featuredmedia":[{"embeddable":true,"href":"https:\/\/www.europesays.com\/es\/wp-json\/wp\/v2\/media\/143039"}],"wp:attachment":[{"href":"https:\/\/www.europesays.com\/es\/wp-json\/wp\/v2\/media?parent=143038"}],"wp:term":[{"taxonomy":"category","embeddable":true,"href":"https:\/\/www.europesays.com\/es\/wp-json\/wp\/v2\/categories?post=143038"},{"taxonomy":"post_tag","embeddable":true,"href":"https:\/\/www.europesays.com\/es\/wp-json\/wp\/v2\/tags?post=143038"}],"curies":[{"name":"wp","href":"https:\/\/api.w.org\/{rel}","templated":true}]}}