{"id":143046,"date":"2025-09-27T21:42:20","date_gmt":"2025-09-27T21:42:20","guid":{"rendered":"https:\/\/www.europesays.com\/es\/143046\/"},"modified":"2025-09-27T21:42:20","modified_gmt":"2025-09-27T21:42:20","slug":"la-tabla-de-posiciones-del-campeonato-de-la-f1-2025-tras-la-victoria-de-oscar-piastri-en-el-gp-de-belgica","status":"publish","type":"post","link":"https:\/\/www.europesays.com\/es\/143046\/","title":{"rendered":"La tabla de posiciones del campeonato de la F1 2025 tras la victoria de Oscar Piastri en el GP de B\u00e9lgica"},"content":{"rendered":"<p data-testid=\"paragraph\" class=\"mb-[20px] md:mb-[30px] break-word\">La <a href=\"https:\/\/bolavip.com\/ar\/formula-1\" target=\"_blank\" rel=\"noreferrer noopener nofollow\" class=\"break-word font-articleLinkText text-articleLinkText hover:text-articleLinkTextHover hover:bg-articleLinkTextHoverBg cursor-pointer border-solid border-b-articleLinkTextHover\">F\u00f3rmula 1<\/a> complet\u00f3 una de las pruebas m\u00e1s duras de toda la temporada con la exigencia que siempre presenta el circuito de Spa-Francorchamps, que en este 2025 tambi\u00e9n incluy\u00f3 la lluvia durante la primera mitad de la competencia como factor importante en la carrera.<\/p>\n<p data-testid=\"paragraph\" class=\"mb-[20px] md:mb-[30px] break-word\">Al final de todo, el l\u00edder del campeonato mundial, <a href=\"https:\/\/bolavip.com\/ar\/tema\/oscar-piastri\" target=\"_blank\" rel=\"noreferrer noopener nofollow\" class=\"break-word font-articleLinkText text-articleLinkText hover:text-articleLinkTextHover hover:bg-articleLinkTextHoverBg cursor-pointer border-solid border-b-articleLinkTextHover\">Oscar Piastri<\/a>, <strong>se qued\u00f3 con la victoria en el<\/strong> <strong>Gran Premio de B\u00e9lgica<\/strong> tras administrar la ventaja contra <a href=\"https:\/\/bolavip.com\/ar\/tema\/lando-norris\" target=\"_blank\" rel=\"noreferrer noopener nofollow\" class=\"break-word font-articleLinkText text-articleLinkText hover:text-articleLinkTextHover hover:bg-articleLinkTextHoverBg cursor-pointer border-solid border-b-articleLinkTextHover\">Lando Norris<\/a> a pesar de la desventaja en la degradaci\u00f3n de sus neum\u00e1ticos en la \u00faltima parte de la carrera.<\/p>\n<p data-testid=\"paragraph\" class=\"mb-[20px] md:mb-[30px] break-word\">Con ello, Piastri estir\u00f3 la diferencia en la cima del campeonato mundial a 11 puntos sobre su compa\u00f1ero de equipo, mientras que <a href=\"https:\/\/bolavip.com\/ar\/tema\/mclaren\" target=\"_blank\" rel=\"noreferrer noopener nofollow\" class=\"break-word font-articleLinkText text-articleLinkText hover:text-articleLinkTextHover hover:bg-articleLinkTextHoverBg cursor-pointer border-solid border-b-articleLinkTextHover\">McLaren<\/a> sigue estirando su ventaja en el campeonato de constructores con un nuevo 1-2 en esta temporada 2025 de la F\u00f3rmula 1.<\/p>\n<p><img decoding=\"async\" src=\"https:\/\/www.europesays.com\/es\/wp-content\/uploads\/2025\/09\/BAR_20250727_BAR_506190_gettyimages-2227097973-612x612-1_d4cfd3f7.webp&#038;width=648&#038;height=414.webp\" width=\"648\" height=\"414\" alt=\"Los McLaren siguen dominando en la F1 2025.\" class=\"h-auto\" loading=\"lazy\"\/><\/p>\n<p class=\"text-center mt-5 text-[14px] leading-[20px] font-normal\">Los McLaren siguen dominando en la F1 2025.<\/p>\n<p>As\u00ed qued\u00f3 la tabla de posiciones del campeonato de pilotos de la F1 2025<\/p>\n<ol class=\"list-decimal ps-10 mb-[20px] md:mb-[30px]\">\n<li class=\"break-word\"><strong>Oscar Piastri<\/strong> (McLaren) \u2013 266pts<\/li>\n<li class=\"break-word\"><strong>Lando Norris<\/strong> (McLaren) \u2013 250pts<\/li>\n<li class=\"break-word\"><strong>Max Verstappen<\/strong> (Red Bull Racing) \u2013 185pts<\/li>\n<li class=\"break-word\"><strong>George Russell<\/strong> (Mercedes) \u2013 157pts<\/li>\n<li class=\"break-word\"><strong>Charles Leclerc<\/strong> (Ferrari) \u2013 139pts<\/li>\n<li class=\"break-word\"><strong>Lewis Hamilton<\/strong> (Ferrari) \u2013 109pts<\/li>\n<li class=\"break-word\"><strong>Kimi Antonelli<\/strong> (Mercedes) \u2013 63pts<\/li>\n<li class=\"break-word\"><strong>Alexander Albon<\/strong> (Williams) \u2013 54pts<\/li>\n<li class=\"break-word\"><strong>Nico Hulkenberg<\/strong> (Kick Sauber) \u2013 37pts<\/li>\n<li class=\"break-word\"><strong>Esteban Ocon<\/strong> (Haas) \u2013 27pts<\/li>\n<li class=\"break-word\"><strong>Isack Hadjar<\/strong> (Racing Bulls) \u2013 22pts<\/li>\n<li class=\"break-word\"><strong>Lance Stroll<\/strong> (Aston Martin) \u2013 20pts<\/li>\n<li class=\"break-word\"><strong>Pierre Gasly<\/strong> (Alpine) \u2013 20pts<\/li>\n<li class=\"break-word\"><strong>Fernando Alonso<\/strong> (Aston Martin) \u2013 16pts<\/li>\n<li class=\"break-word\"><strong>Carlos Sainz<\/strong> (Williams) \u2013 16pts<\/li>\n<li class=\"break-word\"><strong>Liam Lawson<\/strong> (Racing Bulls) \u2013 16pts<\/li>\n<li class=\"break-word\"><strong>Yuki Tsunoda<\/strong> (Red Bull Racing) \u2013 10pts<\/li>\n<li class=\"break-word\"><strong>Oliver Bearman<\/strong> (Haas) \u2013 8pts<\/li>\n<li class=\"break-word\"><strong>Gabriel Bortoleto<\/strong> (Kick Sauber) \u2013 6pts<\/li>\n<li class=\"break-word\"><strong>Franco Colapinto<\/strong> (Alpine) \u2013 0pts<\/li>\n<li class=\"break-word\"><strong>Jack Doohan<\/strong> (Alpine) \u2013 0pts<\/li>\n<\/ol>\n<p>As\u00ed qued\u00f3 la tabla de posiciones del campeonato de constructores de la F1 2025<\/p>\n<ol class=\"list-decimal ps-10 mb-[20px] md:mb-[30px]\">\n<li class=\"break-word\"><strong>McLaren <\/strong>\u2013 503 puntos<\/li>\n<li class=\"break-word\"><strong>Ferrari<\/strong> \u2013 237 puntos<\/li>\n<li class=\"break-word\"><strong>Mercedes<\/strong> \u2013 220 puntos<\/li>\n<li class=\"break-word\"><strong>Red Bull<\/strong> \u2013 184 puntos<\/li>\n<li class=\"break-word\"><strong>Williams <\/strong>\u2013 67 puntos<\/li>\n<li class=\"break-word\"><strong>RB <\/strong>\u2013 46 puntos<\/li>\n<li class=\"break-word\"><strong>Kick Sauber<\/strong> \u2013 43 puntos<\/li>\n<li class=\"break-word\"><strong>Haas <\/strong>\u2013 29 puntos<\/li>\n<li class=\"break-word\"><strong>Aston Martin<\/strong> \u2013 28 puntos<\/li>\n<li class=\"break-word\"><strong>Alpine <\/strong>\u2013 20 puntos<\/li>\n<\/ol>\n<p data-testid=\"paragraph\" class=\"break-word\">La pr\u00f3xima carrera del calendario tiene como destino Mogyor\u00f3d, para disputar el Gran Premio de Hungr\u00eda en otro circuito cl\u00e1sico como lo es el Hungaroring. El Gran Premio de Hungr\u00eda se correr\u00e1 el fin de semana de 1, 2 y 3 de agosto.<\/p>\n","protected":false},"excerpt":{"rendered":"La F\u00f3rmula 1 complet\u00f3 una de las pruebas m\u00e1s duras de toda la temporada con la exigencia que&hellip;\n","protected":false},"author":2,"featured_media":143047,"comment_status":"","ping_status":"","sticky":false,"template":"","format":"standard","meta":{"footnotes":""},"categories":[270],"tags":[168,25,24,306,271,272,2704,2106,23,167],"class_list":{"0":"post-143046","1":"post","2":"type-post","3":"status-publish","4":"format-standard","5":"has-post-thumbnail","7":"category-formula-1","8":"tag-deportes","9":"tag-es","10":"tag-espana","11":"tag-f1","12":"tag-formula-1","13":"tag-formula1","14":"tag-mclaren","15":"tag-oscar-piastri","16":"tag-spain","17":"tag-sports"},"share_on_mastodon":{"url":"","error":""},"_links":{"self":[{"href":"https:\/\/www.europesays.com\/es\/wp-json\/wp\/v2\/posts\/143046","targetHints":{"allow":["GET"]}}],"collection":[{"href":"https:\/\/www.europesays.com\/es\/wp-json\/wp\/v2\/posts"}],"about":[{"href":"https:\/\/www.europesays.com\/es\/wp-json\/wp\/v2\/types\/post"}],"author":[{"embeddable":true,"href":"https:\/\/www.europesays.com\/es\/wp-json\/wp\/v2\/users\/2"}],"replies":[{"embeddable":true,"href":"https:\/\/www.europesays.com\/es\/wp-json\/wp\/v2\/comments?post=143046"}],"version-history":[{"count":0,"href":"https:\/\/www.europesays.com\/es\/wp-json\/wp\/v2\/posts\/143046\/revisions"}],"wp:featuredmedia":[{"embeddable":true,"href":"https:\/\/www.europesays.com\/es\/wp-json\/wp\/v2\/media\/143047"}],"wp:attachment":[{"href":"https:\/\/www.europesays.com\/es\/wp-json\/wp\/v2\/media?parent=143046"}],"wp:term":[{"taxonomy":"category","embeddable":true,"href":"https:\/\/www.europesays.com\/es\/wp-json\/wp\/v2\/categories?post=143046"},{"taxonomy":"post_tag","embeddable":true,"href":"https:\/\/www.europesays.com\/es\/wp-json\/wp\/v2\/tags?post=143046"}],"curies":[{"name":"wp","href":"https:\/\/api.w.org\/{rel}","templated":true}]}}