{"id":143048,"date":"2025-09-27T21:43:21","date_gmt":"2025-09-27T21:43:21","guid":{"rendered":"https:\/\/www.europesays.com\/es\/143048\/"},"modified":"2025-09-27T21:43:21","modified_gmt":"2025-09-27T21:43:21","slug":"70-75-un-luchador-valencia-basket-defendera-su-corona-de-campeon","status":"publish","type":"post","link":"https:\/\/www.europesays.com\/es\/143048\/","title":{"rendered":"70-75 | Un luchador Valencia Basket defender\u00e1 su corona de campe\u00f3n"},"content":{"rendered":"\n<p>        <a id=\"volverHyperlink\" class=\"btn volver\" href=\"https:\/\/www.feb.es\/2025\/9\/27\/baloncesto\/luchador-valencia-basket-defendera-corona-campeon\/javascript:history.go(-1);\" rel=\"nofollow noopener\" target=\"_blank\">Volver<\/a><\/p>\n<p>&#13;<br \/>\n\tCr\u00f3nica&#13;\n<\/p>\n<p>SUPERCOPA LF ENDESA<\/p>\n<p>70-75 | Un luchador Valencia Basket defender\u00e1 su corona de campe\u00f3n<\/p>\n<p>27\/09\/2025 &#8211; 19:38<\/p>\n<p>Despeg\u00f3 en el marcador el Valencia Basket tras un gran segundo cuarto y eso le permiti\u00f3 gozar de una c\u00f3moda renta durante un buen n\u00famero de minutos, pero la reacci\u00f3n de la siempre inspirada Andrea Vilar\u00f3 a punto estuvo de invertir la suerte de uno y otro equipo en un tramo final en el que el empuje de Awa Fam y el juego colectivo terminaron por decantar la balanza a favor de las de Rub\u00e9n Burgos.<\/p>\n<p>                  &#13;<br \/>\n                    &#13;<br \/>\n                                                            &#13;<\/p>\n<tr>&#13;<\/p>\n<td class=\"parciales\" colspan=\"4\">18-20 | 13-26 | 15-13 | 24-16<a href=\"https:\/\/baloncestoenvivo.feb.es\/partido\/2492306\" id=\"enlaceEstadisticaHref\" target=\"_blank\" rel=\"nofollow noopener\">Ver la estad\u00edstica completa<\/a><\/td>\n<p>&#13;<\/p>\n<td class=\"concepto\">Cuartos<\/td>\n<p>&#13;<br \/>\n                        <\/tr>\n<p>&#13;<br \/>\n                    &#13;<\/p>\n<tr>&#13;<\/p>\n<td class=\"team\">PERFUMER\u00cdAS AVENIDA<\/td>\n<p>&#13;<\/p>\n<td class=\"result\">70<\/td>\n<p>&#13;<\/p>\n<td class=\"result\">75<\/td>\n<p>&#13;<\/p>\n<td class=\"team\">VALENCIA BASKET<\/td>\n<p>&#13;<\/p>\n<td class=\"concepto\">Resultado<\/td>\n<p>&#13;<br \/>\n                        <\/tr>\n<p> &#13;<br \/>\n                    &#13;<\/p>\n<tr>&#13;<\/p>\n<td class=\"player\">S. ZELLOUS <\/td>\n<p>&#13;<\/p>\n<td class=\"total\">14 <\/td>\n<p>&#13;<\/p>\n<td class=\"total\">22 <\/td>\n<p>&#13;<\/p>\n<td class=\"player\">H. BEN ABDELKADER <\/td>\n<p>&#13;<\/p>\n<td class=\"concepto\">M\u00e1x. Anotadores<\/td>\n<p>&#13;<br \/>\n                        <\/tr>\n<p>&#13;<br \/>\n                    &#13;<\/p>\n<tr>&#13;<\/p>\n<td class=\"player\">K. CAVE<\/td>\n<p>&#13;<\/p>\n<td class=\"total\">7 <\/td>\n<p>&#13;<\/p>\n<td class=\"total\">9 <\/td>\n<p>&#13;<\/p>\n<td class=\"player\">A. FAM <\/td>\n<p>&#13;<\/p>\n<td class=\"concepto\">M\u00e1x. Reboteadores<\/td>\n<p>&#13;<br \/>\n                        <\/tr>\n<p>&#13;<br \/>\n                      &#13;<\/p>\n<p>                \u00c1REA DE COMUNICACI\u00d3N<\/p>\n<p>Hab\u00edan dejado claro los dos equipos en sus declaraciones previas que no esperaban ni mucho menos un partido sencillo ante un rival con mucha calidad en sus filas. Una afirmaci\u00f3n que ambos t\u00e9cnicos pudieron comprobar de primera mano durante las primeras acciones de un encuentro en el que el talento de Claudia Soriano hizo acto de presencia para poder liderar las primeras acciones del Perfumer\u00edas Avenida. Cog\u00edan impulso las azulonas en el marcador, pero seguidas muy de cerca en todo momento por un Valencia Basket que afinaba el punto de mira desde el triple y en el que Lekovic y Ben Abdelkader parecieron sentirse realmente c\u00f3modas. Una inercia que dio su primera renta a las taronjas en el tramo final del cuarto y que les otorgaba as\u00ed una ventaja parcial con la que asumir el mando en el marcador (18-20).<\/p>\n<p>Fue, con el comienzo del segundo cuarto cuando m\u00e1s c\u00f3modo comenz\u00f3 a sentirse un Valencia Basket que lograba crecer desde la circulaci\u00f3n de Bal\u00f3n. Un equipo que daba a su vez un paso al frente en defensa, alejando a las salmantinas del aro y provocando tiros inc\u00f3modos con los que poder correr la pista. Con ello, las de Rub\u00e9n Burgos alcanzaban rentas m\u00e1ximas al t\u00e9rmino de un segundo cuarto que parec\u00eda invitar al optimismo para sus intereses (31-46).<\/p>\n<p>Estaba por ver si el equipo valenciano pod\u00eda mantener esa inercia, pero el Perfumer\u00edas Avenida no hab\u00eda dicho aun su \u00faltima palabra. De ello se encarg\u00f3 una Andrea Vilar\u00f3 l\u00edder de la reacci\u00f3n azulona con un gran acierto exterior y un intenso trabajo defensivo con el que colocar a su equipo a 3 puntos a falta del \u00faltimo minuto de partido. Un momento crucial y en el que el Valencia Basket sac\u00f3 las garrar para hacerse fuerte bajo su propio aro y poder lanzar as\u00ed su \u00faltima ofensiva hacia una victoria con la que defender el t\u00edtulo en la final del domingo (70-75).<\/p>\n<p>AUDIO: <a href=\"https:\/\/www.feb.es\/Documentos\/Archivo\/upload\/SEMI2AMONTANANAPOST202526.mp4\" target=\"_self\" rel=\"nofollow noopener\">Ana Monta\u00f1ana y Andrea Vilar\u00f3 (Perfumer\u00edas Avenida)<\/a><\/p>\n<p>AUDIO: <a href=\"https:\/\/www.feb.es\/Documentos\/Archivo\/upload\/SCSEMI1RBURGOSPOST202526.mp4\" target=\"_self\" rel=\"nofollow noopener\">Rub\u00e9n Burgos y Raquel Carrera (Valencia Basket)<\/a><\/p>\n<p>&#13;<br \/>\n                        MVP del Partido&#13;<br \/>\n                        H. BEN ABDELKADER&#13;<br \/>\n                        27 Val.&#13;<br \/>\n                        &#13;\n                    <\/p>\n","protected":false},"excerpt":{"rendered":"Volver &#13; Cr\u00f3nica&#13; SUPERCOPA LF ENDESA 70-75 | Un luchador Valencia Basket defender\u00e1 su corona de campe\u00f3n 27\/09\/2025&hellip;\n","protected":false},"author":2,"featured_media":143049,"comment_status":"","ping_status":"","sticky":false,"template":"","format":"standard","meta":{"footnotes":""},"categories":[269],"tags":[4605,299,1918,298,4597,4613,4616,4609,4608,4610,168,4603,4606,25,24,4120,4598,4614,2713,4601,830,4599,4600,4602,4615,4617,4607,4604,23,167,4611,4612],"class_list":{"0":"post-143048","1":"post","2":"type-post","3":"status-publish","4":"format-standard","5":"has-post-thumbnail","7":"category-baloncesto","8":"tag-arbitros-baloncesto","9":"tag-baloncesto","10":"tag-basket","11":"tag-basketball","12":"tag-basquet","13":"tag-canalfeb","14":"tag-clasificacion","15":"tag-copa-princesa","16":"tag-copa-principe","17":"tag-copa-reina","18":"tag-deportes","19":"tag-eba","20":"tag-entrenadores-baloncesto","21":"tag-es","22":"tag-espana","23":"tag-estadisticas","24":"tag-federacion-baloncesto","25":"tag-jornada-virtual","26":"tag-jugadores","27":"tag-laeb-plata","28":"tag-leb-oro","29":"tag-liga-espana","30":"tag-liga-espanola-baloncesto","31":"tag-liga-femenina","32":"tag-marcadores-baloncesto","33":"tag-rankings","34":"tag-reglas-baloncesto","35":"tag-seleccion-baloncesto","36":"tag-spain","37":"tag-sports","38":"tag-supercopa","39":"tag-television-baloncesto"},"share_on_mastodon":{"url":"","error":""},"_links":{"self":[{"href":"https:\/\/www.europesays.com\/es\/wp-json\/wp\/v2\/posts\/143048","targetHints":{"allow":["GET"]}}],"collection":[{"href":"https:\/\/www.europesays.com\/es\/wp-json\/wp\/v2\/posts"}],"about":[{"href":"https:\/\/www.europesays.com\/es\/wp-json\/wp\/v2\/types\/post"}],"author":[{"embeddable":true,"href":"https:\/\/www.europesays.com\/es\/wp-json\/wp\/v2\/users\/2"}],"replies":[{"embeddable":true,"href":"https:\/\/www.europesays.com\/es\/wp-json\/wp\/v2\/comments?post=143048"}],"version-history":[{"count":0,"href":"https:\/\/www.europesays.com\/es\/wp-json\/wp\/v2\/posts\/143048\/revisions"}],"wp:featuredmedia":[{"embeddable":true,"href":"https:\/\/www.europesays.com\/es\/wp-json\/wp\/v2\/media\/143049"}],"wp:attachment":[{"href":"https:\/\/www.europesays.com\/es\/wp-json\/wp\/v2\/media?parent=143048"}],"wp:term":[{"taxonomy":"category","embeddable":true,"href":"https:\/\/www.europesays.com\/es\/wp-json\/wp\/v2\/categories?post=143048"},{"taxonomy":"post_tag","embeddable":true,"href":"https:\/\/www.europesays.com\/es\/wp-json\/wp\/v2\/tags?post=143048"}],"curies":[{"name":"wp","href":"https:\/\/api.w.org\/{rel}","templated":true}]}}