{"id":143054,"date":"2025-09-27T21:46:13","date_gmt":"2025-09-27T21:46:13","guid":{"rendered":"https:\/\/www.europesays.com\/es\/143054\/"},"modified":"2025-09-27T21:46:13","modified_gmt":"2025-09-27T21:46:13","slug":"the-sense-of-silence-art-gallery-acoge-una-inedita-inmersion-visual-y-sonora-a-la-amazonia-2","status":"publish","type":"post","link":"https:\/\/www.europesays.com\/es\/143054\/","title":{"rendered":"The Sense of Silence Art Gallery acoge una in\u00e9dita inmersi\u00f3n visual y sonora a la Amazonia"},"content":{"rendered":"<p data-gtm-element-container=\"modulo-texto-link\" class=\"paragraph\">Durante a\u00f1os hemos contemplado infinidad de im\u00e1genes de la Amazonia pero pocas veces hemos reparado en sus sonidos y silencios.\u00a0 Pero, \u00bfc\u00f3mo vibra la selva tropical m\u00e1s extensa del planeta? \u00bfc\u00f3mo suena? Esa ha sido precisamente una de las grandes motivaciones del ingeniero en biotecnolog\u00eda Michel Andr\u00e9 para dise\u00f1ar su exposici\u00f3n m\u00e1s exigente hasta la fecha. Se titula \u201cAmazonie telle que je l\u2019entends\u201d (La Amazonia tal como yo la entiendo) y\u00a0 aterriza en The Sense of Silence Art Gallery de Vilanova i la Geltr\u00fa (Rambla Joan Baptista Pirelli, 94) en forma de un viaje visual y sonoro a trav\u00e9s de los ritmos ocultos de la vida en el coraz\u00f3n de esa inmensa biomasa tropical.<\/p>\n<p>                <img loading=\"lazy\" decoding=\"async\" data-full-src=\"https:\/\/www.lavanguardia.com\/uploads\/2025\/09\/19\/68cd2fa400c31.jpeg\" alt=\"Cada imagen es la prolongaci\u00f3n de una inmersi\u00f3n ac\u00fastica\" width=\"449\" height=\"599\" src=\"https:\/\/www.europesays.com\/es\/wp-content\/uploads\/2025\/09\/68cd2fa400c31.jpeg\" class=\"lazy\"\/><\/p>\n<p class=\"caption-title \">Cada imagen es la prolongaci\u00f3n de una inmersi\u00f3n ac\u00fastica<\/p>\n<p>                    Richard Andr\u00e9<\/p>\n<p data-gtm-element-container=\"modulo-texto-link\" class=\"paragraph\">Galardonado con el Premio Rolex a la Iniciativa en 2002 y fundador de The Sense of Silence Foundation, Michel Andr\u00e9\u00a0 ha estudiado durante toda su trayectoria los sonidos producidos por los ecosistemas terrestres y marinos. Su trabajo lo ha llevado desde las profundidades oce\u00e1nicas hasta los confines de la Amazonia, donde el silencio se convierte en una herramienta de conocimiento y sus investigaciones nos han aproximado, por ejemplo, a los complejos lenguajes de comunicaci\u00f3n que tienen algunas especies. Ha ideado un sistema para escuchar a mam\u00edferos gigantes y alertar a los capitanes de barco si uno estaba en su camino. Con micr\u00f3fonos adaptados a los entornos, cre\u00f3 un sistema de monitorizaci\u00f3n de contextos inaccesibles como el fondo marino o la selva.<\/p>\n<p>                <img loading=\"lazy\" decoding=\"async\" data-full-src=\"https:\/\/www.lavanguardia.com\/uploads\/2025\/09\/19\/68cd310becd86.jpeg\" alt=\"A diferencia de los fot\u00f3grafos tradicionales, Andr\u00e9 no registra todo por la vista, sino que es guiado por el sonido\" width=\"449\" height=\"607\" src=\"https:\/\/www.europesays.com\/es\/wp-content\/uploads\/2025\/09\/68cd310becd86.jpeg\" class=\"lazy\"\/><\/p>\n<p class=\"caption-title \">A diferencia de los fot\u00f3grafos tradicionales, Andr\u00e9 no registra todo por la vista, sino que es guiado por el sonido<\/p>\n<p>                    Michel Andr\u00e9<\/p>\n<p data-gtm-element-container=\"modulo-texto-link\" class=\"paragraph\">\u201cLa Amazon\u00eda no es solo una selva. Es un aliento, un organismo, una catedral de vida. Solo se deja ver por quienes se toman el tiempo de escucharla\u201d,\u00a0 explica este cient\u00edfico que\u00a0dirige el Laboratorio de Aplicaciones Bioac\u00fasticas de la Universidad Polit\u00e9cnica de Catalunya.<\/p>\n<p data-gtm-element-container=\"modulo-texto-link\" class=\"paragraph\">La exposici\u00f3n, que tambi\u00e9n se puede visitar desde info@thesenceofsilence.com,\u00a0 propone un di\u00e1logo \u00edntimo entre imagen y sonido, entre la selva amaz\u00f3nica y quien la ha escuchado durante a\u00f1os: Michel Andr\u00e9. Estas fotograf\u00edas nacen de un enfoque \u00fanico: capturar momentos guiados no por la vista, sino por el o\u00eddo de modo que cada imagen es la prolongaci\u00f3n de una inmersi\u00f3n ac\u00fastica, tomada en lugares donde la selva, los r\u00edos y los seres vivos cuentan su historia a trav\u00e9s de una sinfon\u00eda de vibraciones.<\/p>\n<p>        Lee tambi\u00e9n<\/p>\n<p>    Margarita Puig<\/p>\n<p>             <img loading=\"lazy\" decoding=\"async\" data-full-src=\"https:\/\/www.lavanguardia.com\/uploads\/2025\/05\/22\/682ef3cd4fe53.png\" alt=\"Uno de los muchos espacios de exposici\u00f3n del Science Gateway del CERN\" width=\"104\" height=\"108\" src=\"https:\/\/www.europesays.com\/es\/wp-content\/uploads\/2025\/09\/682ef3cd4fe53.r_d.317-322.png\" class=\"lazy\"\/><\/p>\n<p data-gtm-element-container=\"modulo-texto-link\" class=\"paragraph\">Bajo el agua y en las alturas de los \u00e1rboles, mundos sonoros insospechados revelan la extraordinaria complejidad de las interacciones entre especies. El canto de los p\u00e1jaros, las comunicaciones secretas de los delfines de agua dulce, las percusiones de los peces contra las ra\u00edces sumergidas: esta riqueza ac\u00fastica compone un ecosistema vivo, fr\u00e1gil y en constante transformaci\u00f3n.<\/p>\n<p data-gtm-element-container=\"modulo-texto-link\" class=\"paragraph\">\u00a0La exposici\u00f3n tambi\u00e9n rinde homenaje a la presencia discreta pero esencial de los pueblos ind\u00edgenas, verdaderos guardianes de esta selva cuyo saber ancestral inspira hoy en d\u00eda tecnolog\u00edas avanzadas para la conservaci\u00f3n de la biodiversidad.<\/p>\n","protected":false},"excerpt":{"rendered":"Durante a\u00f1os hemos contemplado infinidad de im\u00e1genes de la Amazonia pero pocas veces hemos reparado en sus sonidos&hellip;\n","protected":false},"author":2,"featured_media":135549,"comment_status":"","ping_status":"","sticky":false,"template":"","format":"standard","meta":{"footnotes":""},"categories":[173],"tags":[229,233,231,230,232,234,146,147,25,24,23],"class_list":{"0":"post-143054","1":"post","2":"type-post","3":"status-publish","4":"format-standard","5":"has-post-thumbnail","7":"category-arte-y-diseno","8":"tag-arte","9":"tag-arte-y-diseno","10":"tag-arts","11":"tag-arts-and-design","12":"tag-design","13":"tag-diseno","14":"tag-entertainment","15":"tag-entretenimiento","16":"tag-es","17":"tag-espana","18":"tag-spain"},"share_on_mastodon":{"url":"","error":""},"_links":{"self":[{"href":"https:\/\/www.europesays.com\/es\/wp-json\/wp\/v2\/posts\/143054","targetHints":{"allow":["GET"]}}],"collection":[{"href":"https:\/\/www.europesays.com\/es\/wp-json\/wp\/v2\/posts"}],"about":[{"href":"https:\/\/www.europesays.com\/es\/wp-json\/wp\/v2\/types\/post"}],"author":[{"embeddable":true,"href":"https:\/\/www.europesays.com\/es\/wp-json\/wp\/v2\/users\/2"}],"replies":[{"embeddable":true,"href":"https:\/\/www.europesays.com\/es\/wp-json\/wp\/v2\/comments?post=143054"}],"version-history":[{"count":0,"href":"https:\/\/www.europesays.com\/es\/wp-json\/wp\/v2\/posts\/143054\/revisions"}],"wp:featuredmedia":[{"embeddable":true,"href":"https:\/\/www.europesays.com\/es\/wp-json\/wp\/v2\/media\/135549"}],"wp:attachment":[{"href":"https:\/\/www.europesays.com\/es\/wp-json\/wp\/v2\/media?parent=143054"}],"wp:term":[{"taxonomy":"category","embeddable":true,"href":"https:\/\/www.europesays.com\/es\/wp-json\/wp\/v2\/categories?post=143054"},{"taxonomy":"post_tag","embeddable":true,"href":"https:\/\/www.europesays.com\/es\/wp-json\/wp\/v2\/tags?post=143054"}],"curies":[{"name":"wp","href":"https:\/\/api.w.org\/{rel}","templated":true}]}}