{"id":143055,"date":"2025-09-27T21:48:17","date_gmt":"2025-09-27T21:48:17","guid":{"rendered":"https:\/\/www.europesays.com\/es\/143055\/"},"modified":"2025-09-27T21:48:17","modified_gmt":"2025-09-27T21:48:17","slug":"audiencias-26-de-septiembre-de-2025","status":"publish","type":"post","link":"https:\/\/www.europesays.com\/es\/143055\/","title":{"rendered":"Audiencias 26 de septiembre de 2025"},"content":{"rendered":"<p>LO M\u00c1S VISTO de ayer viernes 26 de septiembre de 2025 fue <b>ANTENA 3 NOTICIAS 1<\/b>. El espacio logr\u00f3 1.974.000 espectadores de audiencia media y el 23,3% de cuota de pantalla.<\/p>\n<p><strong>Audiencias TV<\/strong><\/p>\n<p>LO M\u00c1S VISTO de ayer viernes 26 de septiembre de 2025 fue <b>ANTENA 3 NOTICIAS 1<\/b>, emitido en Antena3 a las 14:58 horas. El espacio logr\u00f3 1.974.000 espectadores de audiencia media y el 23,3% de cuota de pantalla. Un total de 2.886.000 individuos vieron al menos un minuto del informativo. Adem\u00e1s, el programa aport\u00f3 a Antena3 0,8 puntos de cuota de los 14 que firm\u00f3 la cadena en el Total D\u00eda. Por otro lado, el MINUTO DE ORO de la jornada de ayer se registr\u00f3 a las 21:03 horas durante la emisi\u00f3n en Antena3 <b>de PASAPALABRA<\/b>. En ese instante, 2.323.000 espectadores sintonizaban con el concurso.<\/p>\n<p>A continuaci\u00f3n, se detallan los programas con mejores audiencias en el prime time del viernes 26 de septiembre de 2025 (con emisi\u00f3n entre las 22:00 y las 24:00 horas):1. (Antena3) <b>LA VOZ:AUDICIONES<\/b>: 13,2% y 1.070.000.2. (Antena3) <b>LA VOZ:A PUNTO DE EMPEZAR<\/b>: 9,9% y 1.004.000.3. (Telecinco) <b>\u00a1DE VIERNES!<\/b>: 12,1% y 866.000.4. (La1) <b>PLAN DE C1NE <\/b>: 8,1% y 739.000.5. (Cuatro) <b>EL BLOCKBUSTER <\/b>: 7,9% y 715.000.6. (Cuatro) <b>FIRST DATES<\/b>: 6,6% y 655.000.7. (La Sexta) <b>LASEXTA COLUMNA <\/b>: 5,8% y 582.000.8. (La2) <b>CIFRAS Y LETRAS<\/b>: 5,4% y 536.000.9. (La Sexta) <b>EQUIPO DE INVESTIGACION <\/b>: 5,3% y 515.000.10. (La2) <b>PLANO GENERAL <\/b>: 4,1% y 410.000.<\/p>\n<p>El programa con m\u00e1s audiencia entre los canales Tem\u00e1ticos de TDT fue la pel\u00edcula <b>RAICES PROFUNDAS<\/b>, emitida en TRECE a las 17:56 horas, con un promedio de 323.000 espectadores y el 4,7% de cuota. 925.000 personas vieron al menos un minuto del largometraje.<\/p>\n<p>El conjunto de cadenas <b>Auton\u00f3micas de FORTA<\/b> promedi\u00f3 ayer a nivel nacional el 8,9% de cuota de pantalla. <b>Arag\u00f3n TV<\/b> fue el canal auton\u00f3mico m\u00e1s visto del d\u00eda con el 15% de share, seguido de <b>TV3<\/b> con el 14,5% y de <b>Canal Sur<\/b> con el 11,3%. Completan el top-5 <b>TVG<\/b> (9,8%) y <b>ETB2<\/b> (7,6%).<\/p>\n<p>Dentro del universo de Pago, lo m\u00e1s visto del d\u00eda fue el partido <b>GIRONA-ESPANYOL<\/b> de <b>FUTBOL:LIGA ESPA\u00d1OLA<\/b>, emitido en LaLiga TV por M+ a las 21:00 horas, con una audiencia media de 208.000 espectadores y el 18,3% de cuota Pago. La emisi\u00f3n alcanz\u00f3 los 521.000 contactos.<\/p>\n<p>El ESTRENO m\u00e1s destacado del d\u00eda de ayer fue el espacio cinem\u00e1togr\u00e1fico <b>PLAN DE C1NE 2<\/b> en La1, que arranc\u00f3 con la emisi\u00f3n de la pel\u00edcula <b>ANGELES Y DEMONIOS(ANGELS AND DEMONS)<\/b>. El largometraje emitido a las 00:20 horas se estren\u00f3 con una audiencia de 376.000 espectadores y firm\u00f3 el 9,3% de cuota. Un total de 1.388.000 individuos sintonizaron con la primera emisi\u00f3n del programa.<\/p>\n<p>En lo que a visionado en DIFERIDO se refiere, el episodio de <b>SUE\u00d1OS DE LIBERTAD<\/b> emitido en Antena3 a las 15:52 horas fue el programa con mayor seguimiento del d\u00eda. La emisi\u00f3n sum\u00f3 otros 145.000 espectadores a su audiencia lineal. <\/p>\n<p>Por \u00faltimo, el programa que registra un mayor n\u00famero de espectadores INVITADOS fue el informativo <b>ANTENA 3 NOTICIAS 1<\/b> emitido en Antena3 a las 14:58 horas. De los 1.974.000 espectadores que congreg\u00f3 la emisi\u00f3n, 100.000 eran individuos no residentes en el hogar, lo que representa el 5% de la audiencia.<\/p>\n<p><strong>R\u00e1nking diario de cadenas<\/strong><\/p>\n<p>Ayer viernes, <b>Antena3<\/b> repite como la cadena m\u00e1s vista del d\u00eda con el 14% de cuota de pantalla. Por detr\u00e1s se sit\u00faan <b>La1<\/b> con el 11,1% de cuota y <b>el conjunto de cadenas Tem\u00e1ticas de Pago<\/b> con el 10,3%.  Adem\u00e1s, el grupo de <b>Auton\u00f3micas de FORTA<\/b> ocup\u00f3 la quinta plaza con el 8,8% de share. En el r\u00e1nking mensual, <b>Antena3<\/b> lidera tambi\u00e9n el mes de septiembre con un promedio del 13,2% de cuota de pantalla. La segunda posici\u00f3n la comparten <b>La1<\/b> y <b>el conjunto de cadenas Tem\u00e1ticas de Pago<\/b>, ambas con el 11,5% de share.<\/p>\n<p><b>Energy<\/b> fue la cadena m\u00e1s vista dentro del conjunto de canales Tem\u00e1ticos de TDT. El canal de Mediaset firm\u00f3 ayer viernes el 2,8% de share. La suma de todo este grupo de cadenas alcanz\u00f3 el 28,3% de cuota del Total Televisi\u00f3n. Por detr\u00e1s de Energy se sit\u00faan <b>Atreseries<\/b> (2,5%), <b>FDF<\/b> (2,2%), <b>Nova<\/b> (2,1%) y <b>TRECE<\/b> (2,1%).<\/p>\n<p>El conjunto de cadenas <b>Auton\u00f3micas de FORTA<\/b> promedi\u00f3 ayer a nivel nacional el 8,9% de cuota de pantalla. <b>Arag\u00f3n TV<\/b> fue el canal auton\u00f3mico m\u00e1s visto del d\u00eda con el 15% de share, seguido de <b>TV3<\/b> con el 14,5% y de <b>Canal Sur<\/b> con el 11,3%. Completan el top-5 <b>TVG<\/b> (9,8%) y <b>ETB2<\/b> (7,6%).<\/p>\n<p>En la jornada de ayer, <b>25.529.000 espa\u00f1oles vieron al menos un minuto de televisi\u00f3n<\/b>, lo que representa el 54,2% de la poblaci\u00f3n de cuatro a\u00f1os en adelante. Los contactos crecieron en 18.000 espectadores respecto a la jornada anterior y se sit\u00faan por debajo de los contactos promedio en septiembre, que son de 25.657.000. En el acumulado mensual, 41.888.000 personas han sintonizado con el medio televisivo, por lo que <b>el 11% de los espa\u00f1oles no ha visto la televisi\u00f3n en septiembre<\/b>.<\/p>\n<p>El consumo televisivo de ayer viernes fue de <b>148 minutos por individuo<\/b>, 4 minutos menos que el d\u00eda anterior. De este flujo, 7 minutos correspondieron a visionado en diferido, lo que representa el 5% del total. El consumo promedio por persona y d\u00eda en el mes de septiembre es de 153 minutos, repartidos en 146 minutos de consumo lineal y 7 minutos de visionado en diferido. Los invitados consumieron ayer 6 minutos de los 148 de consumo registrado, es decir, representaron el 4% del tiempo de consumo de televisi\u00f3n.<\/p>\n<p><strong>Programas informativos<\/strong><\/p>\n<p>Entre los programas informativos de ayer viernes, lidera obviamente la edici\u00f3n de sobremesa <b>ANTENA 3 NOTICIAS 1<\/b> al ser, como ya se ha detallado al inicio de la noticia, el programa m\u00e1s visto del d\u00eda.<\/p>\n<p><img loading=\"lazy\" width=\"2560\" height=\"1707\" decoding=\"async\" src=\"data:image\/svg+xml,%3Csvg%20xmlns=\" http:=\"\" alt=\"\" class=\"wp-image-3716\" data-lazy-src=\"https:\/\/www.europesays.com\/es\/wp-content\/uploads\/2025\/09\/A3-NOTICIAS-scaled.jpg\"\/><\/p>\n<p>R\u00e1nking de informativos de SOBREMESA | viernes 26 de septiembre de 2025<br \/>1. <b>ANTENA 3 NOTICIAS 1<\/b> (Antena3)  | 1.974.000 espectadores y 23,3% de cuota.<br \/>2. <b>TELEDIARIO 1<\/b> (La1)  | 1.161.000 espectadores y 13,7% de cuota.<br \/>3. <b>INFORMATIVOS T5 15:00<\/b> (Telecinco)  | 771.000 espectadores y 9,1% de cuota.<br \/>4. <b>LA SEXTA NOTICIAS 14H<\/b> (La Sexta)  | 613.000 espectadores y 8,3% de cuota.<\/p>\n<p>R\u00e1nking de informativos de NOCHE | viernes 26 de septiembre de 2025<br \/>1. <b>ANTENA 3 NOTICIAS 2<\/b> (Antena3)  | 1.715.000 espectadores y 18,6% de cuota.<br \/>2. <b>TELEDIARIO 2<\/b> (La1)  | 1.212.000 espectadores y 13,1% de cuota.<br \/>3. <b>INFORMATIVOS T5 21:00<\/b> (Telecinco)  | 654.000 espectadores y 7% de cuota.<br \/>4. <b>LA SEXTA NOTICIAS 20H<\/b> (La Sexta)  | 561.000 espectadores y 7,5% de cuota.<\/p>\n<p><strong>Lo m\u00e1s visto\u2026<\/strong><\/p>\n<p>Por \u00faltimo, estas son las emisiones m\u00e1s vistas del d\u00eda seg\u00fan la franja horaria:<br \/>Lo m\u00e1s visto en la MADRUGADA es\u2026 <b>FUTURO IMPERFECTO <a tomar=\"\" fresco=\"\"\/><\/b> (La1 a las 02:30): 8,4% y 120.000Lo m\u00e1s visto en la MA\u00d1ANA es\u2026 <b>COCINA ABIERTA DE KARLOS ARGUI\u00d1ANO <\/b> (Antena3 a las 13:28): 16,7% y 752.000Lo m\u00e1s visto en la SOBREMESA es\u2026 <b>ANTENA 3 NOTICIAS 1<\/b> (Antena3 a las 14:58): 23,3% y 1.974.000Lo m\u00e1s visto en la TARDE es\u2026 <b>LA PROMESA<\/b> (La1 a las 18:28): 14,2% y 957.000Lo m\u00e1s visto en el PRIME TIME es\u2026 <b>LA VOZ:AUDICIONES<\/b> (Antena3 a las 22:17): 13,2% y 1.070.000Lo m\u00e1s visto en el ACCESS PRIME TIME es\u2026 <b>ANTENA 3 NOTICIAS 2<\/b> (Antena3 a las 21:04): 18,6% y 1.715.000Lo m\u00e1s visto en el LATE NIGHT es\u2026 <b>\u00a1DE VIERNES!<\/b> (Telecinco a las 22:12): 12,1% y 866.000<\/p>\n<p>Recuerda seguirnos en nuestras <a href=\"http:\/\/www.twitter.com\/blvcom\" target=\"_blank\" rel=\"noopener nofollow\">redes sociales<\/a> para conocer los datos de audiencias m\u00e1s destacados a primera hora. Si buscas las audiencias mensuales, accede a <a href=\"https:\/\/barloventocomunicacion.es\/audiencias-mensuales\/\" target=\"_blank\" rel=\"noopener nofollow\">nuestra secci\u00f3n mensual<\/a>.<\/p>\n<p>\t\t<script async src=\"https:\/\/platform.twitter.com\/widgets.js\" charset=\"utf-8\"><\/script><\/p>\n","protected":false},"excerpt":{"rendered":"LO M\u00c1S VISTO de ayer viernes 26 de septiembre de 2025 fue ANTENA 3 NOTICIAS 1. El espacio&hellip;\n","protected":false},"author":2,"featured_media":113342,"comment_status":"","ping_status":"","sticky":false,"template":"","format":"standard","meta":{"footnotes":""},"categories":[171],"tags":[146,147,25,24,23,214],"class_list":{"0":"post-143055","1":"post","2":"type-post","3":"status-publish","4":"format-standard","5":"has-post-thumbnail","7":"category-tv","8":"tag-entertainment","9":"tag-entretenimiento","10":"tag-es","11":"tag-espana","12":"tag-spain","13":"tag-tv"},"share_on_mastodon":{"url":"","error":""},"_links":{"self":[{"href":"https:\/\/www.europesays.com\/es\/wp-json\/wp\/v2\/posts\/143055","targetHints":{"allow":["GET"]}}],"collection":[{"href":"https:\/\/www.europesays.com\/es\/wp-json\/wp\/v2\/posts"}],"about":[{"href":"https:\/\/www.europesays.com\/es\/wp-json\/wp\/v2\/types\/post"}],"author":[{"embeddable":true,"href":"https:\/\/www.europesays.com\/es\/wp-json\/wp\/v2\/users\/2"}],"replies":[{"embeddable":true,"href":"https:\/\/www.europesays.com\/es\/wp-json\/wp\/v2\/comments?post=143055"}],"version-history":[{"count":0,"href":"https:\/\/www.europesays.com\/es\/wp-json\/wp\/v2\/posts\/143055\/revisions"}],"wp:featuredmedia":[{"embeddable":true,"href":"https:\/\/www.europesays.com\/es\/wp-json\/wp\/v2\/media\/113342"}],"wp:attachment":[{"href":"https:\/\/www.europesays.com\/es\/wp-json\/wp\/v2\/media?parent=143055"}],"wp:term":[{"taxonomy":"category","embeddable":true,"href":"https:\/\/www.europesays.com\/es\/wp-json\/wp\/v2\/categories?post=143055"},{"taxonomy":"post_tag","embeddable":true,"href":"https:\/\/www.europesays.com\/es\/wp-json\/wp\/v2\/tags?post=143055"}],"curies":[{"name":"wp","href":"https:\/\/api.w.org\/{rel}","templated":true}]}}