{"id":143061,"date":"2025-09-27T21:53:05","date_gmt":"2025-09-27T21:53:05","guid":{"rendered":"https:\/\/www.europesays.com\/es\/143061\/"},"modified":"2025-09-27T21:53:05","modified_gmt":"2025-09-27T21:53:05","slug":"norman-reedus-y-melissa-mcbride-sobre-el-final-de-the-walking-dead-que-dices-ni-me-lo-planteo","status":"publish","type":"post","link":"https:\/\/www.europesays.com\/es\/143061\/","title":{"rendered":"Norman Reedus y Melissa McBride, sobre el final de &#8216;The Walking Dead&#8217;: \u00ab\u00bfQu\u00e9 dices? Ni me lo planteo\u00bb"},"content":{"rendered":"<p>Los zombis y los vampiros ten\u00edan hoy invitaci\u00f3n especial en San Diego Comic-Con M\u00e1laga (SDCCM). Por un lado, la apocal\u00edptica &#8216;The Walking Dead: Daryl  &#8230; Dixon&#8217; se ha ganado los aplausos con sus grandes protagonistas al frente, los norteamericanos Norman Reedus y Melissa McBride, y, por otro, la nueva serie &#8216;Talamasca: la orden secreta&#8217;, ha presentado su primera temporada que le hinca el diente a los disc\u00edpulos de Dr\u00e1cula. Dos producciones de la cadena norteamericana AMC, la cual ha apostado por el evento malague\u00f1o para sus novedades de la temporada. En el caso de la ficci\u00f3n de los muertos vivientes por varios motivos: acaba de estrenar su \u00faltima temporada rodada adem\u00e1s en Espa\u00f1a y, el pasado verano en la comic-con original de San Diego, anunci\u00f3 su final tras una entrega m\u00e1s que est\u00e1 por rodarse.<\/p>\n<p><img decoding=\"async\" loading=\"lazy\" src=\"https:\/\/www.europesays.com\/es\/wp-content\/uploads\/2025\/09\/walking2-U73776677151dPg-650x455@Diario Sur.jpg\" class=\"v-a-img\" width=\"650\" height=\"455\" alt=\"Los protagonistas y el elenco de actores espa\u00f1oles de la \u00faltima temporada, en M\u00e1laga.\" data-voc-vtm-id=\"in-text-traffic\"\/><\/p>\n<p>Los protagonistas y el elenco de actores espa\u00f1oles de la \u00faltima temporada, en M\u00e1laga.<\/p>\n<p>Migue Fern\u00e1ndez<\/p>\n<p><img loading=\"lazy\" decoding=\"async\" src=\"https:\/\/www.europesays.com\/es\/wp-content\/uploads\/2025\/09\/walking2-U73776677151dPg-650x455@Diario Sur.jpg\" class=\"v-mdl__img-z\" width=\"650\" height=\"455\" alt=\"\"\/><\/p>\n<p class=\"v-p\">Antes de irrumpir en el Hall M con la presentaci\u00f3n al p\u00fablico, los grandes protagonistas de &#8216;Daryl Dixon&#8217; han ofrecido una rueda de prensa en SDCCM, donde le han preguntado precisamente por ese final para la saga y el actual &#8216;spin off&#8217;, despu\u00e9s de 14 a\u00f1os &#8216;matando&#8217; zombis a diestro y siniestro, y dando vida a los personajes. \u00ab\u00bfQu\u00e9 dices?, ni me lo planteo. Prefiero centrarme en el trabajo que tenemos por delante\u00bb, ha asegurado Melissa McBride, que ha evitado pronunciarse sobre ese anunciado final para una franquicia que ha convertido a todo el equipo en una \u00abgran familia\u00bb  tras un trabajo permanente durante m\u00e1s de una d\u00e9cada.<\/p>\n<p>\nTras 14 a\u00f1os, Norman Reedus reconoce la \u00abqu\u00edmica\u00bb con Melissa McBride, pese a que en la serie han \u00abbordeado la locura\u00bb\n<\/p>\n<p class=\"v-p\">Por su parte, el otro protagonista, Norman Reedus, tambi\u00e9n ha evitado pronunciarse sobre el cierre de esta serie y ha preferido tirar de humor para referirse a su futuro laboral: \u00abTengo una hija peque\u00f1a, Nova, as\u00ed que vamos a formar una banda de rock\u00bb. Tiene incluso nombre para el grupo: \u00abThe Novas &amp; the Papas\u00bb, ha ironizado parafraseando otra formaci\u00f3n &#8216;familiar&#8217; de los a\u00f1os 60, The Mamas &amp; the Papas.<\/p>\n<p><img decoding=\"async\" loading=\"lazy\" src=\"https:\/\/www.europesays.com\/es\/wp-content\/uploads\/2025\/09\/walking4-U20520727140mpI-650x455@Diario Sur.jpg\" class=\"v-a-img\" width=\"650\" height=\"455\" alt=\"Melissa McBride y Norman Reedus, en la rueda de prensa.\" data-voc-vtm-id=\"in-text-traffic\"\/><\/p>\n<p>Melissa McBride y Norman Reedus, en la rueda de prensa.<\/p>\n<p>Migue Fern\u00e1ndez<\/p>\n<p><img loading=\"lazy\" decoding=\"async\" src=\"https:\/\/www.europesays.com\/es\/wp-content\/uploads\/2025\/09\/walking4-U20520727140mpI-650x455@Diario Sur.jpg\" class=\"v-mdl__img-z\" width=\"650\" height=\"455\" alt=\"\"\/><\/p>\n<p class=\"v-p\">Reedus s\u00ed que ha agradecido su largu\u00edsima relaci\u00f3n con &#8216;The Walking Dead&#8217; y la continuaci\u00f3n que lleva el nombre de su personaje, &#8216;Daryl Dixon&#8217;. \u00abA partir de la muerte de mi hermano en la ficci\u00f3n me permitieron desarrollar m\u00e1s mi personaje y crecer\u00bb, ha reconocido el actor norteamericano que tambi\u00e9n ha hablado de la \u00abqu\u00edmica\u00bb con Melissa McBride todo este tiempo, pese a que ha sido una serie en la que han \u00abbordeado la locura\u00bb.<\/p>\n<p><img decoding=\"async\" loading=\"lazy\" src=\"https:\/\/www.europesays.com\/es\/wp-content\/uploads\/2025\/09\/walking5-U65628657228mcl-650x455@Diario Sur.jpg\" class=\"v-a-img\" width=\"650\" height=\"455\" alt=\"Eduardo Noriega, tratando de captar un momento de la rueda de prensa.\" data-voc-vtm-id=\"in-text-traffic\"\/><\/p>\n<p>Eduardo Noriega, tratando de captar un momento de la rueda de prensa.<\/p>\n<p>Migue Fern\u00e1ndez<\/p>\n<p><img loading=\"lazy\" decoding=\"async\" src=\"https:\/\/www.europesays.com\/es\/wp-content\/uploads\/2025\/09\/walking5-U65628657228mcl-650x455@Diario Sur.jpg\" class=\"v-mdl__img-z\" width=\"650\" height=\"455\" alt=\"\"\/><\/p>\n<p class=\"v-p\">A la pareja le ha acompa\u00f1ado el casting espa\u00f1ol de la \u00faltima temporada, que no ha ocultado su fascinaci\u00f3n por participar en esta gran saga. As\u00ed, la argentina afincada en Madrid Candela Saitta ha recordado que lo primero fue que \u00abhemos aprendido a matar zombies\u00bb, algo en lo que tambi\u00e9n ha incidido Hugo Arbu\u00e9s al afirmar lo \u00abdivertido que es rodar escenas de acci\u00f3n\u00bb de una trama apocal\u00edptica. <\/p>\n<p class=\"v-p\">Alexandra Masangkay, \u00d3scar Jaenada y Eduardo Noriega tambi\u00e9n han asistido a la rueda de prensa, en la que el \u00faltimo ha ejercido de portavoz al expresar el \u00aborgullo\u00bb de todo el casting nacional por participar en \u00abuna serie tan consolidada, con millones de fans y con unos c\u00f3digos ya establecidos, lo que ha sido un reto para nosotros\u00bb. Adem\u00e1s, ha recordado que, pese a las evidentes apariencias, &#8216;The Walking Dead&#8217; no es una serie fant\u00e1stica, sino \u00abuna reflexi\u00f3n sobre el ser humano\u00bb. \u00abLos zombis son solo una excusa para hablar de nosotros\u00bb, ha remachado.<\/p>\n<p>Mezcla de g\u00e9neros<\/p>\n<p class=\"v-p\">La rueda de prensa doble se ha completado con la presentaci\u00f3n de la primera temporada de &#8216;Talamasca: la orden secreta&#8217;, la nueva apuesta de AMC  que llega a Espa\u00f1a el 27 de octubre. Un equipo m\u00e1s reducido, el actor Nicholas Denton (&#8216;Glitch&#8217;) y el productor ejecutivo y director John Lee Hancock han sido los encargados de presentar este nuevo formato que se basa en las novelas y el universo de Anne Rice (&#8216;Entrevista con el vampiro&#8217;). <\/p>\n<p><img decoding=\"async\" loading=\"lazy\" src=\"https:\/\/www.europesays.com\/es\/wp-content\/uploads\/2025\/09\/Talamasca-U86853444356PYI-650x455@Diario Sur.jpg\" class=\"v-a-img\" width=\"650\" height=\"455\" alt=\"Nicholas Denton y John Lee Hancock, durante la presentaci\u00f3n de la serie 'Talamasca'.\" data-voc-vtm-id=\"in-text-traffic\"\/><\/p>\n<p>Nicholas Denton y John Lee Hancock, durante la presentaci\u00f3n de la serie &#8216;Talamasca&#8217;.<\/p>\n<p>Migue Fern\u00e1ndez<\/p>\n<p><img loading=\"lazy\" decoding=\"async\" src=\"https:\/\/www.europesays.com\/es\/wp-content\/uploads\/2025\/09\/Talamasca-U86853444356PYI-650x455@Diario Sur.jpg\" class=\"v-mdl__img-z\" width=\"650\" height=\"455\" alt=\"\"\/><\/p>\n<p class=\"v-p\">Aunque est\u00e1 relacionada con las adaptaciones previas de la autora norteamericana, esta serie surgida de sus relatos trasciende el \u00e1mbito vamp\u00edrico con una trama sobre una sociedad oculta que se dedica a combatir toda clase de monstruos, no s\u00f3lo colmillos, sino tambi\u00e9n lic\u00e1ntropos, brujos\u2026. No es la \u00fanica variante, ya que, seg\u00fan ha comentado el realizador, el gran reto ha sido \u00abla mezcla de g\u00e9neros, los esp\u00edas y el terror\u00bb. \u00abTen\u00edamos que ver si funcionaba y creo que lo hemos conseguido\u00bb, ha apostado.<\/p>\n","protected":false},"excerpt":{"rendered":"Los zombis y los vampiros ten\u00edan hoy invitaci\u00f3n especial en San Diego Comic-Con M\u00e1laga (SDCCM). Por un lado,&hellip;\n","protected":false},"author":2,"featured_media":143062,"comment_status":"","ping_status":"","sticky":false,"template":"","format":"standard","meta":{"footnotes":""},"categories":[91],"tags":[17017,44287,146,147,25,24,1058,44286,44285,28444,44288,28445,57,23,3498,3795],"class_list":{"0":"post-143061","1":"post","2":"type-post","3":"status-publish","4":"format-standard","5":"has-post-thumbnail","7":"category-entretenimiento","8":"tag-dead","9":"tag-dices","10":"tag-entertainment","11":"tag-entretenimiento","12":"tag-es","13":"tag-espana","14":"tag-final","15":"tag-mcbride","16":"tag-melissa","17":"tag-norman","18":"tag-planteo","19":"tag-reedus","20":"tag-sobre","21":"tag-spain","22":"tag-the","23":"tag-walking"},"share_on_mastodon":{"url":"","error":""},"_links":{"self":[{"href":"https:\/\/www.europesays.com\/es\/wp-json\/wp\/v2\/posts\/143061","targetHints":{"allow":["GET"]}}],"collection":[{"href":"https:\/\/www.europesays.com\/es\/wp-json\/wp\/v2\/posts"}],"about":[{"href":"https:\/\/www.europesays.com\/es\/wp-json\/wp\/v2\/types\/post"}],"author":[{"embeddable":true,"href":"https:\/\/www.europesays.com\/es\/wp-json\/wp\/v2\/users\/2"}],"replies":[{"embeddable":true,"href":"https:\/\/www.europesays.com\/es\/wp-json\/wp\/v2\/comments?post=143061"}],"version-history":[{"count":0,"href":"https:\/\/www.europesays.com\/es\/wp-json\/wp\/v2\/posts\/143061\/revisions"}],"wp:featuredmedia":[{"embeddable":true,"href":"https:\/\/www.europesays.com\/es\/wp-json\/wp\/v2\/media\/143062"}],"wp:attachment":[{"href":"https:\/\/www.europesays.com\/es\/wp-json\/wp\/v2\/media?parent=143061"}],"wp:term":[{"taxonomy":"category","embeddable":true,"href":"https:\/\/www.europesays.com\/es\/wp-json\/wp\/v2\/categories?post=143061"},{"taxonomy":"post_tag","embeddable":true,"href":"https:\/\/www.europesays.com\/es\/wp-json\/wp\/v2\/tags?post=143061"}],"curies":[{"name":"wp","href":"https:\/\/api.w.org\/{rel}","templated":true}]}}