{"id":143080,"date":"2025-09-27T22:08:12","date_gmt":"2025-09-27T22:08:12","guid":{"rendered":"https:\/\/www.europesays.com\/es\/143080\/"},"modified":"2025-09-27T22:08:12","modified_gmt":"2025-09-27T22:08:12","slug":"julia-bolanos-elige-un-vestido-de-novia-de-inspiracion-anos-50-con-bordados-florales-y-un-manto-del-siglo-xviii","status":"publish","type":"post","link":"https:\/\/www.europesays.com\/es\/143080\/","title":{"rendered":"Julia Bola\u00f1os elige un vestido de novia de inspiraci\u00f3n a\u00f1os 50 con bordados florales y un manto del siglo XVIII"},"content":{"rendered":"<p id=\"eXSPwkKpF4\" data-wc=\"107\">Este fin de semana, Sevilla se ha convertido en otro de los escenarios de una de las grandes bodas del fin de semana. <strong>Julia Bola\u00f1os y Jos\u00e9 Mar\u00eda Ram\u00edrez-C\u00e1rdenas y Cabello de los Cobos<\/strong>, han elegido el 27 de septiembre para convertirse en matrimonio. La pareja se ha dado el &#8216;s\u00ed, quiero&#8217; en la<strong>\u00a0iglesia de Santa Mar\u00eda, en Carmona<\/strong>, la misma que hace a\u00f1os alberg\u00f3 el multitudinario <a class=\"hm-link ho-link\" href=\"https:\/\/www.hola.com\/novias\/20181014131323\/boda-maria-borbon-escriva-romani-jose-maria-valdenebro\/\" data-mrf-recirculation=\"article-body-link\" rel=\"nofollow noopener\" target=\"_blank\">enlace de Mar\u00eda de Borb\u00f3n Escriv\u00e1 de Roman\u00ed<\/a> con Jos\u00e9 Mar\u00eda Valdenebro del Rey. Un precioso lugar al que la hija mayor de Luis Bola\u00f1os ha llegado acompa\u00f1ada del brazo de su padre, desvelando as\u00ed su vestido de novia.<\/p>\n<p> <img src=\"https:\/\/www.europesays.com\/es\/wp-content\/uploads\/2025\/09\/4a9b2ddc1e54-dlu592067006.jpg\"   width=\"1024\" height=\"681\" loading=\"lazy\" decoding=\"async\" alt=\"La boda de Julia Bola\u00f1os y Jos\u00e9 Mar\u00eda Ram\u00edrez-C\u00e1rdenas y Cabello de los Cobos\" fetchpriority=\"auto\" class=\"image ho-image\"\/>\u00a9 GTRES<\/p>\n<p id=\"eTOghcMO9Pg\" data-wc=\"59\">Se trata de un <strong>vestido dise\u00f1ado por Jorge V\u00e1zquez<\/strong> con una clara inspiraci\u00f3n en los a\u00f1os 50, una elecci\u00f3n que no es, para nada, casual. Tal como nos explican desde el atelier, han querido crear para Julia una pieza atemporal, que envejezca bien, de esas que siempre se vean bonitas, pasen los a\u00f1os que pasen. Y lo han conseguido.<\/p>\n<p id=\"eC9U7Ntycx\" data-wc=\"103\">El traje est\u00e1 confeccionado en garza de seda triple italiana de color n\u00e1car, con una textura muy marcada que aporta riqueza y un punto muy especial al dise\u00f1o. Tiene un <strong>amplio escote barco y manga al nudillo<\/strong>, larguita y bien pegada. Es un dise\u00f1o muy encajado en el talle con un faj\u00edn en diagonal a uno de los costados de donde sale un volumen del mismo tejido que afila, potencia y da un volumen \u00abmuy costura\u00bb. La falda es recta en el delantero y lleva una <strong>cola desmontable de dos metros y medio<\/strong> de la misma garza que sale del talle en espalda.\u00a0<\/p>\n<p> <img src=\"https:\/\/www.europesays.com\/es\/wp-content\/uploads\/2025\/09\/50fc32b64517-dlu592067007.jpg\"   width=\"681\" height=\"1024\" loading=\"lazy\" decoding=\"async\" alt=\"La boda de Julia Bola\u00f1os y Jos\u00e9 Mar\u00eda Ram\u00edrez-C\u00e1rdenas y Cabello de los Cobos\" fetchpriority=\"auto\" class=\"image ho-image\"\/>\u00a9 GTRES<\/p>\n<p id=\"eC34USz7UB\" data-wc=\"85\">Uno de los detalles m\u00e1s especiales es el<strong>\u00a0bordado floral, realizado totalmente a mano\u00a0<\/strong>sobre el mismo tejido, que lleva el vestido en los hombros, el talle y los costados de la falda. Se trata de un elemento muy caracter\u00edstico del taller de Jorge V\u00e1zquez y que (aunque diferente en forma) hemos visto en piezas tan especiales como las que el creativo ide\u00f3 para <a class=\"hm-link ho-link\" href=\"https:\/\/www.hola.com\/realeza\/casa_espanola\/20231106243010\/boda-sol-matossian-tiara-esmeraldas-reina-isabel-ii\/\" data-mrf-recirculation=\"article-body-link\" rel=\"nofollow noopener\" target=\"_blank\">Sol Matossian, nieta de Tessa de Baviera<\/a>, o <a class=\"hm-link ho-link\" href=\"https:\/\/www.hola.com\/actualidad\/20250710843424\/asi-fue-boda-hijo-javier-lopez-madrid-conto-testigo-lujo-infanta-cristina\/\" data-mrf-recirculation=\"article-body-link\" rel=\"nofollow noopener\" target=\"_blank\">Victoria Ferrer, que el pasado julio se cas\u00f3<\/a> con Bosco L\u00f3pez-Madrid Villar Mir.<\/p>\n<p id=\"eKEkgr1r5GW\" data-wc=\"81\">El velo elegido por la novia merece menci\u00f3n aparte. Un manto nupcial del siglo XVIII, una pieza cargada de historia que ha sobrevivido al paso del tiempo. Sus bordados florales, ligeramente desdibujados por los a\u00f1os, y su tono beige contrastando con el blanco del vestido, lo convierten en un s\u00edmbolo de continuidad y memoria familiar. Al sujetarlo con una peineta de diamantes sobre un recogido bajo, la novia rinde homenaje a la tradici\u00f3n. El resto de joyas son de herencia familiar.\u00a0<\/p>\n<p>  <img src=\"https:\/\/www.europesays.com\/es\/wp-content\/uploads\/2025\/09\/d1b3891568e6-u592067014.jpg\"   width=\"681\" height=\"1024\" loading=\"lazy\" decoding=\"async\" alt=\"Boda de Julia Bola\u00f1os y Jos\u00e9 Mar\u00eda Ram\u00edrez C\u00e1rdenas en Sevilla\" fetchpriority=\"auto\" class=\"image ho-image\"\/>\u00a9 GTRES<\/p>\n<p>  <img src=\"https:\/\/www.europesays.com\/es\/wp-content\/uploads\/2025\/09\/2f775d31e7fb-u592067011.jpg\"   width=\"681\" height=\"1024\" loading=\"lazy\" decoding=\"async\" alt=\"Boda de Julia Bola\u00f1os y Jos\u00e9 Mar\u00eda Ram\u00edrez C\u00e1rdenas en Sevilla\" fetchpriority=\"auto\" class=\"image ho-image\"\/>\u00a9 GTRES<\/p>\n<p id=\"eVrbdz0dh3Z\" data-wc=\"37\">El ramo, de estilo natural y en cascada, estaba compuesto por peque\u00f1as flores blancas. Una elecci\u00f3n que parece sencilla, pero que encaja perfectamente con el aire atemporal del vestido y subraya el car\u00e1cter delicado del look nupcial.\u00a0<\/p>\n<p> <img src=\"https:\/\/www.europesays.com\/es\/wp-content\/uploads\/2025\/09\/37ef04fdd62c-dlu592067018.jpg\"   width=\"681\" height=\"1024\" loading=\"lazy\" decoding=\"async\" alt=\"Boda de Julia Bola\u00f1os y Jos\u00e9 Mar\u00eda Ram\u00edrez C\u00e1rdenas en Sevilla\" fetchpriority=\"auto\" class=\"image ho-image\"\/>\u00a9 GTRES<\/p>\n<p id=\"e1l-ESEM4jy\" data-wc=\"36\">En cuanto al maquillaje, la novia apost\u00f3 por una base luminosa, sombras en tonos tierra y labios naturales con un ligero brillo. Un look favorecedor que deja todo el protagonismo a los rasgos de la novia.<\/p>\n<p id=\"eB6PazXb6LMa\" data-wc=\"100\">Uno de los momentos m\u00e1s comentados se vivi\u00f3 a las puertas de la iglesia, cuando el propio Jorge V\u00e1zquez, presente en la ceremonia, se acerc\u00f3 para ayudar a la novia a colocar la cola de su vestido antes de que iniciara el camino hacia el altar. Un gesto \u00edntimo y revelador de la cercan\u00eda entre creador y musa, que dio un toque a\u00fan m\u00e1s especial a la entrada en Santa Mar\u00eda. Desde el exterior, numerosos rostros de la jet set andaluza fueron desfilando para asistir a una boda que, en un escenario de ensue\u00f1o, ha combinado emoci\u00f3n, tradici\u00f3n y elegancia.<\/p>\n","protected":false},"excerpt":{"rendered":"Este fin de semana, Sevilla se ha convertido en otro de los escenarios de una de las grandes&hellip;\n","protected":false},"author":2,"featured_media":143081,"comment_status":"","ping_status":"","sticky":false,"template":"","format":"standard","meta":{"footnotes":""},"categories":[174],"tags":[12168,255,146,147,25,24,256,17153,23,35459],"class_list":{"0":"post-143080","1":"post","2":"type-post","3":"status-publish","4":"format-standard","5":"has-post-thumbnail","7":"category-famosos","8":"tag-bodas-de-famosos","9":"tag-celebrities","10":"tag-entertainment","11":"tag-entretenimiento","12":"tag-es","13":"tag-espana","14":"tag-famosos","15":"tag-novias","16":"tag-spain","17":"tag-vestidos-de-novia"},"share_on_mastodon":{"url":"","error":""},"_links":{"self":[{"href":"https:\/\/www.europesays.com\/es\/wp-json\/wp\/v2\/posts\/143080","targetHints":{"allow":["GET"]}}],"collection":[{"href":"https:\/\/www.europesays.com\/es\/wp-json\/wp\/v2\/posts"}],"about":[{"href":"https:\/\/www.europesays.com\/es\/wp-json\/wp\/v2\/types\/post"}],"author":[{"embeddable":true,"href":"https:\/\/www.europesays.com\/es\/wp-json\/wp\/v2\/users\/2"}],"replies":[{"embeddable":true,"href":"https:\/\/www.europesays.com\/es\/wp-json\/wp\/v2\/comments?post=143080"}],"version-history":[{"count":0,"href":"https:\/\/www.europesays.com\/es\/wp-json\/wp\/v2\/posts\/143080\/revisions"}],"wp:featuredmedia":[{"embeddable":true,"href":"https:\/\/www.europesays.com\/es\/wp-json\/wp\/v2\/media\/143081"}],"wp:attachment":[{"href":"https:\/\/www.europesays.com\/es\/wp-json\/wp\/v2\/media?parent=143080"}],"wp:term":[{"taxonomy":"category","embeddable":true,"href":"https:\/\/www.europesays.com\/es\/wp-json\/wp\/v2\/categories?post=143080"},{"taxonomy":"post_tag","embeddable":true,"href":"https:\/\/www.europesays.com\/es\/wp-json\/wp\/v2\/tags?post=143080"}],"curies":[{"name":"wp","href":"https:\/\/api.w.org\/{rel}","templated":true}]}}