{"id":143082,"date":"2025-09-27T22:09:14","date_gmt":"2025-09-27T22:09:14","guid":{"rendered":"https:\/\/www.europesays.com\/es\/143082\/"},"modified":"2025-09-27T22:09:14","modified_gmt":"2025-09-27T22:09:14","slug":"derribar-muros-significa-ganar-luminosidad-amplitud-visual-y-una-mayor-sensacion-de-desahogo","status":"publish","type":"post","link":"https:\/\/www.europesays.com\/es\/143082\/","title":{"rendered":"Derribar muros significa ganar luminosidad, amplitud visual y una mayor sensaci\u00f3n de desahogo"},"content":{"rendered":"<p>La manera en que <strong>organizamos las zonas de d\u00eda<\/strong> en casa ha cambiado de forma radical en la \u00faltima d\u00e9cada. Si antes los <strong>recibidores, salones y cocinas tend\u00edan a estar delimitados<\/strong> por muros o puertas, <strong>ahora la tendencia <\/strong>apunta a lo contrario: <strong>la apertura. <\/strong>La <a href=\"https:\/\/majoflores.com\/el-estudio\/\" rel=\"nofollow noopener\" target=\"_blank\">interiorista Majo Flores<\/a>, que comparte en redes sociales sus reflexiones sobre c\u00f3mo habitamos los espacios, lo explica con claridad: \u00abEsta <a href=\"https:\/\/www.elmueble.com\/decoracion\/como-distribuir-espacio-abierto-10-consejos_44818\" rel=\"nofollow noopener\" target=\"_blank\">distribuci\u00f3n abierta<\/a> se ha convertido en una tendencia, no solo para<strong> optimizar el uso del espacio<\/strong>, sino tambi\u00e9n para <strong>fomentar la conexi\u00f3n entre las personas<\/strong> que viven en la casa\u00bb.<\/p>\n<p>Su visi\u00f3n conecta con una necesidad social: <strong>ganar metros visuales<\/strong> y, al mismo tiempo, crear<strong> hogares m\u00e1s fluidos y compartidos.<\/strong> En sus palabras, \u00ablos <a href=\"https:\/\/www.elmueble.com\/estancias\/de-paso\/los-mejores-recibidores-mueble_40787\" rel=\"nofollow noopener\" target=\"_blank\">recibidores abiertos<\/a> se han convertido en una tendencia, tanto en <a href=\"https:\/\/www.elmueble.com\/casas\/pequenas\/diez-pisos-pequenos-con-las-mejores-ideas-para-aprovechar-espacio_40495\" rel=\"nofollow noopener\" target=\"_blank\">pisos peque\u00f1os<\/a> como en viviendas amplias\u00bb.<\/p>\n<p>&#13;<img decoding=\"async\" src=\"https:\/\/www.europesays.com\/es\/wp-content\/uploads\/2025\/09\/esther-canadas_f4820ebf_250922110739_600x600.webp.webp\" alt=\"Esther Ca\u00f1adas\" class=\"image lazyload\"\/><\/p>\n<p class=\"epigraph\">Confesiones que emocionan<\/p>\n<p><a href=\"https:\/\/www.elmueble.com\/casas\/famosos\/esther-canadas-48-anos-modelo-sobre-sus-padres-no-tuve-infancia-mas-acomodada-pero-alguna-manera-me-dieron-todo-que-soy-hoy-responsabilidad-ayudar-casa-eso-te-curte_61851\" rel=\"nofollow noopener\" target=\"_blank\">Esther Ca\u00f1adas (48 a\u00f1os) modelo, sobre sus padres: \u00abNo tuve la infancia ma\u0301s acomodada, pero de alguna manera me dieron todo lo que soy hoy: la responsabilidad, el ayudar en casa&#8230; eso te curte\u00bb<\/a><br \/>\nLa apertura como filosof\u00eda<\/p>\n<blockquote class=\"instagram-media\" data-instgrm-permalink=\"https:\/\/www.instagram.com\/reel\/DEwbBVnNOZL\/?utm_source=ig_embed&amp;utm_campaign=loading\" data-instgrm-version=\"14\" style=\" background:#FFF; border:0; border-radius:3px; box-shadow:0 0 1px 0 rgba(0,0,0,0.5),0 1px 10px 0 rgba(0,0,0,0.15); margin: 1px; max-width:540px; min-width:326px; padding:0; width:99.375%; width:-webkit-calc(100% - 2px); width:calc(100% - 2px);\"\/>\n<p><strong>El recibidor<\/strong> siempre ha sido un espacio con una fuerte carga simb\u00f3lica. Es la carta de presentaci\u00f3n de la casa, el lugar que primero nos recibe y que <strong>marca el tono del resto del hogar<\/strong>. Sin embargo, en las nuevas viviendas, esa frontera empieza a diluirse. \u00abCada vez m\u00e1s familias quieren entrar en casa y sentir continuidad, sin la sensaci\u00f3n de que hay una barrera que los separa del resto de la vida dom\u00e9stica\u00bb, se\u00f1ala Majo.<\/p>\n<p>La apertura del recibidor hacia el sal\u00f3n o incluso hacia la cocina no solo responde a criterios est\u00e9ticos, sino tambi\u00e9n funcionales. Para quienes viven en pisos peque\u00f1os, <strong>derribar muros significa ganar luminosidad, amplitud visual<\/strong> y una <strong>mayor sensaci\u00f3n de desahogo<\/strong>. Para quienes disfrutan de viviendas amplias, la continuidad de espacios permite reforzar la idea de hogar como lugar de encuentro.<\/p>\n<p>Un espacio que fomenta la conexi\u00f3n<img loading=\"lazy\" decoding=\"async\" src=\"https:\/\/www.europesays.com\/es\/wp-content\/uploads\/2025\/09\/recibidor-con-consola-blanca-y-sobre-de-madera-con-flores-y-vela_4abc4c6f_b9287528_250926102847_1000.webp\" alt=\"recibidor con consola blanca y sobre de madera con flores y vela\" class=\"lazyload\" width=\"1000\" height=\"1060\" data-aspectratio=\"1000\/1060\"\/>&#13;El Mueble<\/p>\n<p>La interiorista insiste en que esta forma de entender la distribuci\u00f3n<strong> no se limita a cuestiones de metros cuadrados.<\/strong> \u00abLo importante no es el tama\u00f1o de la vivienda, sino la manera en la que queremos vivirla. La integraci\u00f3n de los espacios fomenta la conexi\u00f3n entre las personas, porque todos compartimos el mismo escenario\u00bb.<\/p>\n<p>\u00bfY la intimidad?<\/p>\n<p>Algunos se preguntan si la apertura no resta privacidad o calidez al hogar. La interiorista responde: \u00abNo se trata de eliminar la posibilidad de separar, sino de elegir cu\u00e1ndo hacerlo. Podemos integrar un recibidor abierto y, al mismo tiempo, dise\u00f1ar recursos como <strong>puertas correderas, biombos o celos\u00edas <\/strong>que permitan marcar l\u00edmites cuando lo necesitemos\u00bb.<\/p>\n<p>&#13;<img decoding=\"async\" src=\"https:\/\/www.europesays.com\/es\/wp-content\/uploads\/2025\/09\/recibidor-con-espejo-00570259_7f50c93b_00570259_250908104101_600x600.webp.webp\" alt=\"recibidor con espejo 00570259\" class=\"image lazyload\"\/><\/p>\n<p class=\"epigraph\">BONITO Y ORIGINAL<\/p>\n<p><a href=\"https:\/\/www.elmueble.com\/decoracion\/soraya-experta-decoracion-sobre-reforma-su-recibidor-para-tiradores-zapatero-he-usado-asa-bolso-antiguo_61677\" rel=\"nofollow noopener\" target=\"_blank\">Soraya, experta en decoraci\u00f3n, sobre la reforma de su recibidor: \u00abPara los tiradores del zapatero he usado el asa de un bolso antiguo\u00bb<\/a><br \/>\nC\u00f3mo dar personalidad propia a un recibidor abierto<img loading=\"lazy\" decoding=\"async\" src=\"https:\/\/www.europesays.com\/es\/wp-content\/uploads\/2025\/09\/recibidor-con-aparador-y-puertas-correderas_ddf27250_250926104647_1000x1499.webp.webp\" alt=\"Recibidor con aparador y puertas correderas\" class=\"lazyload\" width=\"1000\" height=\"1499\" data-aspectratio=\"1000\/1499\"\/>&#13;El Mueble<\/p>\n<ul>\n<li><strong>Iluminaci\u00f3n distintiva:<\/strong> una l\u00e1mpara colgante, un aplique escult\u00f3rico o un punto de luz c\u00e1lido que marque el inicio del recorrido.<\/li>\n<li><strong>Color y revestimientos: <\/strong>una pared en tono diferente, un papel pintado sutil o un acabado especial que delimite la zona.<\/li>\n<li><strong>Alfombras:<\/strong> ayudan a separar visualmente el espacio de entrada del resto de la vivienda.<\/li>\n<li><strong>Espejos:<\/strong> aportan amplitud, multiplican la luz y se convierten en un elemento decorativo clave.<\/li>\n<li><strong>Mobiliario ligero:<\/strong> un banco, una consola estrecha o un perchero funcional que no obstaculice la circulaci\u00f3n.<\/li>\n<li><strong>Detalles personales:<\/strong> arte, fotograf\u00edas o plantas de gran formato que transmiten car\u00e1cter desde el primer paso.<\/li>\n<li><strong>Orden integrado: <\/strong>soluciones de almacenaje discretas para mantener la zona despejada y siempre lista para recibir.<\/li>\n<\/ul>\n<p><script async src=\"\/\/www.instagram.com\/embed.js\"><\/script><\/p>\n","protected":false},"excerpt":{"rendered":"La manera en que organizamos las zonas de d\u00eda en casa ha cambiado de forma radical en la&hellip;\n","protected":false},"author":2,"featured_media":143083,"comment_status":"","ping_status":"","sticky":false,"template":"","format":"standard","meta":{"footnotes":""},"categories":[173],"tags":[229,233,231,230,232,234,146,147,25,24,23],"class_list":{"0":"post-143082","1":"post","2":"type-post","3":"status-publish","4":"format-standard","5":"has-post-thumbnail","7":"category-arte-y-diseno","8":"tag-arte","9":"tag-arte-y-diseno","10":"tag-arts","11":"tag-arts-and-design","12":"tag-design","13":"tag-diseno","14":"tag-entertainment","15":"tag-entretenimiento","16":"tag-es","17":"tag-espana","18":"tag-spain"},"share_on_mastodon":{"url":"","error":""},"_links":{"self":[{"href":"https:\/\/www.europesays.com\/es\/wp-json\/wp\/v2\/posts\/143082","targetHints":{"allow":["GET"]}}],"collection":[{"href":"https:\/\/www.europesays.com\/es\/wp-json\/wp\/v2\/posts"}],"about":[{"href":"https:\/\/www.europesays.com\/es\/wp-json\/wp\/v2\/types\/post"}],"author":[{"embeddable":true,"href":"https:\/\/www.europesays.com\/es\/wp-json\/wp\/v2\/users\/2"}],"replies":[{"embeddable":true,"href":"https:\/\/www.europesays.com\/es\/wp-json\/wp\/v2\/comments?post=143082"}],"version-history":[{"count":0,"href":"https:\/\/www.europesays.com\/es\/wp-json\/wp\/v2\/posts\/143082\/revisions"}],"wp:featuredmedia":[{"embeddable":true,"href":"https:\/\/www.europesays.com\/es\/wp-json\/wp\/v2\/media\/143083"}],"wp:attachment":[{"href":"https:\/\/www.europesays.com\/es\/wp-json\/wp\/v2\/media?parent=143082"}],"wp:term":[{"taxonomy":"category","embeddable":true,"href":"https:\/\/www.europesays.com\/es\/wp-json\/wp\/v2\/categories?post=143082"},{"taxonomy":"post_tag","embeddable":true,"href":"https:\/\/www.europesays.com\/es\/wp-json\/wp\/v2\/tags?post=143082"}],"curies":[{"name":"wp","href":"https:\/\/api.w.org\/{rel}","templated":true}]}}