{"id":143104,"date":"2025-09-27T22:29:11","date_gmt":"2025-09-27T22:29:11","guid":{"rendered":"https:\/\/www.europesays.com\/es\/143104\/"},"modified":"2025-09-27T22:29:11","modified_gmt":"2025-09-27T22:29:11","slug":"pedro-martinez-lamenta-la-baja-casi-segura-de-otro-jugador-del-valencia-basket-para-la-final-de-la-supercopa-endesa","status":"publish","type":"post","link":"https:\/\/www.europesays.com\/es\/143104\/","title":{"rendered":"Pedro Mart\u00ednez lamenta la baja casi segura de otro jugador del Valencia Basket para la final de la Supercopa Endesa"},"content":{"rendered":"<p class=\"ft-text\"><strong>Pedro Mart\u00ednez apunt\u00f3 al acierto desde el triple como principal clave para <\/strong><a class=\"ft-link ft-link--decoration\" href=\"https:\/\/www.superdeporte.es\/valencia-basket\/2025\/09\/27\/gran-omari-moore-lidera-valencia-basket-hacia-final-supercopa-endesa-122025842.html\" rel=\"nofollow noopener\" target=\"_blank\">meterse en la final de Supercopa ACB<\/a> tras derrotar al Unicaja este s\u00e1bado en M\u00e1laga (87-93), en un partido \u00abmuy igualado\u00bb que se decidi\u00f3 \u00abpor peque\u00f1os detalles\u00bb.<\/p>\n<p class=\"ft-text\">\u00ab<strong>En estos partidos sabes que se va a decidir todo por peque\u00f1os detalles<\/strong>. Sacamos adelante un partido muy dif\u00edcil\u00bb, dijo Mart\u00ednez en rueda de prensa, tras una semifinales \u00abmuy igualada\u00bb donde lo que \u00abmarc\u00f3 la diferencia\u00bb fue \u00abel tiro de tres\u00bb.<\/p>\n<p class=\"ft-text\">\u00abLa primera parte estuvieron mejor que nosotros en su propuesta de juego,<strong> nos han dominado en todo el partido en el rebote defensivo y nos hicieron da\u00f1o con el rebote ofensivo<\/strong>. Pero el ritmo lo mejoramos y estuvimos consistentes en defensa\u00bb, agreg\u00f3 el preparador valencianista.<\/p>\n<p class=\"ft-text\">Omari Moore, m\u00e1ximo anotador con veinte puntos, recibi\u00f3 halagos de su entrenador, ya que el jugador taronja les <strong>dio \u00abbuenos puntos cuando est\u00e1bamos atascados\u00bb y eso les permiti\u00f3 \u00abllegar al descanso dentro del partido\u00bb<\/strong>.<\/p>\n<p>Baja casi segura<\/p>\n<p class=\"ft-text\">Por otra parte, inform\u00f3 de que el p\u00edvot Neal Sako es seria duda para jugar la final por unas dolencias en el tobillo: \u00ab<strong>Estaba muy mal, con el tobillo hinchado. Iba cojo perdido y no pudo acabar el partido<\/strong>. Es una final y ojal\u00e1 pueda jugar, pero es tonter\u00eda forzarlo porque no va a ser bueno para \u00e9l, aunque hay que esperar\u00bb, explic\u00f3. Una baja que se sumar\u00eda a las de Jean Montero, Brancou Badio y L\u00f3pez-Arostegui, al margen de a la del extracomunitario descartado, que este s\u00e1bado fue Nate Sestina.<\/p>\n<p><img decoding=\"async\" src=\"https:\/\/www.europesays.com\/es\/wp-content\/uploads\/2025\/09\/bf92f521-2f68-4c31-9fe5-bc78f63b019a_alta-libre-aspect-ratio_default_0.jpg\" width=\"1200\" height=\"817\" alt=\"Neal Sako, en el suelo tras torcerse el tobillo derecho.\" class=\"ft-helper-img-rd\" loading=\"lazy\" hasdataaida=\"true\"\/><\/p>\n<p class=\"ft-helper-fontColor-quaternary ft-helper-fontSize-body-S ft-helper-spacer-t-xxs\">Neal Sako, en el suelo tras torcerse el tobillo derecho.  \/ acb photo \/ Aitor Arrizabalaga<\/p>\n<p class=\"ft-text\">Por \u00faltimo, <strong>preguntado por el rol de Darius Thompson, espera de \u00e9l \u00abque ayude, como hoy, que ha sido nuestro mejor reboteador ofensivo<\/strong>. Ha estado s\u00f3lido en defensa\u00bb, por lo que espera \u00abque mantenga esa l\u00ednea, aunque habr\u00e1 d\u00edas que meta \u00e9l m\u00e1s puntos y otros que metan m\u00e1s sus compa\u00f1eros\u00bb<\/p>\n<p>Ibon Navarro se\u00f1ala los tiros libres y los triples<\/p>\n<p class=\"ft-text\">Por otra parte, el entrenador del Unicaja, Ibon Navarro, destac\u00f3 que <strong>la derrota ante Valencia Basket en semifinales se explica en los \u00abporcentajes de tiros libres y triples\u00bb<\/strong>, aunque cree que la temporada \u00abde verdad\u00bb empieza la pr\u00f3xima semana con el inicio de la liga.<\/p>\n<p class=\"ft-text\">\u00abCon nuestros porcentajes de tiros libres y triples en la segunda parte, <strong>en un partido de tantas posesiones, es muy dif\u00edcil ganar\u00bb<\/strong>, resumi\u00f3 Navarro en la rueda de prensa postpartido, despu\u00e9s de felicitar al Valencia Basket por su pase a la final.<\/p>\n<p class=\"ft-text\">\u00abTenemos trece tiros m\u00e1s que el Valencia BC, pero <strong>el porcentaje tan bajo en tiros de tres y en tiros libres, hacen que tu superioridad en el rebote no valg<\/strong>a. Tambi\u00e9n hay que analizar por qu\u00e9 no hemos metido\u00bb, dijo para incidir en las causas de la derrota.<\/p>\n<p><img decoding=\"async\" src=\"https:\/\/www.europesays.com\/es\/wp-content\/uploads\/2025\/09\/c1684003-3f7a-4143-8667-2a07bc413062_alta-libre-aspect-ratio_default_0.jpg\" width=\"1200\" height=\"800\" alt=\"Ibon Navarro, dando indicaciones en un tiempo muerto\" class=\"ft-helper-img-rd\" loading=\"lazy\" hasdataaida=\"true\"\/><\/p>\n<p class=\"ft-helper-fontColor-quaternary ft-helper-fontSize-body-S ft-helper-spacer-t-xxs\">Ibon Navarro, dando indicaciones en un tiempo muerto  \/ acb photo \/ Aitor Arrizabalaga<\/p>\n<p class=\"ft-text\">\u00abTenemos que estar contentos con el esfuerzo, hemos hecho muchas cosas bien, <strong>el rebote era clave e hicimos un trabajo extraordinario, pero tuvimos algunas p\u00e9rdidas en el final del tercer cuarto y principio del \u00faltimo<\/strong>\u00ab, a\u00f1adi\u00f3 en su an\u00e1lisis.<\/p>\n<p class=\"ft-text\">\u00ab<strong>Un partido ante un <\/strong><a class=\"ft-link ft-link--decoration\" href=\"https:\/\/www.superdeporte.es\/valencia-basket\/2025\/09\/27\/valencia-basket-primer-club-finales-supercopa-en-espana-122030470.html\" rel=\"nofollow noopener\" target=\"_blank\"><strong>Valencia BC<\/strong><\/a><strong> que te exige delante y atr\u00e1s<\/strong>. Hay muchas cosas positivas\u00bb, y matiz\u00f3 con que \u00abla temporada de verdad para nosotros empieza el fin de semana que viene\u00bb con el debut en Liga ACB.<\/p>\n<p class=\"ft-text\">\u00ab<strong>No hemos conseguido hacer las cosas tan bien como el a\u00f1o pasado, que pudimos descansar m\u00e1s y prepararnos menos<\/strong>. Nos hemos quedado seguramente un poquito cortos. Con esto, cerramos las temporada 24\/25, no pudo ser d\u00e1ndole una alegr\u00eda a nuestro p\u00fablico\u00bb, lament\u00f3.<\/p>\n<p class=\"ft-text\">Adem\u00e1s, <strong>confirm\u00f3 que la baja de Tyson P\u00e9rez, descartado para la semifinal, fue porque \u00abestaba enfermo esta ma\u00f1ana\u00bb<\/strong>, por lo que lamento que les hubiera faltado en la rotaci\u00f3n \u00abun jugador de mucha gasolina como \u00e9l\u00bb.<\/p>\n<p class=\"ft-text\">Por \u00faltimo, dej\u00f3 su valoraci\u00f3n de los nuevos fichajes: \u00ab<strong>Sulejmanovic ha cogido once rebotes, una barbaridad; James Webb III tuvo que bailar con Kameron Taylor y lo hizo bien<\/strong>; Xavi Casta\u00f1eda dio dos pases muy buenos en alg\u00fan momento y Chris Duarte va poco a poco tambi\u00e9n, tuvo momentos brillantes. Todo va en el proceso. Necesitamos tiempo\u00bb.<\/p>\n","protected":false},"excerpt":{"rendered":"Pedro Mart\u00ednez apunt\u00f3 al acierto desde el triple como principal clave para meterse en la final de Supercopa&hellip;\n","protected":false},"author":2,"featured_media":143105,"comment_status":"","ping_status":"","sticky":false,"template":"","format":"standard","meta":{"footnotes":""},"categories":[269],"tags":[302,6814,299,298,1779,168,2917,25,24,1058,8252,825,37370,27883,1822,12326,5043,2397,23,167,4611,2246,2916],"class_list":{"0":"post-143104","1":"post","2":"type-post","3":"status-publish","4":"format-standard","5":"has-post-thumbnail","7":"category-baloncesto","8":"tag-acb","9":"tag-baja","10":"tag-baloncesto","11":"tag-basketball","12":"tag-confirma","13":"tag-deportes","14":"tag-endesa","15":"tag-es","16":"tag-espana","17":"tag-final","18":"tag-lesion","19":"tag-martinez","20":"tag-neal-sako","21":"tag-omari-moore","22":"tag-pedro","23":"tag-pedro-martinez","24":"tag-por","25":"tag-posible","26":"tag-spain","27":"tag-sports","28":"tag-supercopa","29":"tag-unicaja","30":"tag-valencia-basket"},"share_on_mastodon":{"url":"","error":""},"_links":{"self":[{"href":"https:\/\/www.europesays.com\/es\/wp-json\/wp\/v2\/posts\/143104","targetHints":{"allow":["GET"]}}],"collection":[{"href":"https:\/\/www.europesays.com\/es\/wp-json\/wp\/v2\/posts"}],"about":[{"href":"https:\/\/www.europesays.com\/es\/wp-json\/wp\/v2\/types\/post"}],"author":[{"embeddable":true,"href":"https:\/\/www.europesays.com\/es\/wp-json\/wp\/v2\/users\/2"}],"replies":[{"embeddable":true,"href":"https:\/\/www.europesays.com\/es\/wp-json\/wp\/v2\/comments?post=143104"}],"version-history":[{"count":0,"href":"https:\/\/www.europesays.com\/es\/wp-json\/wp\/v2\/posts\/143104\/revisions"}],"wp:featuredmedia":[{"embeddable":true,"href":"https:\/\/www.europesays.com\/es\/wp-json\/wp\/v2\/media\/143105"}],"wp:attachment":[{"href":"https:\/\/www.europesays.com\/es\/wp-json\/wp\/v2\/media?parent=143104"}],"wp:term":[{"taxonomy":"category","embeddable":true,"href":"https:\/\/www.europesays.com\/es\/wp-json\/wp\/v2\/categories?post=143104"},{"taxonomy":"post_tag","embeddable":true,"href":"https:\/\/www.europesays.com\/es\/wp-json\/wp\/v2\/tags?post=143104"}],"curies":[{"name":"wp","href":"https:\/\/api.w.org\/{rel}","templated":true}]}}