{"id":143108,"date":"2025-09-27T22:32:16","date_gmt":"2025-09-27T22:32:16","guid":{"rendered":"https:\/\/www.europesays.com\/es\/143108\/"},"modified":"2025-09-27T22:32:16","modified_gmt":"2025-09-27T22:32:16","slug":"un-nuevo-museo-en-honor-a-frida-kahlo-mostrara-su-lado-mas-personal","status":"publish","type":"post","link":"https:\/\/www.europesays.com\/es\/143108\/","title":{"rendered":"Un nuevo museo en honor a Frida Kahlo mostrar\u00e1 su lado m\u00e1s personal"},"content":{"rendered":"<p>IE 11 no es compatible. Para una experiencia \u00f3ptima, visite nuestro sitio en otro navegador.<\/p>\n<p><img decoding=\"async\" src=\"https:\/\/www.europesays.com\/es\/wp-content\/uploads\/2025\/09\/41829936812-1080pnbcstations.jpg\" alt=\"\"\/><\/p>\n<ul class=\"styles_videos__IxbCG\">\n<li class=\"styles_video__WPPDb\"\/>\n<li class=\"styles_video__WPPDb\">\n<p>SIGUIENTE<\/p>\n<p><img decoding=\"async\" loading=\"lazy\" src=\"https:\/\/www.europesays.com\/es\/wp-content\/uploads\/2025\/09\/41829914461-1080pnbcstations.jpg\" alt=\"\"\/><\/p>\n<p>Protesta por los estudiantes de Ayotzinapa desaparecidos se torna violenta00:36<\/p>\n<\/li>\n<li class=\"styles_video__WPPDb\"><img decoding=\"async\" loading=\"lazy\" src=\"https:\/\/www.europesays.com\/es\/wp-content\/uploads\/2025\/09\/41829892731-1080pnbcstations.jpg\" alt=\"\"\/>\n<p>Decenas de diplom\u00e1ticos abandonan la asamblea de la ONU al inicio del discurso de Benjam\u00edn Netanyahu01:22<\/p>\n<\/li>\n<li class=\"styles_video__WPPDb\"><img decoding=\"async\" loading=\"lazy\" src=\"https:\/\/www.europesays.com\/es\/wp-content\/uploads\/2025\/09\/41829673315-1080pnbcstations.jpg\" alt=\"\"\/>\n<p>Adolescente de 14 a\u00f1os muere tras cirug\u00eda est\u00e9tica en M\u00e9xico05:12<\/p>\n<\/li>\n<li class=\"styles_video__WPPDb\"><img decoding=\"async\" loading=\"lazy\" src=\"https:\/\/www.europesays.com\/es\/wp-content\/uploads\/2025\/09\/41826317237-1080pnbcstations.jpg\" alt=\"\"\/>\n<p>El Pelotazo nos trae lo que es noticia en los deportes este viernes 26 de septiembre de 202502:11<\/p>\n<\/li>\n<li class=\"styles_video__WPPDb\"><img decoding=\"async\" loading=\"lazy\" src=\"https:\/\/www.europesays.com\/es\/wp-content\/uploads\/2025\/09\/41824889768-1080pnbcstations.jpg\" alt=\"\"\/>\n<p>Hombre rompe dos r\u00e9cords Guinness al lanzarse en patineta sobre una rampa en un edificio de 22 pisos00:31<\/p>\n<\/li>\n<li class=\"styles_video__WPPDb\"><img decoding=\"async\" loading=\"lazy\" src=\"https:\/\/www.europesays.com\/es\/wp-content\/uploads\/2025\/09\/41824599243-1080pnbcstations.jpg\" alt=\"\"\/>\n<p>As\u00ed fue la violenta protesta en Ciudad de M\u00e9xico por los normalistas desaparecidos hace 11 a\u00f1os00:30<\/p>\n<\/li>\n<li class=\"styles_video__WPPDb\"><img decoding=\"async\" loading=\"lazy\" src=\"https:\/\/www.europesays.com\/es\/wp-content\/uploads\/2025\/09\/41824541146-1080pnbcstations.jpg\" alt=\"\"\/>\n<p>Vea c\u00f3mo se sacudi\u00f3 la tierra en Venezuela con los sismos registrados en Zulia00:26<\/p>\n<\/li>\n<li class=\"styles_video__WPPDb\"><img decoding=\"async\" loading=\"lazy\" src=\"https:\/\/www.europesays.com\/es\/wp-content\/uploads\/2025\/09\/41820187904-1080pnbcstations.jpg\" alt=\"\"\/>\n<p>Un alce, un jaguar y un \u00e1guila ser\u00e1n las mascotas de este Mundial<\/p>\n<\/li>\n<li class=\"styles_video__WPPDb\"><img decoding=\"async\" loading=\"lazy\" src=\"https:\/\/www.europesays.com\/es\/wp-content\/uploads\/2025\/09\/sismo_en_venezuela.jpg\" alt=\"\"\/>\n<p>Venezuela vive una jornada con sismos y r\u00e9plicas. Vea videos del p\u00e1nico que causaron00:22<\/p>\n<\/li>\n<li class=\"styles_video__WPPDb\"><img decoding=\"async\" loading=\"lazy\" src=\"https:\/\/www.europesays.com\/es\/wp-content\/uploads\/2025\/09\/41820087030-1080pnbcstations.jpg\" alt=\"\"\/>\n<p>Estrellan contra un cuartel militar un cami\u00f3n y lo queman en protesta por el caso Ayotzinapa00:27<\/p>\n<\/li>\n<li class=\"styles_video__WPPDb\"><img decoding=\"async\" loading=\"lazy\" src=\"https:\/\/www.europesays.com\/es\/wp-content\/uploads\/2025\/09\/41820049770-1080pnbcstations.jpg\" alt=\"\"\/>\n<p>Detienen en M\u00e9xico a &#8216;La Diabla&#8217;: es acusada de ces\u00e1reas ilegales, tr\u00e1fico de beb\u00e9s y \u00f3rganos01:39<\/p>\n<\/li>\n<li class=\"styles_video__WPPDb\"><img decoding=\"async\" loading=\"lazy\" src=\"https:\/\/www.europesays.com\/es\/wp-content\/uploads\/2025\/09\/41836186975-1080pnbcstations.jpg\" alt=\"\"\/>\n<p>La casa en la que vivi\u00f3 Frida Kahlo se convierte en un museo00:23<\/p>\n<\/li>\n<li class=\"styles_video__WPPDb\"><img decoding=\"async\" loading=\"lazy\" src=\"https:\/\/www.europesays.com\/es\/wp-content\/uploads\/2025\/09\/41836044454-1080pnbcstations.jpg\" alt=\"\"\/>\n<p>Las protestas por los 11 a\u00f1os del caso\u00a0Ayotzinapa terminan en actos violentos y represi\u00f3n en M\u00e9xico00:28<\/p>\n<\/li>\n<li class=\"styles_video__WPPDb\"><img decoding=\"async\" loading=\"lazy\" src=\"https:\/\/www.europesays.com\/es\/wp-content\/uploads\/2025\/09\/41835426838-1080pnbcstations.jpg\" alt=\"\"\/>\n<p>EE.UU. baraja opciones para ataques militares contra objetivos del narco dentro de Venezuela, seg\u00fan fuentes02:24<\/p>\n<\/li>\n<li class=\"styles_video__WPPDb\"><img decoding=\"async\" loading=\"lazy\" src=\"https:\/\/www.europesays.com\/es\/wp-content\/uploads\/2025\/09\/41833274400-1080pnbcstations.jpg\" alt=\"\"\/>\n<p>Decenas de delegados abandonan la sala al otorgarle la palabra a Benjamin Netanyahu en la ONU00:30<\/p>\n<\/li>\n<li class=\"styles_video__WPPDb\"><img decoding=\"async\" loading=\"lazy\" src=\"https:\/\/www.europesays.com\/es\/wp-content\/uploads\/2025\/09\/41832787822-1080pnbcstations.jpg\" alt=\"\"\/>\n<p>La Casa Blanca planea acciones contra objetivos vinculados al narcotr\u00e1fico dentro de Venezuela00:22<\/p>\n<\/li>\n<li class=\"styles_video__WPPDb\"><img decoding=\"async\" loading=\"lazy\" src=\"https:\/\/www.europesays.com\/es\/wp-content\/uploads\/2025\/09\/41831584040-1080pnbcstations.jpg\" alt=\"\"\/>\n<p>J\u00f3venes utilizan bandera de anime japon\u00e9s para manifestarse en contra del Gobierno en Per\u00fa00:37<\/p>\n<\/li>\n<li class=\"styles_video__WPPDb\"><img decoding=\"async\" loading=\"lazy\" src=\"https:\/\/www.europesays.com\/es\/wp-content\/uploads\/2025\/09\/41831246255-1080pnbcstations.jpg\" alt=\"\"\/>\n<p>Muere chofer de un cami\u00f3n tras chocar contra un tren en Rusia00:30<\/p>\n<\/li>\n<li class=\"styles_video__WPPDb\"><img decoding=\"async\" loading=\"lazy\" src=\"https:\/\/www.europesays.com\/es\/wp-content\/uploads\/2025\/09\/41831215133-1080pnbcstations.jpg\" alt=\"\"\/>\n<p>Un devastador accidente automovil\u00edstico deja al menos 14 muertos en Per\u00fa00:35<\/p>\n<\/li>\n<\/ul>\n<p class=\"video-details__dek-text\">La Casa Roja fue el lugar donde la pintora creci\u00f3 y queda a solo cuadras de la Casa Azul, donde vivi\u00f3 con su esposo el muralista Diego Rivera. En este museo, su familia explica que se exhibir\u00e1n principalmente objetos de su vida \u00edntima.Sept. 26, 2025<\/p>\n<p>Lee M\u00e1s<\/p>\n<ul class=\"styles_videos__IxbCG\">\n<li class=\"styles_video__WPPDb\"\/>\n<li class=\"styles_video__WPPDb\">\n<p>SIGUIENTE<\/p>\n<p><img decoding=\"async\" loading=\"lazy\" src=\"https:\/\/www.europesays.com\/es\/wp-content\/uploads\/2025\/09\/41829914461-1080pnbcstations.jpg\" alt=\"\"\/><\/p>\n<p>Protesta por los estudiantes de Ayotzinapa desaparecidos se torna violenta00:36<\/p>\n<\/li>\n<li class=\"styles_video__WPPDb\"><img decoding=\"async\" loading=\"lazy\" src=\"https:\/\/www.europesays.com\/es\/wp-content\/uploads\/2025\/09\/41829892731-1080pnbcstations.jpg\" alt=\"\"\/>\n<p>Decenas de diplom\u00e1ticos abandonan la asamblea de la ONU al inicio del discurso de Benjam\u00edn Netanyahu01:22<\/p>\n<\/li>\n<li class=\"styles_video__WPPDb\"><img decoding=\"async\" loading=\"lazy\" src=\"https:\/\/www.europesays.com\/es\/wp-content\/uploads\/2025\/09\/41829673315-1080pnbcstations.jpg\" alt=\"\"\/>\n<p>Adolescente de 14 a\u00f1os muere tras cirug\u00eda est\u00e9tica en M\u00e9xico05:12<\/p>\n<\/li>\n<li class=\"styles_video__WPPDb\"><img decoding=\"async\" loading=\"lazy\" src=\"https:\/\/www.europesays.com\/es\/wp-content\/uploads\/2025\/09\/41826317237-1080pnbcstations.jpg\" alt=\"\"\/>\n<p>El Pelotazo nos trae lo que es noticia en los deportes este viernes 26 de septiembre de 202502:11<\/p>\n<\/li>\n<li class=\"styles_video__WPPDb\"><img decoding=\"async\" loading=\"lazy\" src=\"https:\/\/www.europesays.com\/es\/wp-content\/uploads\/2025\/09\/41824889768-1080pnbcstations.jpg\" alt=\"\"\/>\n<p>Hombre rompe dos r\u00e9cords Guinness al lanzarse en patineta sobre una rampa en un edificio de 22 pisos00:31<\/p>\n<\/li>\n<li class=\"styles_video__WPPDb\"><img decoding=\"async\" loading=\"lazy\" src=\"https:\/\/www.europesays.com\/es\/wp-content\/uploads\/2025\/09\/41824599243-1080pnbcstations.jpg\" alt=\"\"\/>\n<p>As\u00ed fue la violenta protesta en Ciudad de M\u00e9xico por los normalistas desaparecidos hace 11 a\u00f1os00:30<\/p>\n<\/li>\n<li class=\"styles_video__WPPDb\"><img decoding=\"async\" loading=\"lazy\" src=\"https:\/\/www.europesays.com\/es\/wp-content\/uploads\/2025\/09\/41824541146-1080pnbcstations.jpg\" alt=\"\"\/>\n<p>Vea c\u00f3mo se sacudi\u00f3 la tierra en Venezuela con los sismos registrados en Zulia00:26<\/p>\n<\/li>\n<li class=\"styles_video__WPPDb\"><img decoding=\"async\" loading=\"lazy\" src=\"https:\/\/www.europesays.com\/es\/wp-content\/uploads\/2025\/09\/41820187904-1080pnbcstations.jpg\" alt=\"\"\/>\n<p>Un alce, un jaguar y un \u00e1guila ser\u00e1n las mascotas de este Mundial<\/p>\n<\/li>\n<li class=\"styles_video__WPPDb\"><img decoding=\"async\" loading=\"lazy\" src=\"https:\/\/www.europesays.com\/es\/wp-content\/uploads\/2025\/09\/sismo_en_venezuela.jpg\" alt=\"\"\/>\n<p>Venezuela vive una jornada con sismos y r\u00e9plicas. Vea videos del p\u00e1nico que causaron00:22<\/p>\n<\/li>\n<li class=\"styles_video__WPPDb\"><img decoding=\"async\" loading=\"lazy\" src=\"https:\/\/www.europesays.com\/es\/wp-content\/uploads\/2025\/09\/41820087030-1080pnbcstations.jpg\" alt=\"\"\/>\n<p>Estrellan contra un cuartel militar un cami\u00f3n y lo queman en protesta por el caso Ayotzinapa00:27<\/p>\n<\/li>\n<li class=\"styles_video__WPPDb\"><img decoding=\"async\" loading=\"lazy\" src=\"https:\/\/www.europesays.com\/es\/wp-content\/uploads\/2025\/09\/41820049770-1080pnbcstations.jpg\" alt=\"\"\/>\n<p>Detienen en M\u00e9xico a &#8216;La Diabla&#8217;: es acusada de ces\u00e1reas ilegales, tr\u00e1fico de beb\u00e9s y \u00f3rganos01:39<\/p>\n<\/li>\n<li class=\"styles_video__WPPDb\"><img decoding=\"async\" loading=\"lazy\" src=\"https:\/\/www.europesays.com\/es\/wp-content\/uploads\/2025\/09\/41836186975-1080pnbcstations.jpg\" alt=\"\"\/>\n<p>La casa en la que vivi\u00f3 Frida Kahlo se convierte en un museo00:23<\/p>\n<\/li>\n<li class=\"styles_video__WPPDb\"><img decoding=\"async\" loading=\"lazy\" src=\"https:\/\/www.europesays.com\/es\/wp-content\/uploads\/2025\/09\/41836044454-1080pnbcstations.jpg\" alt=\"\"\/>\n<p>Las protestas por los 11 a\u00f1os del caso\u00a0Ayotzinapa terminan en actos violentos y represi\u00f3n en M\u00e9xico00:28<\/p>\n<\/li>\n<li class=\"styles_video__WPPDb\"><img decoding=\"async\" loading=\"lazy\" src=\"https:\/\/www.europesays.com\/es\/wp-content\/uploads\/2025\/09\/41835426838-1080pnbcstations.jpg\" alt=\"\"\/>\n<p>EE.UU. baraja opciones para ataques militares contra objetivos del narco dentro de Venezuela, seg\u00fan fuentes02:24<\/p>\n<\/li>\n<li class=\"styles_video__WPPDb\"><img decoding=\"async\" loading=\"lazy\" src=\"https:\/\/www.europesays.com\/es\/wp-content\/uploads\/2025\/09\/41833274400-1080pnbcstations.jpg\" alt=\"\"\/>\n<p>Decenas de delegados abandonan la sala al otorgarle la palabra a Benjamin Netanyahu en la ONU00:30<\/p>\n<\/li>\n<li class=\"styles_video__WPPDb\"><img decoding=\"async\" loading=\"lazy\" src=\"https:\/\/www.europesays.com\/es\/wp-content\/uploads\/2025\/09\/41832787822-1080pnbcstations.jpg\" alt=\"\"\/>\n<p>La Casa Blanca planea acciones contra objetivos vinculados al narcotr\u00e1fico dentro de Venezuela00:22<\/p>\n<\/li>\n<li class=\"styles_video__WPPDb\"><img decoding=\"async\" loading=\"lazy\" src=\"https:\/\/www.europesays.com\/es\/wp-content\/uploads\/2025\/09\/41831584040-1080pnbcstations.jpg\" alt=\"\"\/>\n<p>J\u00f3venes utilizan bandera de anime japon\u00e9s para manifestarse en contra del Gobierno en Per\u00fa00:37<\/p>\n<\/li>\n<li class=\"styles_video__WPPDb\"><img decoding=\"async\" loading=\"lazy\" src=\"https:\/\/www.europesays.com\/es\/wp-content\/uploads\/2025\/09\/41831246255-1080pnbcstations.jpg\" alt=\"\"\/>\n<p>Muere chofer de un cami\u00f3n tras chocar contra un tren en Rusia00:30<\/p>\n<\/li>\n<li class=\"styles_video__WPPDb\"><img decoding=\"async\" loading=\"lazy\" src=\"https:\/\/www.europesays.com\/es\/wp-content\/uploads\/2025\/09\/41831215133-1080pnbcstations.jpg\" alt=\"\"\/>\n<p>Un devastador accidente automovil\u00edstico deja al menos 14 muertos en Per\u00fa00:35<\/p>\n<\/li>\n<\/ul>\n","protected":false},"excerpt":{"rendered":"IE 11 no es compatible. Para una experiencia \u00f3ptima, visite nuestro sitio en otro navegador. SIGUIENTE Protesta por&hellip;\n","protected":false},"author":2,"featured_media":143109,"comment_status":"","ping_status":"","sticky":false,"template":"","format":"standard","meta":{"footnotes":""},"categories":[173],"tags":[229,233,231,230,232,234,146,147,25,24,23],"class_list":{"0":"post-143108","1":"post","2":"type-post","3":"status-publish","4":"format-standard","5":"has-post-thumbnail","7":"category-arte-y-diseno","8":"tag-arte","9":"tag-arte-y-diseno","10":"tag-arts","11":"tag-arts-and-design","12":"tag-design","13":"tag-diseno","14":"tag-entertainment","15":"tag-entretenimiento","16":"tag-es","17":"tag-espana","18":"tag-spain"},"share_on_mastodon":{"url":"","error":""},"_links":{"self":[{"href":"https:\/\/www.europesays.com\/es\/wp-json\/wp\/v2\/posts\/143108","targetHints":{"allow":["GET"]}}],"collection":[{"href":"https:\/\/www.europesays.com\/es\/wp-json\/wp\/v2\/posts"}],"about":[{"href":"https:\/\/www.europesays.com\/es\/wp-json\/wp\/v2\/types\/post"}],"author":[{"embeddable":true,"href":"https:\/\/www.europesays.com\/es\/wp-json\/wp\/v2\/users\/2"}],"replies":[{"embeddable":true,"href":"https:\/\/www.europesays.com\/es\/wp-json\/wp\/v2\/comments?post=143108"}],"version-history":[{"count":0,"href":"https:\/\/www.europesays.com\/es\/wp-json\/wp\/v2\/posts\/143108\/revisions"}],"wp:featuredmedia":[{"embeddable":true,"href":"https:\/\/www.europesays.com\/es\/wp-json\/wp\/v2\/media\/143109"}],"wp:attachment":[{"href":"https:\/\/www.europesays.com\/es\/wp-json\/wp\/v2\/media?parent=143108"}],"wp:term":[{"taxonomy":"category","embeddable":true,"href":"https:\/\/www.europesays.com\/es\/wp-json\/wp\/v2\/categories?post=143108"},{"taxonomy":"post_tag","embeddable":true,"href":"https:\/\/www.europesays.com\/es\/wp-json\/wp\/v2\/tags?post=143108"}],"curies":[{"name":"wp","href":"https:\/\/api.w.org\/{rel}","templated":true}]}}