{"id":143116,"date":"2025-09-27T22:38:08","date_gmt":"2025-09-27T22:38:08","guid":{"rendered":"https:\/\/www.europesays.com\/es\/143116\/"},"modified":"2025-09-27T22:38:08","modified_gmt":"2025-09-27T22:38:08","slug":"la-vuelta-al-cole-provoca-un-repunte-de-las-infecciones-respiratorias-en-ninos","status":"publish","type":"post","link":"https:\/\/www.europesays.com\/es\/143116\/","title":{"rendered":"La vuelta al cole provoca un repunte de las infecciones respiratorias en ni\u00f1os"},"content":{"rendered":"<p><a class=\"v-mdl-ath__fig-a\" href=\"https:\/\/www.canarias7.es\/autor\/carmen-delia-aranda-rodriguez-3370.html\" title=\"Carmen Delia Aranda Rodr\u00edguez\" rel=\"nofollow noopener\" target=\"_blank\"><br \/>\n<img decoding=\"async\" class=\"v-mdl-ath__img\" src=\"https:\/\/www.europesays.com\/es\/wp-content\/uploads\/2025\/09\/autor-3370-foto-1.jpeg\" alt=\"Carmen Delia Aranda Rodr\u00edguez\"\/><br \/>\n<\/a><\/p>\n<p class=\"v-mdl-ath__p v-mdl-ath__p--6\">\nDomingo, 28 de septiembre 2025, 02:00<\/p>\n<p class=\"v-p\">Los contagios propiciados por la vuelta al colegio inauguran la temporada de <strong>infecciones respiratorias agudas<\/strong> en Canarias, seg\u00fan indic\u00f3 el jefe del Servicio de Epidemiolog\u00eda y Prevenci\u00f3n de Salud P\u00fablica, \u00c1lvaro Torres.<\/p>\n<p class=\"v-p\">En las \u00faltimas semanas, la tasa de infecciones respiratorias agudas ha experimentado una ligera subida en el archipi\u00e9lago, hasta situarse en 421 casos por cada 100.000 habitantes en la semana del 15 al 21 de septiembre, frente a los 383 de la semana previa. \u00abProbablemente, el aumento de los contagios en estas fechas ocurre todos los a\u00f1os. Aunque en Canarias no hay un invierno como tal, esta subida se da en todo el hemisferio norte\u00bb, se\u00f1ala Torres acerca del inicio de la temporada de infecciones respiratorias.<\/p>\n<p class=\"v-p\">Un fen\u00f3meno ocasionado por la vuelta a las aulas. \u00abEl segmento de edad en el que se ha visto un aumento de las infecciones corresponde a la poblaci\u00f3n infantil de <strong>entre 0 y 4 a\u00f1os <\/strong>y de entre 5 y 14 a\u00f1os\u00bb, indica el experto, quien advierte de que estas patolog\u00edas, tarde o temprano, terminar\u00e1n afectando a la poblaci\u00f3n m\u00e1s vulnerable, los mayores de 75 a\u00f1os.<\/p>\n<p class=\"v-p\">En todo caso, asegura que este incremento de las patolog\u00edas respiratorias <strong>no se atribuye a la covid, la gripe o la bronquiolitis<\/strong>, sino a resfriados provocados por <strong>rinovirus o adenovirus<\/strong>, todos ellos con cuadros leves. De hecho, la tasa actual de hospitalizaci\u00f3n se sit\u00faa en niveles m\u00ednimos, con 4,7 ingresos por 100.000 habitantes. Adem\u00e1s, la vacunaci\u00f3n contra el <strong>virus respiratorio sincitial <\/strong>(VRS) ha reducido al m\u00ednimo los casos graves de bronquiolitis, una patolog\u00eda que afecta en mayor medida a los beb\u00e9s. \u00abCon la inmunizaci\u00f3n de los ni\u00f1os peque\u00f1os, ha habido un cambio en la epidemiolog\u00eda. No tenemos ni gravedad ni apenas casos de VRS\u00bb, afirma.<\/p>\n<p>\u00bfQu\u00e9 hacer con las criaturas resfriadas?<\/p>\n<p class=\"v-p\">Los protocolos recomiendan que, cuando los ni\u00f1os presentan cuadros respiratorios, lo mejor es que no acudan al colegio para evitar <strong>contagios<\/strong>, pero la realidad es que son inevitables. \u00abNo se puede poner puertas al campo. Los ni\u00f1os son infectivos antes de manifestar los primeros s\u00edntomas. Adem\u00e1s, la convivencia entre ellos es muy estrecha en las aulas, los juegos, la guagua&#8230; Es muy dif\u00edcil atenuar la difusi\u00f3n\u00bb, sostiene Torres.<\/p>\n<p class=\"v-p\">La presidenta de la Asociaci\u00f3n de Pediatr\u00eda de Atenci\u00f3n Primaria (APap) de Canarias, Elena S\u00e1nchez, considera que, a menos que presenten fiebre y requieran cuidados, los ni\u00f1os resfriados deben ir a la escuela. \u00abSi cada vez que contraen una infecci\u00f3n leve dejan de ir a clase, pierden el curso\u00bb, comenta la pediatra, que apunta que estar expuestos a las infecciones los inmuniza.<\/p>\n<p class=\"v-p\">En su consulta ha constatado el aumento de las infecciones respiratorias tras el inicio del curso escolar, pero asegura que no revisten importancia.<\/p>\n<p>Comenta<\/p>\n<p>Reporta un error<\/p>\n","protected":false},"excerpt":{"rendered":"Domingo, 28 de septiembre 2025, 02:00 Los contagios propiciados por la vuelta al colegio inauguran la temporada de&hellip;\n","protected":false},"author":2,"featured_media":143117,"comment_status":"","ping_status":"","sticky":false,"template":"","format":"standard","meta":{"footnotes":""},"categories":[92],"tags":[16092,25,24,165,2218,2932,3486,1884,44298,166,23,1357],"class_list":{"0":"post-143116","1":"post","2":"type-post","3":"status-publish","4":"format-standard","5":"has-post-thumbnail","7":"category-salud","8":"tag-cole","9":"tag-es","10":"tag-espana","11":"tag-health","12":"tag-infecciones","13":"tag-ninos","14":"tag-provoca","15":"tag-repunte","16":"tag-respiratorias","17":"tag-salud","18":"tag-spain","19":"tag-vuelta"},"share_on_mastodon":{"url":"","error":""},"_links":{"self":[{"href":"https:\/\/www.europesays.com\/es\/wp-json\/wp\/v2\/posts\/143116","targetHints":{"allow":["GET"]}}],"collection":[{"href":"https:\/\/www.europesays.com\/es\/wp-json\/wp\/v2\/posts"}],"about":[{"href":"https:\/\/www.europesays.com\/es\/wp-json\/wp\/v2\/types\/post"}],"author":[{"embeddable":true,"href":"https:\/\/www.europesays.com\/es\/wp-json\/wp\/v2\/users\/2"}],"replies":[{"embeddable":true,"href":"https:\/\/www.europesays.com\/es\/wp-json\/wp\/v2\/comments?post=143116"}],"version-history":[{"count":0,"href":"https:\/\/www.europesays.com\/es\/wp-json\/wp\/v2\/posts\/143116\/revisions"}],"wp:featuredmedia":[{"embeddable":true,"href":"https:\/\/www.europesays.com\/es\/wp-json\/wp\/v2\/media\/143117"}],"wp:attachment":[{"href":"https:\/\/www.europesays.com\/es\/wp-json\/wp\/v2\/media?parent=143116"}],"wp:term":[{"taxonomy":"category","embeddable":true,"href":"https:\/\/www.europesays.com\/es\/wp-json\/wp\/v2\/categories?post=143116"},{"taxonomy":"post_tag","embeddable":true,"href":"https:\/\/www.europesays.com\/es\/wp-json\/wp\/v2\/tags?post=143116"}],"curies":[{"name":"wp","href":"https:\/\/api.w.org\/{rel}","templated":true}]}}