{"id":143122,"date":"2025-09-27T22:46:10","date_gmt":"2025-09-27T22:46:10","guid":{"rendered":"https:\/\/www.europesays.com\/es\/143122\/"},"modified":"2025-09-27T22:46:10","modified_gmt":"2025-09-27T22:46:10","slug":"alemania-anuncia-una-reforma-para-que-el-ejercito-pueda-derribar-drones","status":"publish","type":"post","link":"https:\/\/www.europesays.com\/es\/143122\/","title":{"rendered":"Alemania anuncia una reforma para que el Ej\u00e9rcito pueda derribar drones"},"content":{"rendered":"<p class=\"article-text\">\n        El ministro del Interior de Alemania, Alexander Dobrindt, ha declarado este s\u00e1bado en una comparecencia que prepara una reforma legal para que las Fuerzas Armadas (Bundeswehr) tengan permiso para derribar drones que supongan un peligro para la seguridad p\u00fablica.\n    <\/p>\n<p class=\"article-text\">\n        \u201cCreo que esta base legal es necesaria\u201d, ha afirmado Dobrindt en Berl\u00edn, que ha explicado que pueden darse situaciones, en el contexto actual, en el que sea necesario que la Bundeswehr apoye a la Polic\u00eda, que legalmente tiene la potestad para realizar este tipo de operaciones en estos momentos.\n    <\/p>\n<p class=\"article-text\">\n        \u201cPresentaremos la ley este mismo oto\u00f1o\u201d, ha declarado el ministro, que ha anunciado tambi\u00e9n el prop\u00f3sito de crear un centro de competencia de drones en Alemania donde se investiguen las aplicaciones de esta tecnolog\u00eda, con la ayuda de la experiencia adquirida por otros pa\u00edses, y que coordine tambi\u00e9n las competencias del Estado central y los &#8216;L\u00e4nder&#8217;.\n    <\/p>\n<p class=\"article-text\">\n        Dobrindt se ha referido adem\u00e1s al avistamiento de drones sobre la regi\u00f3n alemana septentrional de Schleswig-Holstein, cerca de la frontera con Dinamarca, que anunciaron el viernes las autoridades regionales, y ha hablado de \u201cenjambres de drones\u201d, que no hab\u00edan sido observados hasta ahora en esta forma.\n    <\/p>\n<p class=\"article-text\">\n        El ministro ha se\u00f1alado que el aumento de los avistamientos recientemente se puede interpretar en la direcci\u00f3n de un incremento del riesgo, aunque ha matizado que un mero sobrevuelo no representa un peligro agudo concreto.\n    <\/p>\n<p class=\"article-text\">\n        \u201cAun as\u00ed es algo que tenemos que tomar en serio, porque de ello puede surgir r\u00e1pidamente una amenaza\u201d, ha afirmado.\n    <\/p>\n<p>    <a href=\"https:\/\/www.eldiario.es\/internacional\/primera-reunion-lanzar-muro-drones-frente-rusia-evidencia-incapacidad-europa-defenderse_1_12635454.html\" data-mrf-recirculation=\"saber-mas-abajo\" data-dl-event=\"saber-mas-abajo\" rel=\"nofollow noopener\" target=\"_blank\"><\/p>\n<p class=\"know-more__title\">La primera reuni\u00f3n para lanzar el muro de drones frente a Rusia evidencia la incapacidad de Europa para defenderse<\/p>\n<p>            <img decoding=\"async\" class=\"lazy\" loading=\"lazy\" data-src=\"https:\/\/static.eldiario.es\/clip\/67682d9f-caab-4c1c-8fe9-73aa5568665e_16-9-aspect-ratio_default_0.jpg\" src=\"data:image\/svg+xml,%3Csvg xmlns=\" http:=\"\" viewbox=\"0 0 880 495\" alt=\"La primera reuni\u00f3n para lanzar el muro de drones frente a Rusia evidencia la incapacidad de Europa para defenderse\"\/><\/p>\n<p>                        <\/a><\/p>\n<p class=\"article-text\">\n        En Dinamarca y en Noruega se han registrado esta semana un buen n\u00famero de incidentes en los que se han detectado drones cerca de instalaciones militares y aeropuertos, lo que ha obligado a cerrar temporalmente algunos de estos \u00faltimos al tr\u00e1fico a\u00e9reo.\n    <\/p>\n","protected":false},"excerpt":{"rendered":"El ministro del Interior de Alemania, Alexander Dobrindt, ha declarado este s\u00e1bado en una comparecencia que prepara una&hellip;\n","protected":false},"author":2,"featured_media":143123,"comment_status":"","ping_status":"","sticky":false,"template":"","format":"standard","meta":{"footnotes":""},"categories":[42],"tags":[1660,4187,17,18,42379,8232,7939,13,14,11,61,62,63,64,19,20,9,10,15,16,15501,14824,12,21,22,65,66,67],"class_list":{"0":"post-143122","1":"post","2":"type-post","3":"status-publish","4":"format-standard","5":"has-post-thumbnail","7":"category-internacional","8":"tag-alemania","9":"tag-anuncia","10":"tag-breaking-news","11":"tag-breakingnews","12":"tag-derribar","13":"tag-drones","14":"tag-ejercito","15":"tag-featured-news","16":"tag-featurednews","17":"tag-headlines","18":"tag-internacional","19":"tag-international","20":"tag-international-news","21":"tag-internationalnews","22":"tag-latest-news","23":"tag-latestnews","24":"tag-news","25":"tag-noticias","26":"tag-noticias-destacadas","27":"tag-noticiasdestacadas","28":"tag-pueda","29":"tag-reforma","30":"tag-titulares","31":"tag-ultimas-noticias","32":"tag-ultimasnoticias","33":"tag-world","34":"tag-world-news","35":"tag-worldnews"},"share_on_mastodon":{"url":"","error":""},"_links":{"self":[{"href":"https:\/\/www.europesays.com\/es\/wp-json\/wp\/v2\/posts\/143122","targetHints":{"allow":["GET"]}}],"collection":[{"href":"https:\/\/www.europesays.com\/es\/wp-json\/wp\/v2\/posts"}],"about":[{"href":"https:\/\/www.europesays.com\/es\/wp-json\/wp\/v2\/types\/post"}],"author":[{"embeddable":true,"href":"https:\/\/www.europesays.com\/es\/wp-json\/wp\/v2\/users\/2"}],"replies":[{"embeddable":true,"href":"https:\/\/www.europesays.com\/es\/wp-json\/wp\/v2\/comments?post=143122"}],"version-history":[{"count":0,"href":"https:\/\/www.europesays.com\/es\/wp-json\/wp\/v2\/posts\/143122\/revisions"}],"wp:featuredmedia":[{"embeddable":true,"href":"https:\/\/www.europesays.com\/es\/wp-json\/wp\/v2\/media\/143123"}],"wp:attachment":[{"href":"https:\/\/www.europesays.com\/es\/wp-json\/wp\/v2\/media?parent=143122"}],"wp:term":[{"taxonomy":"category","embeddable":true,"href":"https:\/\/www.europesays.com\/es\/wp-json\/wp\/v2\/categories?post=143122"},{"taxonomy":"post_tag","embeddable":true,"href":"https:\/\/www.europesays.com\/es\/wp-json\/wp\/v2\/tags?post=143122"}],"curies":[{"name":"wp","href":"https:\/\/api.w.org\/{rel}","templated":true}]}}