{"id":143124,"date":"2025-09-27T22:47:16","date_gmt":"2025-09-27T22:47:16","guid":{"rendered":"https:\/\/www.europesays.com\/es\/143124\/"},"modified":"2025-09-27T22:47:16","modified_gmt":"2025-09-27T22:47:16","slug":"el-aguila-que-divide-profundamente-a-los-conservacionistas-espanoles","status":"publish","type":"post","link":"https:\/\/www.europesays.com\/es\/143124\/","title":{"rendered":"El \u00e1guila que divide profundamente a los conservacionistas espa\u00f1oles"},"content":{"rendered":"<p class=\"description\">Ciencia, naturaleza, cultura. Suscr\u00edbete a National Geographic por 1\u20ac\/mes y recibe un regalo GRATIS <b>\u00a1Aprovecha hoy!<\/b><\/p>\n<p class=\"description\"><b>\u00a1NOVEDAD!<\/b> Ya disponible la edici\u00f3n especial <b>El cerebro infantil<\/b> de la colecci\u00f3n Los Secretos del Cerebro de National Geographic.<\/p>\n<p>La noticia del <strong>nacimiento del primer pollo del pigargo europeo en Espa\u00f1a <\/strong>ha abierto tanto inter\u00e9s como pol\u00e9mica. El acontecimiento, calificado por <a href=\"https:\/\/www.grefa.org\/noticias\/notas-de-prensa\/nota-de-prensa-nace-un-pigargo-europeo-todo-un-gran-hito-para-la-biodiversidad.html\" rel=\"nofollow noopener\" target=\"_blank\">GREFA como un \u2018hito hist\u00f3rico para la biodiversidad espa\u00f1ola\u2019<\/a> encierra numerosos interrogantes. <strong>\u00bfSe trata realmente de una especie extinta? \u00bfQu\u00e9 consecuencias podr\u00eda tener su presencia en el territorio? <\/strong>Son algunas de las cuestiones clave que <strong>algunas entidades conservacionistas ponen sobre la mesa<\/strong>. Alegan que, en determinadas ocasiones, un proyecto conservacionista como este puede hacer m\u00e1s mal que bien. \u00a0<\/p>\n<p>&#13;<img decoding=\"async\" src=\"https:\/\/www.europesays.com\/es\/wp-content\/uploads\/2025\/09\/huracan-cielos-nubosos-marejada_8d764e4e_250925105417_800x800.webp.webp\" alt=\"Hurac\u00e1n cielos nubosos marejada\" class=\"image lazyload\"\/><\/p>\n<p>El protagonista de esta historia es el <strong>pigargo europeo (Haliaeetus albicilla),<\/strong> un \u00e1guila de gran envergadura (puede llegar a medir hasta 2,5 metros con las alas extendidas) dotada de una cola relativamente corta y un pico grande y robusto que habita generalmente en humedales muy diversos, desde los situados en zonas rocosas hasta en llanuras, cerca de grandes r\u00edos y marismas. Es un ave habitual en Asia, y est\u00e1 presente en el este de Europa, donde se distribuye desde Escocia -el \u00fanico lugar en el que se reproduce actualmente-, hasta Groenlandia e Islandia. Pero es muy rara de ver en el Mediterr\u00e1neo. \u00a0<\/p>\n<p>En 2021, <a href=\"https:\/\/www.grefa.org\/esta-en-tu-mano\/centros-de-recuperacion-de-fauna-en-espana?gad_source=1&amp;gad_campaignid=47162403&amp;gbraid=0AAAAAD0SyTkgvbB4r8y8GswTD57_ksbp8&amp;gclid=Cj0KCQjw0NPGBhCDARIsAGAzpp15uiOcgekq7Diw7WsuMnFS-s1_WqfUcfQb7vhzm5Kxx-LuOBZPMusaAmp9EALw_wcB\" target=\"_blank\" rel=\"nofollow noopener\">GREFA (Grupo de Rehabilitaci\u00f3n de la Fauna Aut\u00f3ctona y su H\u00e1bitat)<\/a> inici\u00f3 un proyecto de reintroducci\u00f3n financiado inicialmente por el Ministerio para la Transici\u00f3n Ecol\u00f3gica. Soltaron <strong>25 ejemplares en Asturias (7 en 2021 y 18 en 2022), de los que actualmente solo quedan unos 17, <\/strong>pues las sueltas sucesivas se paralizaron en estos dos territorios debido a las cr\u00edticas de bi\u00f3logos y organizaciones ecologistas.\u00a0<\/p>\n<blockquote>\n<p>\u201cIntroducir un superdepredador de salmones no es la mejor idea para proteger a estos peces amenazados\u201d -Nicol\u00e1s L\u00f3pez, T\u00e9cnico de conservaci\u00f3n de especies de SEO\/Birldlife.<\/p>\n<\/blockquote>\n<p>\u00bfCu\u00e1l es el problema? Algunas organizaciones conservacionistas, como <a href=\"https:\/\/seo.org\/?gad_source=1&amp;gad_campaignid=22903734679&amp;gbraid=0AAAAApiz5q8F6xSZLy4TiNO95lCHjtdsr&amp;gclid=CjwKCAjw89jGBhB0EiwA2o1On1JjMPCK9BZ-3vmWGrT7z1h3ewd87GplDSMWwrzNfIlZ8ssy7rgBtxoC6aYQAvD_BwE\" target=\"_blank\" rel=\"nofollow noopener\">SEO\/Birldlife<\/a> o<a href=\"https:\/\/www.ecologistasenaccion.org\/\" target=\"_blank\" rel=\"nofollow noopener\"> Ecologistas en Acci\u00f3n<\/a>, consideran que esta ave nunca estuvo presente en la pen\u00ednsula ib\u00e9rica. Lo explica en <a href=\"https:\/\/theconversation.com\/por-que-liberar-pigargos-en-espana-es-una-mala-idea-166524\" rel=\"nofollow noopener\" target=\"_blank\">The Conversation<\/a>\u00a0David \u00c1lvarez, doctor en biolog\u00eda de la Universidad de Oviedo<a href=\"https:\/\/theconversation.com\/por-que-liberar-pigargos-en-espana-es-una-mala-idea-166524\" rel=\"nofollow noopener\" target=\"_blank\">,<\/a> quien afirma que el proyecto se basa en unas pruebas de su reproducci\u00f3n hist\u00f3rica en Espa\u00f1a que no pueden considerarse irrefutables.<\/p>\n<p>Por ejemplo, alega el experto, la documentaci\u00f3n que se ha utilizado se basa en unos informes que hacen referencia a la presencia de <strong>varios ejemplares solitarios y dudosos indicios de cr\u00eda<\/strong>, muchos de los cuales tienen su origen en un art\u00edculo de Francisco Bernis publicado en 1848 en el Bolet\u00edn de la Sociedad Espa\u00f1ola de Historia Natural con t\u00edtulo \u201c<a href=\"https:\/\/datos.bne.es\/persona\/XX1719959.html\" rel=\"nofollow noopener\" target=\"_blank\">Visita ornitol\u00f3gica de febrero a las islas Sisargas<\/a>\u201d, elaborado a partir de conversaciones con marineros locales. En cualquier caso, alegan estos expertos, se trata de registros poco claros que podr\u00edan tratarse de confusiones de nidos de otras especies, como el \u00e1guila pescadora (Pandion haliacetus). \u00a0<\/p>\n<p>\u201cLa justificaci\u00f3n que se da es que est\u00e1 presente en el listado de especies extintas, un razonamiento muy poco s\u00f3lido\u201d, explica Nicol\u00e1s L\u00f3pez delegado de SEO\/Birdlife en Asturias, a National Geographic. \u201cEn el <a href=\"https:\/\/seo.org\/libro-rojo-2021\/?gad_source=1&amp;gad_campaignid=21810125997&amp;gbraid=0AAAAApiz5q8Jstkn1dp-FOyT4ri4M9ImJ&amp;gclid=Cj0KCQjwrc7GBhCfARIsAHGcW5Xe7leQmOnSiSZ-G958rr2j_f0E8unkq73Vllm0DhYNnOcfg1mOeYMaAhQiEALw_wcB\" rel=\"nofollow noopener\" target=\"_blank\">Libro Rojo de las Aves de Espa\u00f1a<\/a>, una gu\u00eda exhaustiva en la que participan algunos de los\u00a0mayores\u00a0expertos en ornitolog\u00eda de este pa\u00eds,<strong> no aparece ninguna menci\u00f3n sobre la presencia de esta ave en el territorio espa\u00f1ol<\/strong>\u201d, puntualiza el experto, quien concluye que la recuperaci\u00f3n <strong>de esta ave en el territorio espa\u00f1ol est\u00e1 completamente injustificada<\/strong>, pues no se trata de una especie amenazada, uno de los criterios fundamentales que la UICN (Uni\u00f3n Internacional para la Conservaci\u00f3n de la Naturaleza) esgrime para justificar la reintroducci\u00f3n de una especie.<\/p>\n<p>\u00a0<\/p>\n<p>\u00a0<\/p>\n<p><img loading=\"lazy\" decoding=\"async\"   src=\"https:\/\/www.europesays.com\/es\/wp-content\/uploads\/2025\/09\/1000128682-min_a7540198_250926112338_800x534.webp.webp\" alt=\"Un ave con una gran envergadura alar\" class=\"lazyload\" width=\"800\" height=\"534\" data-aspectratio=\"800\/534\"\/>&#13;Enrique Murciano \/GREFA<\/p>\n<p>El pigargo europeo (Haliaeetus albicilla),\u00a0es un \u00e1guila de gran tama\u00f1o que puede llegar a alcanzar 2,5 metros de envergadura alar.\u00a0<\/p>\n<p>\u201cEn el Libro Rojo existen numerosos casos de especies en peligro cr\u00edtico de extinci\u00f3n que merecer\u00edan m\u00e1s atenci\u00f3n. GREFA tiene un gran prestigio como entidad especializada en la recuperaci\u00f3n de especies, y consideramos que hacen una muy buena labor en la salvaguarda de especies heridas o amenazadas, pero en el caso del pigargo europeo creemos que se ha equivocado\u201d concluye. \u00a0<\/p>\n<p>Desde GREFA alegan que la inclusi\u00f3n del pigargo europeo en el <a href=\"https:\/\/www.boe.es\/diario_boe\/txt.php?id=BOE-A-2018-11522\" target=\"_blank\" rel=\"nofollow noopener\">\u2018listado de especies extintas en todo el medio natural espa\u00f1ol<\/a>\u2019 estuvo <strong>avalada por la comunidad cient\u00edfica. <\/strong>En concreto, por los expertos que asesoran al\u00a0MITECO\u00a0y las comunidades aut\u00f3nomas en temas de biodiversidad, al entender que se trataba de una especie aut\u00f3ctona de la fauna espa\u00f1ola que se daba por desaparecida. \u00a0<\/p>\n<p>En cuanto a la catalogaci\u00f3n como especie amenazada, puntualizan que la inclusi\u00f3n dentro de la categor\u00eda de \u2018preocupaci\u00f3n menor\u2019 es una clasificaci\u00f3n gen\u00e9rica, pero que, en realidad,<strong> la especie se encuentra en declive en el Mediterr\u00e1neo<\/strong>, condici\u00f3n que justifica su protecci\u00f3n en toda esta \u00e1rea de distribuci\u00f3n, incluida la pen\u00ednsula y los archipi\u00e9lagos. \u00a0<\/p>\n<p>Por otra parte, esta organizaci\u00f3n conservacionista asegura q<strong>ue s\u00ed existen registros f\u00f3siles que demostrar\u00edan la presencia de estas aves en Espa\u00f1a desde tiempos muy remotos. <\/strong>Lorena Juste, t\u00e9cnica de la organizaci\u00f3n, alega que hay pruebas de la presencia de pigargos europeos en hasta 22 yacimientos desde hace 1,3 millones de a\u00f1os. No solo de especies adultas, sino de pollos, lo que demuestra que estas aves criaban en el territorio.<\/p>\n<p>\u00a0\u201cAdem\u00e1s, se contabilizan hasta 100 citas en las que se documenta la presencia de esta especie. Entre las distintas fuentes, cita los\u00a0<a href=\"https:\/\/bibdigital.rjb.csic.es\/records\/item\/10461-anales-de-la-sociedad-espanola-de-historia-natural?offset=9\" rel=\"nofollow noopener\" target=\"_blank\">Anales de la Sociedad Espa\u00f1ola de Historia Natural<\/a>, presente en la librer\u00eda del Museo de Zoolog\u00eda Comparativa de la Universidad de Cambridge, o el <a href=\"https:\/\/content.nationalgeographic.com.es\/medio\/2025\/09\/25\/cita-matritense-aguila-pescadora_254b1137.jpg\" rel=\"nofollow noopener\" target=\"_blank\">Cat\u00e1logo met\u00f3dico de las aves observadas hasta el d\u00eda en el \u00e1rea de la fauna matriense<\/a>, de 1853, obra del naturalista Mariano de la Paz Graells. \u00a0<\/p>\n<p>El problema \u2014explica la t\u00e9cnica\u2014 es que los nombres vern\u00e1culos de esta especie han ido cambiando con el tiempo, lo que hace que haya registros como \u2018<a href=\"https:\/\/content.nationalgeographic.com.es\/medio\/2025\/09\/25\/cita-baleares-como-aguila-pescadora_aaf798e8.jpg\" rel=\"nofollow noopener\" target=\"_blank\">\u00e1guila pescadora<\/a>\u2019.<\/p>\n<p>\u00abOtro factor importante es la biogeograf\u00eda -explica a National Geographic Espa\u00f1a Enrique Murciano Blanco, t\u00e9cnico de GREFA.- Actualmente, esta especie se encuentra como especie reproductora en pa\u00edses como Francia, Croacia o Grecia, y sabemos que ha criado en C\u00f3rcega, Cerde\u00f1a y Argelia. <strong>No tiene ning\u00fan sentido que no lo haya hecho en Espa\u00f1a,<\/strong> habida cuenta de que es una especie generalista que se adapta muy bien a los diferentes ecosistemas h\u00famedos\u00bb.<\/p>\n<p>Pero la pol\u00e9mica no solo se limita a las pruebas sobre su existencia. Los ecologistas cr\u00edticos alegan que esta rapaz de grandes dimensiones puede causar estragos en los ecosistemas a los que acaba de llegar.\u00a0<\/p>\n<p>\u201cCompiten por los alimentos, desplazan a otras especies y pueden entrar en conflicto con la poblaci\u00f3n, especialmente el sector agropecuario\u201d, explica Nicol\u00e1s L\u00f3pez, quien alega que estas aves <strong>pueden desplazar a otras rapaces, como halcones, el \u00e1guila real, el alimoche o el quebrantahuesos<\/strong> debido a la competencia directa por el alimento.<\/p>\n<p>\u00bfEs el pigargo una amenaza para otras aves, entre ellas el quebrantahuesos, una de las mayores rapaces de Espa\u00f1a, hoy sometida a <a href=\"https:\/\/www.nationalgeographic.com.es\/edicion-impresa\/articulos\/y-cielo-quebrantahuesos_20340\" rel=\"nofollow noopener\" target=\"_blank\">un exitoso programa de reintroducci\u00f3n que las ha salvado de la extinci\u00f3n<\/a>? Lorena Juste confirma que se alimentan conjuntamente junto con estas otras especies, pero <strong>niega que ello suponga un peligro para estas otras rapaces.<\/strong><\/p>\n<p>\u00a0<\/p>\n<p><img loading=\"lazy\" decoding=\"async\"   src=\"https:\/\/www.europesays.com\/es\/wp-content\/uploads\/2025\/09\/pollo-de-pigargo-europeo_4876f115_250926112757_800x600.webp.webp\" alt=\"Pollo de pigargo europeo\" class=\"lazyload\" width=\"800\" height=\"600\" data-aspectratio=\"800\/600\"\/>&#13;GREFA<\/p>\n<p>Primer pollo de pigargo europeo nacido en Espa\u00f1a.\u00a0<\/p>\n<p>Desde GREFA alegan que, en calidad de depredador vinculado a los ecosistemas acu\u00e1ticos, el pigargo europeo <strong>ayuda al mantenimiento de especies cuya sobrepoblaci\u00f3n puede tener un impacto negativo<\/strong> en los ecosistemas que ocupan. Por ejemplo, es un depredador de carpa com\u00fan (Cyprinus carpio), una especie invasora catalogada como una de las m\u00e1s da\u00f1inas a nivel mundial, que se ha\u00a0considerado\u00a0como la presa\u00a0principal\u00a0de estas aves rapaces en Espa\u00f1a.\u00a0<\/p>\n<blockquote>\n<p>\u201cLas cr\u00edticas a la reintroducci\u00f3n vienen motivadas por un profundo desconocimiento del comportamiento de la especie\u201d -Lorena Juste, t\u00e9cnico de GREFA.<\/p>\n<\/blockquote>\n<p>Para GREFA, los beneficios del pigargo europeo para los ecosistemas quedan demostrados. \u00abLa capacidad del pigargo de alimentarse de carro\u00f1a le otorga el papel de polic\u00eda sanitaria\u00b4\u00b4 cortando de ra\u00edz la propagaci\u00f3n de enfermedades que pueda ocasionar la presencia prolongada de una carro\u00f1a en descomposici\u00f3n\u00bb, explica Enrique Murciano Blanco.\u00a0<\/p>\n<p>Sin embargo, <strong>los detractores de esta medida afirman que\u00a0ning\u00fan\u00a0depredador es inocuo.<\/strong> \u201cEstas aves no se liberaron en cualquier lugar,\u00a0sino que\u00a0se hicieron en un espacio\u00a0protegido <a href=\"https:\/\/www.miteco.gob.es\/es\/biodiversidad\/temas\/espacios-protegidos\/red-natura-2000.html\" rel=\"nofollow noopener\" target=\"_blank\">por la Red\u00a0Natura 2000<\/a>, sin ni siquiera evaluar el impacto sobre este espacio protegido.\u00a0\u00a0No sabemos qu\u00e9 ocurrir\u00e1 con otras especies, entre ellas el cormor\u00e1n mo\u00f1udo (Gulosus aristotelis), un ave marina que comparte parte del \u00e1rea de distribuci\u00f3n con el pigargo europeo, o qu\u00e9 efectos tendr\u00e1 en las amenazadas poblaciones de salm\u00f3n de los r\u00edos\u201d, sostiene Nicol\u00e1s L\u00f3pez,\u00a0 quien explica que se han documentado ejemplares en los Picos de Europa compitiendo con buitres y quebrantahuesos en un muladar.<\/p>\n<p>\u201cAdem\u00e1s, la presencia del pigargo europeo es una losa para la\u00a0poblaci\u00f3n\u00a0de salmones, que se encuentran en una situaci\u00f3n cr\u00edtica, para la que reintroducir un superdepredador no podr\u00eda ser la mejor idea\u201d, explica. \u00a0<\/p>\n<p>Desde GREFA consideran <strong>que esta preocupaci\u00f3n es a todas luces infundadas.\u00a0<\/strong> Juste afirma que el pigargo europeo <strong>es un ave oportunista que aprovecha la presencia de presas en aguas embalsadas,<\/strong> con las que se alimenta en las cabeceras de los r\u00edos, el \u00fanico lugar en el que podr\u00edan depredar salmones. \u00abDesde el momento de liberaci\u00f3n se ha estudiado la dieta de los pigargos liberados y no se han encontrado evidencias de que esta especie forme parte de su dieta -apunta Enrique Murciano Blanco-. Adem\u00e1s, las t\u00e9cnicas de pesca del pigargo imposibilitan totalmente que pesque un salm\u00f3n en zonas de marismas o estuarios, h\u00e1bitats donde pueden coincidir ambas especies\u00bb.<\/p>\n<p>\u201cEn muchos casos, las cr\u00edticas a la reintroducci\u00f3n vienen motivadas por un profundo desconocimiento del comportamiento de la especie\u201d, concluye Lorena Juste.<\/p>\n<p>Lejos de disiparse, la pol\u00e9mica sobre la reintroducci\u00f3n del pigargo europeo<strong> sigue dividiendo al mundo de la conservaci\u00f3n en Espa\u00f1a<\/strong>. La cr\u00eda del primer polluelo podr\u00eda ayudar a esclarecer con datos si esta \u00e1guila supone o no una amenaza para los ecosistemas en los que han sido liberadas.<\/p>\n","protected":false},"excerpt":{"rendered":"Ciencia, naturaleza, cultura. Suscr\u00edbete a National Geographic por 1\u20ac\/mes y recibe un regalo GRATIS \u00a1Aprovecha hoy! \u00a1NOVEDAD! Ya&hellip;\n","protected":false},"author":2,"featured_media":143125,"comment_status":"","ping_status":"","sticky":false,"template":"","format":"standard","meta":{"footnotes":""},"categories":[8],"tags":[17,18,119,25,24,13,14,1408,11,448,19,20,1407,1409,9,10,15,16,23,12,21,22,226],"class_list":{"0":"post-143124","1":"post","2":"type-post","3":"status-publish","4":"format-standard","5":"has-post-thumbnail","7":"category-espana","8":"tag-breaking-news","9":"tag-breakingnews","10":"tag-ciencia","11":"tag-es","12":"tag-espana","13":"tag-featured-news","14":"tag-featurednews","15":"tag-geographic","16":"tag-headlines","17":"tag-historia","18":"tag-latest-news","19":"tag-latestnews","20":"tag-national","21":"tag-naturaleza","22":"tag-news","23":"tag-noticias","24":"tag-noticias-destacadas","25":"tag-noticiasdestacadas","26":"tag-spain","27":"tag-titulares","28":"tag-ultimas-noticias","29":"tag-ultimasnoticias","30":"tag-viajes"},"share_on_mastodon":{"url":"","error":""},"_links":{"self":[{"href":"https:\/\/www.europesays.com\/es\/wp-json\/wp\/v2\/posts\/143124","targetHints":{"allow":["GET"]}}],"collection":[{"href":"https:\/\/www.europesays.com\/es\/wp-json\/wp\/v2\/posts"}],"about":[{"href":"https:\/\/www.europesays.com\/es\/wp-json\/wp\/v2\/types\/post"}],"author":[{"embeddable":true,"href":"https:\/\/www.europesays.com\/es\/wp-json\/wp\/v2\/users\/2"}],"replies":[{"embeddable":true,"href":"https:\/\/www.europesays.com\/es\/wp-json\/wp\/v2\/comments?post=143124"}],"version-history":[{"count":0,"href":"https:\/\/www.europesays.com\/es\/wp-json\/wp\/v2\/posts\/143124\/revisions"}],"wp:featuredmedia":[{"embeddable":true,"href":"https:\/\/www.europesays.com\/es\/wp-json\/wp\/v2\/media\/143125"}],"wp:attachment":[{"href":"https:\/\/www.europesays.com\/es\/wp-json\/wp\/v2\/media?parent=143124"}],"wp:term":[{"taxonomy":"category","embeddable":true,"href":"https:\/\/www.europesays.com\/es\/wp-json\/wp\/v2\/categories?post=143124"},{"taxonomy":"post_tag","embeddable":true,"href":"https:\/\/www.europesays.com\/es\/wp-json\/wp\/v2\/tags?post=143124"}],"curies":[{"name":"wp","href":"https:\/\/api.w.org\/{rel}","templated":true}]}}