{"id":143128,"date":"2025-09-27T22:49:11","date_gmt":"2025-09-27T22:49:11","guid":{"rendered":"https:\/\/www.europesays.com\/es\/143128\/"},"modified":"2025-09-27T22:49:11","modified_gmt":"2025-09-27T22:49:11","slug":"otro-festin-del-recoletas-en-huerta-del-rey-para-olvidarse-del-barca","status":"publish","type":"post","link":"https:\/\/www.europesays.com\/es\/143128\/","title":{"rendered":"Otro fest\u00edn del Recoletas en Huerta del Rey para olvidarse del Bar\u00e7a"},"content":{"rendered":"<p>El Recoletas parece abonado a los diez goles de diferencia; es la \u00fanica manera de entender que la distancia con el Guadalajara se quedara en  &#8230; esa cifra cuando plane\u00f3 durante toda la tarde una goleada mucho mayor. De hecho, a los diez minutos ya no hab\u00eda partido, y es que el equipo visitante tard\u00f3 casi siete minutos en abrir su marcador, para entonces el local ya llevaba cinco.<\/p>\n<p class=\"v-p\">Los de Pisonero saltaron al parqu\u00e9 como buenos alumnos, con ganas de repetir las buenas sensaciones del debut contra Huesca; enfrente se encontraron un rival que no le cogi\u00f3 el tacto al bal\u00f3n en sus manos, su primer ataque se esfum\u00f3 un metro por encima del larguero, y eso que era un penalti, pero el Guadalajara se mostr\u00f3 especialmente negado en esa parcela, con cuatro fallos consecutivos desde los siete metros, y eso que Juan Carlos Requena utiliz\u00f3 a cuatro jugadores para lanzar las penas m\u00e1ximas.<\/p>\n<p class=\"v-scr__t\">Recoletas Valladolid<\/p>\n<p class=\"v-scr__p v-scr__p--3\">Bar (p), Serrano (5, 3p), De Toledo (0), Abdelazize (4), Ribeiro (0), Oliveira (7) y \u00c1lex D\u00edaz (3) -siete inicial-; C\u00e9sar P\u00e9rez (ps), Pisonero (1), Gey-Emparan (7, 3p), Fodorean (2), Camino (1), Herrero (0), Jozinovic (1) y Carvalho (1).<\/p>\n<p class=\"v-scr__n-c v-scr__n-c--1 \">\n 32\n<\/p>\n<p class=\"v-scr__n-c v-scr__n-c--2\">\n&#8211;\n<\/p>\n<p class=\"v-scr__n-c v-scr__n-c--3 \">\n 22\n<\/p>\n<p class=\"v-scr__t\">BM Guadalajara<\/p>\n<p class=\"v-scr__p v-scr__p--3\">Nico Garc\u00eda (p), Sim\u00f3n (3, 1p), Falc\u00f3n (1), Joan Blanco (4), Dorado (0), Jodar (2) y Gnuza (1) -siete inicial-; Vladic (ps), Jorge Blanco (ps), Velasco (4), Rom\u00e1n (2), L\u00f3pez (3), Arribas (0), Fekete (1) y Elkhouga (1).<\/p>\n<ul class=\"v-u\">\n<li class=\"v-u__l\">\n<p class=\"v-p\">\n\u00c1rbitros:<br \/>\nHuertas Herrador y Garc\u00eda del Salto. Exclusiones a Albelazize (mins. 9 y 42), Herrero (min. 30), Carvalho (min. 43), Ribeiro (min. 48); Fekete (mins. 8 y 23), Dorado (mins. 24 y 41) y Arribas (min. 52).\n<\/p>\n<\/li>\n<li class=\"v-u__l\">\n<p class=\"v-p\">\nParciales:<br \/>\n4-0, 7-1, 8-1, 9-5, 12-5, 16-9 (descanso); 19-11, 22-11, 25-14, 27-16, 31-19 y 32-22.\n<\/p>\n<\/li>\n<li class=\"v-u__l\">\n<p class=\"v-p\">\nIncidencias:<br \/>\nHuerta del Rey. Jornada 3\u00aa de la Liga Asobal. Algo menos de media entrada. Minuto de silencio en memoria del \u00e1rbitro internacional Pablo Permuy.\n<\/p>\n<\/li>\n<\/ul>\n<p class=\"v-p\">Oliveira arranc\u00f3 con mejor punter\u00eda en la porter\u00eda contraria, y el Atl\u00e9tico le dio variedad a sus ataques para buscar en el rinc\u00f3n la fantas\u00eda de \u00c1lex D\u00edaz, autor de goles de gran plasticidad desde el extremo. El gol de Joan Blanco era el oasis en el desierto manchego, sin confianza para superar los brazos del argentino Juan Bar, que se hinch\u00f3 a parar todos los intentos del Guadalajara desde todas las posiciones del campo, tambi\u00e9n en los mano a mano con todo en su contra.<\/p>\n<p class=\"v-p\">Con 9-2 el Valladolid perdi\u00f3 la concentraci\u00f3n y David Pisonero prefiri\u00f3 pedir un tiempo muerto despu\u00e9s de recibir un parcial de 0-3; no hubo tiempo de que Guadalajara so\u00f1ara con estrechar el tanteo, ya que Tao Gey-Emparan cogi\u00f3 las riendas desde el extremo derecho para romper los sue\u00f1os del rival, que en un suspiro se vio con un 13-5 imposible de compensar con los intentos de Velasco, que aport\u00f3 buenos minutos a su equipo.<\/p>\n<p class=\"v-p\">La segunda mitad arranc\u00f3 con 16-9 y el partido se desorden\u00f3 mucho con el carrusel de exclusiones y penaltis que sancion\u00f3 la pareja arbitral. No se tard\u00f3 en llegar a la frontera de los diez goles (21-11) y el tiempo muerto manchego solo pretendi\u00f3 evitar una sangr\u00eda mayor. Valladolid marcaba a porter\u00eda vac\u00eda, se destens\u00f3 lo suficiente para sufrir dos exclusiones consecutivas, la segunda por un cambio mal hecho, y aun as\u00ed, los de Pisonero dibujaron un ataque de cinco contra siete que acab\u00f3 en la red con el golazo de Oliveira.<\/p>\n<p class=\"v-p\">Con esa diferencia es normal que el desenlace derivara en un correcalles, donde encontraron su momento los jugadores que saltaron desde el banco; el capit\u00e1n C\u00e9sar P\u00e9rez fue uno de los que mejor lo aprovech\u00f3, al terminar con una tarjeta de ocho paradas que mejor\u00f3 el porcentaje de las trece de Juan Bar. En el lado contrario, el franc\u00e9s Gey-Emparan se gustaba en ataque y coloc\u00f3 el c\u00e9nit en el 31-17. Ah\u00ed baj\u00f3 los brazos el Valladolid, que contaba los segundos que le restaban para llegarf a las duchas, y Joan Blanco pudo desplegar unas maniobras que encontraron en el pivote a Jos\u00e9 Alberto L\u00f3pez para maquillar el marcador y cerrarlo con esos diez goles de margen con los que empez\u00e1bamos la cr\u00f3nica. As\u00ed que el Recoletas Valladolid tendr\u00e1 que esperar una jornada m\u00e1s, la cuarta en Torrelavega, para descubrir tanteos m\u00e1s ajustados, porque hasta el momento lleg\u00f3 a los minutos con los pescados vendidos.<\/p>\n","protected":false},"excerpt":{"rendered":"El Recoletas parece abonado a los diez goles de diferencia; es la \u00fanica manera de entender que la&hellip;\n","protected":false},"author":2,"featured_media":143129,"comment_status":"","ping_status":"","sticky":false,"template":"","format":"standard","meta":{"footnotes":""},"categories":[278],"tags":[376,2296,168,25,24,44299,375,38851,22322,8480,5330,23,167],"class_list":{"0":"post-143128","1":"post","2":"type-post","3":"status-publish","4":"format-standard","5":"has-post-thumbnail","7":"category-balonmano","8":"tag-balonmano","9":"tag-barca","10":"tag-deportes","11":"tag-es","12":"tag-espana","13":"tag-festin","14":"tag-handball","15":"tag-huerta","16":"tag-olvidarse","17":"tag-recoletas","18":"tag-rey","19":"tag-spain","20":"tag-sports"},"share_on_mastodon":{"url":"","error":""},"_links":{"self":[{"href":"https:\/\/www.europesays.com\/es\/wp-json\/wp\/v2\/posts\/143128","targetHints":{"allow":["GET"]}}],"collection":[{"href":"https:\/\/www.europesays.com\/es\/wp-json\/wp\/v2\/posts"}],"about":[{"href":"https:\/\/www.europesays.com\/es\/wp-json\/wp\/v2\/types\/post"}],"author":[{"embeddable":true,"href":"https:\/\/www.europesays.com\/es\/wp-json\/wp\/v2\/users\/2"}],"replies":[{"embeddable":true,"href":"https:\/\/www.europesays.com\/es\/wp-json\/wp\/v2\/comments?post=143128"}],"version-history":[{"count":0,"href":"https:\/\/www.europesays.com\/es\/wp-json\/wp\/v2\/posts\/143128\/revisions"}],"wp:featuredmedia":[{"embeddable":true,"href":"https:\/\/www.europesays.com\/es\/wp-json\/wp\/v2\/media\/143129"}],"wp:attachment":[{"href":"https:\/\/www.europesays.com\/es\/wp-json\/wp\/v2\/media?parent=143128"}],"wp:term":[{"taxonomy":"category","embeddable":true,"href":"https:\/\/www.europesays.com\/es\/wp-json\/wp\/v2\/categories?post=143128"},{"taxonomy":"post_tag","embeddable":true,"href":"https:\/\/www.europesays.com\/es\/wp-json\/wp\/v2\/tags?post=143128"}],"curies":[{"name":"wp","href":"https:\/\/api.w.org\/{rel}","templated":true}]}}