{"id":143132,"date":"2025-09-27T22:52:07","date_gmt":"2025-09-27T22:52:07","guid":{"rendered":"https:\/\/www.europesays.com\/es\/143132\/"},"modified":"2025-09-27T22:52:07","modified_gmt":"2025-09-27T22:52:07","slug":"el-publico-se-ceba-con-un-mcilroy-desquiciado-en-bethpage","status":"publish","type":"post","link":"https:\/\/www.europesays.com\/es\/143132\/","title":{"rendered":"El p\u00fablico se ceba con un McIlroy desquiciado en Bethpage"},"content":{"rendered":"<p class=\"\">El tan cacareado efecto intimidante que el p\u00fablico de Nueva York tendr\u00eda en esta<a href=\"https:\/\/as.com\/masdeporte\/golf\/\" target=\"_self\" rel=\"nofollow noopener\" title=\"https:\/\/as.com\/masdeporte\/golf\/\"> Ryder Cup<\/a> no apareci\u00f3 el viernes. <b>La exhibici\u00f3n europea acall\u00f3 al gent\u00edo a base de birdies <\/b>y los no tan pocos que apoyan estos d\u00edas al Viejo Continente en Bethpage Black acabaron pregunt\u00e1ndose en un c\u00e1ntico que ha circulado como la p\u00f3lvora en las redes si hab\u00edan acudido a \u201cuna biblioteca\u201d.<\/p>\n<p class=\"\">Si no hab\u00eda nada que festejar, al menos intentar\u00edan ser un elemento disruptivo para el equipo europeo, pensar\u00edan algunos,<b> que tomaron como objetivo a Rory McIlroy<\/b>. El norirland\u00e9s ha decidido no esconderse de nadie en esta Ryder (aunque la consigna de Luke Donald fuera no responder a las provocaciones)<b>, y eso le llev\u00f3 ayer a protagonizar m\u00e1s de un episodio caliente con la hinchada local<\/b>.<b> <\/b><\/p>\n<p class=\"\">Ya se hab\u00eda despedido de ellos con <b>una peineta el primer d\u00eda<\/b>, en un gesto de mal gusto, y en los fourballs de ayer lleg\u00f3 a proferir un \u201cFuck you\u201d a un espectador que interrumpi\u00f3 su rutina antes de un golpe.<b> La relaci\u00f3n se agri\u00f3 un poco m\u00e1s en el green del 6, cuando Rory decidi\u00f3 no patear hasta que los comentarios<\/b>, algunos insultos directos, cesasen. Hasta el americano Justin Thomas tuvo que intervenir varias veces para pedir a la parroquia que diese un descanso a una de las estrellas rivales.<\/p>\n<p>Noticias relacionadas<\/p>\n<p class=\"\"><b>\u00a1Tus opiniones importan!<\/b> Comenta en los art\u00edculos y suscr\u00edbete gratis a nuestra <a href=\"https:\/\/asfan.as.com\/newsletters\/\" target=\"_blank\" rel=\"nofollow noopener\" title=\"https:\/\/asfan.as.com\/newsletters\/\">newsletter<\/a> y a las alertas informativas en la <a href=\"https:\/\/as.com\/aplicacion-de-as-n\/\" target=\"_blank\" rel=\"nofollow noopener\" title=\"https:\/\/as.com\/aplicacion-de-as-n\/\">App<\/a> o el canal de <a href=\"https:\/\/www.whatsapp.com\/channel\/0029VaAasdA7j6g745nz9M10\" target=\"_blank\" rel=\"nofollow noopener\" title=\"https:\/\/www.whatsapp.com\/channel\/0029VaAasdA7j6g745nz9M10\">WhatsApp<\/a>.<\/p>\n<p class=\"\">\u00bfBuscas licenciar contenido? Haz clic <a href=\"https:\/\/profesional.elpais.com\/soluciones-sindicacion?utm_medium=interno&amp;utm_source=crosslinking&amp;utm_campaign=sindicacion_as_pie_articulos\" target=\"_blank\" rel=\"nofollow noopener\" title=\"https:\/\/profesional.elpais.com\/soluciones-sindicacion?utm_medium=interno&amp;utm_source=crosslinking&amp;utm_campaign=sindicacion_as_pie_articulos\">aqu\u00ed<\/a><\/p>\n","protected":false},"excerpt":{"rendered":"El tan cacareado efecto intimidante que el p\u00fablico de Nueva York tendr\u00eda en esta Ryder Cup no apareci\u00f3&hellip;\n","protected":false},"author":2,"featured_media":143133,"comment_status":"","ping_status":"","sticky":false,"template":"","format":"standard","meta":{"footnotes":""},"categories":[275],"tags":[168,25,24,329,23,167],"class_list":{"0":"post-143132","1":"post","2":"type-post","3":"status-publish","4":"format-standard","5":"has-post-thumbnail","7":"category-golf","8":"tag-deportes","9":"tag-es","10":"tag-espana","11":"tag-golf","12":"tag-spain","13":"tag-sports"},"share_on_mastodon":{"url":"","error":""},"_links":{"self":[{"href":"https:\/\/www.europesays.com\/es\/wp-json\/wp\/v2\/posts\/143132","targetHints":{"allow":["GET"]}}],"collection":[{"href":"https:\/\/www.europesays.com\/es\/wp-json\/wp\/v2\/posts"}],"about":[{"href":"https:\/\/www.europesays.com\/es\/wp-json\/wp\/v2\/types\/post"}],"author":[{"embeddable":true,"href":"https:\/\/www.europesays.com\/es\/wp-json\/wp\/v2\/users\/2"}],"replies":[{"embeddable":true,"href":"https:\/\/www.europesays.com\/es\/wp-json\/wp\/v2\/comments?post=143132"}],"version-history":[{"count":0,"href":"https:\/\/www.europesays.com\/es\/wp-json\/wp\/v2\/posts\/143132\/revisions"}],"wp:featuredmedia":[{"embeddable":true,"href":"https:\/\/www.europesays.com\/es\/wp-json\/wp\/v2\/media\/143133"}],"wp:attachment":[{"href":"https:\/\/www.europesays.com\/es\/wp-json\/wp\/v2\/media?parent=143132"}],"wp:term":[{"taxonomy":"category","embeddable":true,"href":"https:\/\/www.europesays.com\/es\/wp-json\/wp\/v2\/categories?post=143132"},{"taxonomy":"post_tag","embeddable":true,"href":"https:\/\/www.europesays.com\/es\/wp-json\/wp\/v2\/tags?post=143132"}],"curies":[{"name":"wp","href":"https:\/\/api.w.org\/{rel}","templated":true}]}}