{"id":143143,"date":"2025-09-27T23:04:08","date_gmt":"2025-09-27T23:04:08","guid":{"rendered":"https:\/\/www.europesays.com\/es\/143143\/"},"modified":"2025-09-27T23:04:08","modified_gmt":"2025-09-27T23:04:08","slug":"moleiro-de-caza-en-el-area-del-athletic-le-da-la-victoria-al-villarreal-futbol-deportes","status":"publish","type":"post","link":"https:\/\/www.europesays.com\/es\/143143\/","title":{"rendered":"Moleiro, de caza en el \u00e1rea del Athletic, le da la victoria al Villarreal | F\u00fatbol | Deportes"},"content":{"rendered":"<p class=\"\">Gan\u00f3 el Villarreal a un Athletic deprimido, que <a href=\"https:\/\/elpais.com\/deportes\/futbol\/2025-09-13\/el-alaves-asalta-la-catedral-en-visperas-de-la-champions.html\" target=\"_self\" rel=\"nofollow noopener\" title=\"https:\/\/elpais.com\/deportes\/futbol\/2025-09-13\/el-alaves-asalta-la-catedral-en-visperas-de-la-champions.html\">ha vivido un septiembre negro<\/a> despu\u00e9s de un comienzo de temporada fulgurante. Hu\u00e9rfano de Ernesto Valverde, acomodado en el palco despu\u00e9s de una sanci\u00f3n de cuatro partidos que, por fortuna ya ha cumplido, su equipo ha ido en todos los choques de m\u00e1s a menos, pero su falta de punter\u00eda le acaba condenando. Para Marcelino es una alegr\u00eda frente a un rival directo, y m\u00e1s todav\u00eda para Moleiro, que sali\u00f3 desde el banquillo para anotar el gol que les dio la victoria a los amarillos y conden\u00f3 a los rojiblancos, un d\u00eda m\u00e1s, sin respuestas coherentes cuando el rival se adelanta en el marcador, como si sufrieran un reseteo cada vez que encajan.<\/p>\n<p class=\"\">Con un ojo puesto en la Liga y otro en la Champions, el Villarreal y el Athletic se decidieron a plantear, de principio, un partido entretenido, con alternativas y correr\u00edas por las \u00e1reas. La primera media hora se sucedieron las llegadas de uno y de otro. Primero dieron los de casa, en una doble ocasi\u00f3n, en la que respondi\u00f3 Unai Sim\u00f3n con su habitual solidez, pero respondi\u00f3 el Athletic con una triple, en la que Sancet dispar\u00f3 dos veces, Junior hizo una gran parada y despu\u00e9s el bal\u00f3n se perdi\u00f3 en un bosque de piernas.<\/p>\n<p class=\"\">El equipo de Valverde <a href=\"https:\/\/elpais.com\/deportes\/futbol\/2025-09-16\/el-arsenal-saca-tajada-en-su-visita-a-san-mames.html\" target=\"_self\" rel=\"nofollow noopener\" title=\"https:\/\/elpais.com\/deportes\/futbol\/2025-09-16\/el-arsenal-saca-tajada-en-su-visita-a-san-mames.html\">est\u00e1 peleado con el gol <\/a>desde que le marc\u00f3 tres al Sevilla en la primera jornada. Las porter\u00edas se le han encogido, los delanteros la observan con prism\u00e1ticos, y la ausencia de Nico Williams, el ox\u00edgeno que le da al juego de ataque del Athletic, empieza a desesperar a los bilba\u00ednos, que ya se temen que su posible reaparici\u00f3n en Dortmund d\u00e9 paso a una nueva convocatoria con la selecci\u00f3n de la que acostumbra a salir da\u00f1ado. Sin el menor de la saga, su hermano parece triste y el resto de la delantera se marchita.<\/p>\n<p class=\"\">Segu\u00eda el Athletic con m\u00e1s bal\u00f3n, e incluso m\u00e1s ambici\u00f3n que el Villarreal, jugando y robando en medio campo, pero continuaba desperdiciando las oportunidades, como la que tuvo Guruzeta despu\u00e9s de un gran pase de Sancet, que tampoco est\u00e1 para echar cohetes. El submarino solo parec\u00eda reaccionar cuando recib\u00eda un golpe bilba\u00edno. Un minuto despu\u00e9s de la rojiblanca, Unai volvi\u00f3 a mostrarse con una parada a disparo de Gueye, pero el Athletic ten\u00eda las mejores llegadas, aunque la vista se nublaba con la porter\u00eda enfrente. De nuevo un doble remate se perdi\u00f3 en el limbo y despu\u00e9s Veiga salv\u00f3 un disparo de Lekue.<\/p>\n<p class=\"\">En el caso del Athletic, finalizar la primera parte con buenas sensaciones, pero sin goles se est\u00e1 convirtiendo en un problema, porque como frente al Valencia, donde apabull\u00f3 en los primeros 45 minutos, los segundos tiempos se le atragantan. Sucedi\u00f3 entonces y tambi\u00e9n en la Cer\u00e1mica, porque espabil\u00f3 el Villarreal, cement\u00f3 Marcelino la salida de bal\u00f3n despu\u00e9s de la charla del vestuario, y los robos constantes de Jauregizar y Galarreta se eclipsaron de repente. Los amarillos dieron un paso adelante en la presi\u00f3n y le hicieron probar al Athletic su propia medicina, pero tampoco acertaban en el remate Pep\u00e9 y compa\u00f1\u00eda, y el partido circulaba hacia un empate a cero con muchas ocasiones pero poca p\u00f3lvora en las botas.<\/p>\n<p class=\"\">Hasta que apareci\u00f3 Moleiro, que llevaba seis minutos en el c\u00e9sped, para recoger un bal\u00f3n perdido en el \u00e1rea tras un rechace, y batir a Unai Sim\u00f3n. Los cambios ya hab\u00edan debilitado al Athletic. Uno de ellos, Mikel Vesga, se lesion\u00f3 poco despu\u00e9s de ingresar, y quienes salieron al campo aportaron muy poco para tratar de buscar el empate. Solo un disparo de Rego desde la frontal, que choc\u00f3 con la cruceta, pudo aliviar las penas rojiblancas que empiezan a cronificarse.<\/p>\n","protected":false},"excerpt":{"rendered":"Gan\u00f3 el Villarreal a un Athletic deprimido, que ha vivido un septiembre negro despu\u00e9s de un comienzo de&hellip;\n","protected":false},"author":2,"featured_media":143144,"comment_status":"","ping_status":"","sticky":false,"template":"","format":"standard","meta":{"footnotes":""},"categories":[93],"tags":[2182,1540,168,1539,22720,25,24,282,1538,22502,23,167,9607],"class_list":{"0":"post-143143","1":"post","2":"type-post","3":"status-publish","4":"format-standard","5":"has-post-thumbnail","7":"category-deportes","8":"tag-athletic","9":"tag-competiciones","10":"tag-deportes","11":"tag-entrenadores","12":"tag-ernesto-valverde","13":"tag-es","14":"tag-espana","15":"tag-futbol","16":"tag-futbolistas","17":"tag-marcelino-garcia-toral","18":"tag-spain","19":"tag-sports","20":"tag-villarreal-cf"},"share_on_mastodon":{"url":"","error":""},"_links":{"self":[{"href":"https:\/\/www.europesays.com\/es\/wp-json\/wp\/v2\/posts\/143143","targetHints":{"allow":["GET"]}}],"collection":[{"href":"https:\/\/www.europesays.com\/es\/wp-json\/wp\/v2\/posts"}],"about":[{"href":"https:\/\/www.europesays.com\/es\/wp-json\/wp\/v2\/types\/post"}],"author":[{"embeddable":true,"href":"https:\/\/www.europesays.com\/es\/wp-json\/wp\/v2\/users\/2"}],"replies":[{"embeddable":true,"href":"https:\/\/www.europesays.com\/es\/wp-json\/wp\/v2\/comments?post=143143"}],"version-history":[{"count":0,"href":"https:\/\/www.europesays.com\/es\/wp-json\/wp\/v2\/posts\/143143\/revisions"}],"wp:featuredmedia":[{"embeddable":true,"href":"https:\/\/www.europesays.com\/es\/wp-json\/wp\/v2\/media\/143144"}],"wp:attachment":[{"href":"https:\/\/www.europesays.com\/es\/wp-json\/wp\/v2\/media?parent=143143"}],"wp:term":[{"taxonomy":"category","embeddable":true,"href":"https:\/\/www.europesays.com\/es\/wp-json\/wp\/v2\/categories?post=143143"},{"taxonomy":"post_tag","embeddable":true,"href":"https:\/\/www.europesays.com\/es\/wp-json\/wp\/v2\/tags?post=143143"}],"curies":[{"name":"wp","href":"https:\/\/api.w.org\/{rel}","templated":true}]}}