{"id":143146,"date":"2025-09-27T23:06:22","date_gmt":"2025-09-27T23:06:22","guid":{"rendered":"https:\/\/www.europesays.com\/es\/143146\/"},"modified":"2025-09-27T23:06:22","modified_gmt":"2025-09-27T23:06:22","slug":"los-domingos-de-alauda-ruiz-de-azua-irrefutable-concha-de-oro-del-festival-de-san-sebastian-cine-estrenos-y-criticas","status":"publish","type":"post","link":"https:\/\/www.europesays.com\/es\/143146\/","title":{"rendered":"\u2018Los domingos\u2019, de Alauda Ruiz de Az\u00faa, irrefutable Concha de Oro del festival de San Sebasti\u00e1n | Cine: estrenos y cr\u00edticas"},"content":{"rendered":"<p class=\"\">Los domingos, de Alauda Ruiz de Az\u00faa, ha ganado este s\u00e1bado la Concha de Oro de la 73\u00aa edici\u00f3n del festival de San Sebasti\u00e1n. <a href=\"https:\/\/elpais.com\/cultura\/cine\/2025-09-22\/los-domingos-alauda-ruiz-de-azua-infunde-fe-en-el-gran-cine.html#?rel=mas_sumario\" target=\"_self\" rel=\"nofollow noopener\" title=\"https:\/\/elpais.com\/cultura\/cine\/2025-09-22\/los-domingos-alauda-ruiz-de-azua-infunde-fe-en-el-gran-cine.html#?rel=mas_sumario\">Desde su primera proyecci\u00f3n,<\/a> una pel\u00edcula sobre la fe religiosa infundi\u00f3 fe en la capacidad del cine en reflejar complejidades. Y confirm\u00f3 a Ruiz de Az\u00faa, tras Cinco lobitos y la serie Querer, como asombrosa analista de los conflictos familiares, gracias, entre otras muchas capacidades, a c\u00f3mo rueda las conversaciones en las comidas entre parientes y en sus tormentosas sobremesas. El detonante de Los domingos procede de una chica de 17 a\u00f1os, de familia de clase media-alta bilba\u00edna y educada en un colegio religioso, que anuncia a quienes le rodean que quiere ser monja y recluirse en un convento de clausura. Sus parientes reaccionan de muy distintas maneras, proyectando en ella sus propios medios y opiniones, que van desde respetar su libre albedr\u00edo de manera torticera a advertirla del posible adoctrinamiento: \u00bfsecta o religi\u00f3n? \u00bfFe o manipulaci\u00f3n?<\/p>\n<p>M\u00e1s informaci\u00f3n<\/p>\n<p class=\"\">El triunfo de Alauda Ruiz de Az\u00faa (Barakaldo, 47 a\u00f1os), construido desde una historia que conoci\u00f3 en su juventud, es mayor, porque no solo se ha llevado la Concha de Oro. Tambi\u00e9n ha ganado en la secci\u00f3n Zinemira, dedicada al cine vasco, y otros tres galardones oficiosos: el Signis del jurado eclesi\u00e1stico; el Fipresci, que otorga la cr\u00edtica internacional, y el Feroz, de la asociaci\u00f3n de informadores cinematogr\u00e1ficos. Cinco de cinco.<\/p>\n<p class=\"\">Si el a\u00f1o pasado la Concha de Oro recay\u00f3 en <a href=\"https:\/\/elpais.com\/cultura\/2024-09-28\/el-documental-tardes-de-soledad-la-polemica-e-innovadora-aproximacion-de-albert-serra-a-los-toros-concha-de-oro-de-san-sebastian.html\" rel=\"nofollow noopener\" title=\"https:\/\/elpais.com\/cultura\/2024-09-28\/el-documental-tardes-de-soledad-la-polemica-e-innovadora-aproximacion-de-albert-serra-a-los-toros-concha-de-oro-de-san-sebastian.html\" target=\"_blank\">Tardes de soledad, de Albert Serra, <\/a>un documental realizado desde un punto de vista que jam\u00e1s aclaraba si estaba favor o en contra de la tauromaquia, es decir, dejaba al espectador esa decisi\u00f3n, en esta edici\u00f3n <a href=\"https:\/\/elpais.com\/cultura\/cine\/2025-09-22\/los-domingos-alauda-ruiz-de-azua-infunde-fe-en-el-gran-cine.html\" rel=\"nofollow noopener\" title=\"https:\/\/elpais.com\/cultura\/cine\/2025-09-22\/los-domingos-alauda-ruiz-de-azua-infunde-fe-en-el-gran-cine.html\" target=\"_blank\">Los domingos<\/a> juega exactamente a lo mismo: interpela a la audiencia, sirve como espejo al p\u00fablico que ver\u00e1 reflejada su ideolog\u00eda en pantalla, sea cual sea su opci\u00f3n, y si atiende, ver\u00e1 que hay poderosas razones en todos lados. Eso no quiere decir que Ruiz de Az\u00faa no tenga su opini\u00f3n: \u201cMe pregunto si hay que tolerarlo todo. No s\u00e9, espero que la pel\u00edcula nos lleve a que se hable sobre los menores y la libertad religiosa. En defensa de esa libertad de los progenitores, \u00bfpodemos ense\u00f1ar religi\u00f3n a los ni\u00f1os en los colegios? \u00bfPor qu\u00e9 no esperar hasta los 18 a\u00f1os? Y dentro de cada familia, no en un centro educativo\u201d, explicaba <a href=\"https:\/\/elpais.com\/babelia\/2025-09-13\/alauda-ruiz-de-azua-cineasta-aunque-no-seas-creyente-el-catolicismo-esta-intrincado-en-nuestra-cultura.html\" target=\"_self\" rel=\"nofollow noopener\" title=\"https:\/\/elpais.com\/babelia\/2025-09-13\/alauda-ruiz-de-azua-cineasta-aunque-no-seas-creyente-el-catolicismo-esta-intrincado-en-nuestra-cultura.html\">en una entrevista a ese diario antes del Zinemaldia.<\/a> \u201cEn el escenario, la directora apunt\u00f3: \u201dQuerer entender algo no quiere decir validarlo\u00bb. Los miembros del jurado que presid\u00eda <a href=\"https:\/\/elpais.com\/noticias\/juan-antonio-bayona\/\" target=\"_self\" rel=\"nofollow noopener\" title=\"https:\/\/elpais.com\/noticias\/juan-antonio-bayona\/\">Juan Antonio Bayona<\/a> lo han tenido claro. Es una Concha irrefutable, y la tercera consecutiva para la cinematograf\u00eda espa\u00f1ola. <\/p>\n<p><img decoding=\"auto\" class=\"_re lazyload a_m-h\" height=\"244\"  width=\"414\"  src=\"https:\/\/www.europesays.com\/es\/wp-content\/uploads\/2025\/09\/W5PL6YIDCRCJZFSZSRHZMCI47Q.jpg\" loading=\"lazy\"\/>Jos\u00e9 Luis Guerin, con su Premio Especial del Jurado por &#8216;Historias del buen valle&#8217;.Javier Hernandez<\/p>\n<p class=\"\">Porque si no hubiera ganado Los domingos, ah\u00ed estaba otra pel\u00edcula espa\u00f1ola, <a href=\"https:\/\/elpais.com\/cultura\/cine\/2025-09-26\/jose-luis-guerin-vuelve-a-lo-grande-con-historias-del-buen-valle-un-documental-con-alma-de-western-crepuscular.html\" target=\"_self\" rel=\"nofollow noopener\" title=\"https:\/\/elpais.com\/cultura\/cine\/2025-09-26\/jose-luis-guerin-vuelve-a-lo-grande-con-historias-del-buen-valle-un-documental-con-alma-de-western-crepuscular.html\">Historias del buen valle, de Jos\u00e9 Luis Guer\u00edn. <\/a>Es otro filme rotundo, cincelado por un creador que ha estado dos a\u00f1os y medio rodando en el barrio barcelon\u00e9s de Vallbona para aprehender su esencia de inmigraci\u00f3n resiliente y as\u00ed crear un documental que hibrida poes\u00eda y retrato social que recuerda al gran Guerin, el de Innisfree (1990), Tren de sombras (1997) y En construcci\u00f3n (2001), con el que gan\u00f3 el mismo galard\u00f3n, el Especial del Jurado, que ahora obtiene Historias del buen valle. Ha logrado una segunda posici\u00f3n, como podr\u00eda haber quedado primero.<\/p>\n<p class=\"\">El certamen entrega galardones a interpretaciones protagonistas y secundarios, sin distinci\u00f3n de g\u00e9nero. Y eso provoca que los jurados hagan malabares para cumplir expectativas. El de protagonista fue ex aequo para Jose Ramon Soroiz y Zhao Xiaohong. El veterano Soroiz, <a href=\"https:\/\/elpais.com\/cultura\/cine\/2025-09-26\/maspalomas-explicitud-y-delicadeza-en-el-armario-homosexual-de-la-tercera-edad.html\" target=\"_self\" rel=\"nofollow noopener\" title=\"https:\/\/elpais.com\/cultura\/cine\/2025-09-26\/maspalomas-explicitud-y-delicadeza-en-el-armario-homosexual-de-la-tercera-edad.html\">protagonista de Maspalomas,<\/a> ha insuflado vida y emoci\u00f3n a su Vicente, un anciano homosexual que en su regreso a casa, a Donostia, tiene que volver al armario. \u201cEn 50 a\u00f1os que llevo trabajando como actor no he sido nunca tan feliz. Por eso, este premio es de todos nosotros. Pero yo me lo llevo a casa\u201d, apunt\u00f3 con la Concha de Plata en la mano.<\/p>\n<p><img decoding=\"auto\" class=\"_re lazyload a_m-h\" height=\"288\"  width=\"414\"  src=\"https:\/\/www.europesays.com\/es\/wp-content\/uploads\/2025\/09\/L3FRKIQKKRFZPNCEMXOK2NFHSI.jpg\" loading=\"lazy\"\/>Jose Ramon Soroiz, con su Concha a la mejor interpretaci\u00f3n protagonista por &#8216;MaspalomasJavier Hern\u00e1ndez<\/p>\n<p class=\"\">Soroiz comparti\u00f3 el honor con la china Zhao Xiaohong, que en Jianyu laide mama se encarna a s\u00ed misma: tras una d\u00e9cada en prisi\u00f3n por asesinar a su marido (que la maltrataba), Zhao sali\u00f3 de la c\u00e1rcel por buen comportamiento e intent\u00f3 ganarse la vida como m\u00fasica a la vez que luchaba por reconectar con su hijo, un ni\u00f1o que se hab\u00eda educado con su suegra. Por eso, con el trofeo en la mano, se lo dedic\u00f3 a s\u00ed misma y a su hijo: \u201cTu madre te quiere\u201d. Y luch\u00f3 por no abandonar el escenario, con sus ganas de hablar y recibir aplausos. Otra cosa no tendr\u00e1 la pel\u00edcula, pero Zhao desprende verdad. <\/p>\n<p class=\"\">El cine argentino solo ha logrado el galard\u00f3n a la mejor interpretaci\u00f3n secundaria para <a href=\"https:\/\/elpais.com\/cultura\/cine\/2025-09-23\/el-cine-argentino-brilla-en-san-sebastian-pese-al-ataque-devastador-de-milei.html#?rel=mas_sumario\" target=\"_self\" rel=\"nofollow noopener\" title=\"https:\/\/elpais.com\/cultura\/cine\/2025-09-23\/el-cine-argentino-brilla-en-san-sebastian-pese-al-ataque-devastador-de-milei.html#?rel=mas_sumario\">Camila Plaate, que en Bel\u00e9n,<\/a> de Dolores Fonzi, interpreta a <a href=\"https:\/\/elpais.com\/internacional\/2016\/08\/03\/argentina\/1470254990_736474.html\" rel=\"nofollow noopener\" title=\"https:\/\/elpais.com\/internacional\/2016\/08\/03\/argentina\/1470254990_736474.html\" target=\"_blank\">una mujer que pas\u00f3 dos a\u00f1os en la c\u00e1rcel tras sufrir un aborto espont\u00e1neo en un hospital de San Miguel de Tucum\u00e1n<\/a>, en el norte de Argentina. S\u00ed, es una historia real, y s\u00ed, fue la chispa que propuls\u00f3 la marea verde feminista que llev\u00f3 a la aprobaci\u00f3n de la Ley del Aborto en el pa\u00eds sudamericano. Plaate record\u00f3 que esta pel\u00edcula trae \u201cmemoria, libertad y justicia porque si se pudo, se puede\u201d en referencia al \u201cmovimiento de liberaci\u00f3n de las mujeres\u201d. E insisti\u00f3 que lo que supuso Bel\u00e9n para las argentinas: \u201cEsta historia es el fuego de todas. Vivas y libres nos queremos\u201d.<\/p>\n<p><img decoding=\"auto\" class=\"_re lazyload a_m-h\" height=\"281\"  width=\"414\"  src=\"https:\/\/www.europesays.com\/es\/wp-content\/uploads\/2025\/09\/T2YKMQ5FQJM3DEPDYWUK5HFQYY.jpg\" loading=\"lazy\"\/>La actriz Camila Plaate, en San Sebasti\u00e1n.Juan Herrero\/EFE (EFE)<\/p>\n<p class=\"\">La otra gran pel\u00edcula argentina, Las corrientes, de Milagros Mumenthaler, se fue injustamente de vac\u00edo, cuando su direcci\u00f3n es muy superior a la del belga <a href=\"https:\/\/elpais.com\/cultura\/2022-02-11\/un-amor-intranquilo-pena-miedo-y-piedad-por-el-desequilibrio-mental-de-un-hombre.html\" target=\"_self\" rel=\"nofollow noopener\" title=\"https:\/\/elpais.com\/cultura\/2022-02-11\/un-amor-intranquilo-pena-miedo-y-piedad-por-el-desequilibrio-mental-de-un-hombre.html\">Joachim Lafosse<\/a> en Seis d\u00edas de primavera, que no solo ha ganado la Concha de Plata en ese apartado, sino tambi\u00e9n el premio al mejor guion. Demasiado para una pel\u00edcula muy liviana, en la que el belga reproduce un episodio de su propia infancia, y que est\u00e1 muy lejos del resto de su potente y rigurosa filmograf\u00eda.<\/p>\n<p><img decoding=\"auto\" class=\"_re lazyload a_m-h\" height=\"293\"  width=\"414\"  src=\"https:\/\/www.europesays.com\/es\/wp-content\/uploads\/2025\/09\/PO7G57DKC5OMHBGSSRVM637RQU.jpg\" loading=\"lazy\"\/>Lafosse, a su llegada a San Sebasti\u00e1n.Javier Etxezarreta (EFE)<\/p>\n<p class=\"\">Poco premio parece para <a href=\"https:\/\/elpais.com\/cultura\/cine\/2025-09-20\/alberto-rodriguez-el-cineasta-que-comprime-toda-espana-en-el-festival-de-san-sebastian.html\" target=\"_self\" rel=\"nofollow noopener\" title=\"https:\/\/elpais.com\/cultura\/cine\/2025-09-20\/alberto-rodriguez-el-cineasta-que-comprime-toda-espana-en-el-festival-de-san-sebastian.html\">Los Tigres, de Alberto Rodr\u00edguez, <\/a>el de fotograf\u00eda, que se lo ha llevado el responsable de esta labor, Pau Esteve Birba (ganador de este mismo trofeo en San Sebasti\u00e1n y del Goya por Can\u00edbal). Eso s\u00ed, su trabajo brillaba por encima del resto, y sus secuencias en las profundidades marinas, en las que el p\u00fablico nunca se pierde en la acci\u00f3n a la vez que sufre, como los buzos de la pel\u00edcula, la falta de visibilidad, son fastuosas.<\/p>\n<p><img decoding=\"auto\" class=\"_re lazyload a_m-h\" height=\"277\"  width=\"414\"  src=\"https:\/\/www.europesays.com\/es\/wp-content\/uploads\/2025\/09\/YCDIM4JM5ZGDZFFFHQ2FTLX6ZA.jpg\" loading=\"lazy\"\/>Antonio de la Torre y B\u00e1rbara Lennie, en &#8216;Los Tigres&#8217;.<\/p>\n<p class=\"\">Mientras se entregaban los premios en el Kursaal, en la alfombra roja hubo despliegue de banderas palestinas, aunque <a href=\"https:\/\/elpais.com\/cultura\/2025-09-19\/unas-2000-personas-apoyan-a-palestina-en-alfombra-roja-de-la-gala-inaugural-del-festival-de-san-sebastian.html\" target=\"_self\" rel=\"nofollow noopener\" title=\"https:\/\/elpais.com\/cultura\/2025-09-19\/unas-2000-personas-apoyan-a-palestina-en-alfombra-roja-de-la-gala-inaugural-del-festival-de-san-sebastian.html\">no con la intensidad de la gala de inauguraci\u00f3n.<\/a> Ha sido el Zinemaldia de Gaza, el que ha quedado clara la posici\u00f3n de San Sebasti\u00e1n y del mundo del cine, que ha llamado genocidio, como no puede ser de otra manera, a los cr\u00edmenes que est\u00e1 cometiendo Israel en aquella franja de tierra. En la gala de clausura, premiado tras premiado, recordaron la situaci\u00f3n en Gaza.<\/p>\n<p><img decoding=\"auto\" class=\"_re lazyload a_m-h\" height=\"276\"  width=\"414\"  src=\"https:\/\/www.europesays.com\/es\/wp-content\/uploads\/2025\/09\/564SFAGWARATLOEGOZ6X4YHQ6E.jpg\" loading=\"lazy\"\/>El actor Motaz Malhees recoge el premio del P\u00fablico por &#8216;La voz de Hind&#8217;.Javier Hern\u00e1ndez<\/p>\n<p class=\"\">Los domingos ha sido una de las dos pel\u00edculas del festival, la otra ha sido la tunecina <a href=\"https:\/\/elpais.com\/cultura\/cine\/2025-09-03\/el-festival-de-venecia-se-estremece-con-la-voz-de-hind-una-nina-palestina-de-cinco-anos-asesinada-por-el-ejercito-israeli-en-2024.html#?rel=mas\" target=\"_self\" rel=\"nofollow noopener\" title=\"https:\/\/elpais.com\/cultura\/cine\/2025-09-03\/el-festival-de-venecia-se-estremece-con-la-voz-de-hind-una-nina-palestina-de-cinco-anos-asesinada-por-el-ejercito-israeli-en-2024.html#?rel=mas\">La voz de Hind, de Kaouther Ben Hania.<\/a> El drama est\u00e1 construido con las grabaciones de la Media Luna Roja, que el 29 de enero de 2024 intent\u00f3 salvar a <a href=\"https:\/\/elpais.com\/internacional\/2024-02-11\/hind-rajab-la-nina-de-gaza-que-murio-rogando-ayuda-durante-horas-rodeada-de-cadaveres.html\" target=\"_self\" rel=\"nofollow noopener\" title=\"https:\/\/elpais.com\/internacional\/2024-02-11\/hind-rajab-la-nina-de-gaza-que-murio-rogando-ayuda-durante-horas-rodeada-de-cadaveres.html\">Hind Rajab,<\/a> una ni\u00f1a de seis a\u00f1os que viajaba en un coche junto a otros familiares en el norte de Gaza, cuando en una estaci\u00f3n de servicio el veh\u00edculo fue acribillado por las tropas israel\u00edes. Solo sobrevivi\u00f3 al ataque Hind, que respondi\u00f3 al tel\u00e9fono cuando los servicios de socorro llamaron. El esfuerzo de horas por lograr llegar hasta ella fue infructuoso, y la cr\u00eda muri\u00f3 sola, sin recibir ayuda. La voz de Hind, que se proyectaba en Perlak, ha ganado el premio del P\u00fablico con la mejor puntuaci\u00f3n de la historia del certamen: 9,52 puntos sobre 10. Al recoger el diploma, el actor Motaz Malhees record\u00f3 la historia de Hind, y la impotencia de quienes quisieron salvarla, antes de rematar con un \u201cPalestina libre\u201d. <\/p>\n<p class=\"\">En el resto de las secciones, no ha habido sorpresas. En Nuevos Directores, la danesa<b> <\/b>Vaegtloes, de Emilie Thalund, fue elegida la mejor pel\u00edcula. En Horizontes latinos gan\u00f3 la candidata colombiana al Oscar, la desopilante Un poeta, de Sim\u00f3n Mesa Soto. En Zabaltegi\u2013Tabakalera, triunf\u00f3<b> <\/b><a href=\"https:\/\/elpais.com\/cultura\/2025-02-16\/marion-cotillard-se-convierte-en-una-fria-reina-del-cine-en-la-torre-de-hielo.html\" target=\"_self\" rel=\"nofollow noopener\" title=\"https:\/\/elpais.com\/cultura\/2025-02-16\/marion-cotillard-se-convierte-en-una-fria-reina-del-cine-en-la-torre-de-hielo.html\">La torre de hielo, de Lucile Hadzihalilovic,<\/a> con Marion Cotillard como fr\u00eda reina del cine. Y el Premio de la Juventud se lo llev\u00f3 la chilena La misteriosa mirada del flamenco, de Diego C\u00e9spedes.<\/p>\n<p>M\u00e1s informaci\u00f3n<\/p>\n<p class=\"\">Para tristeza de los cin\u00e9filos, en la secci\u00f3n oficial a concurso ha habido <a href=\"https:\/\/elpais.com\/cultura\/cine\/2025-09-27\/el-mejor-cine-para-san-sebastian-resuena-en-castellano-los-domingos-historias-del-buen-valle-y-el-cine-argentino-lideran-las-quinielas.html\" target=\"_self\" rel=\"nofollow noopener\" title=\"https:\/\/elpais.com\/cultura\/cine\/2025-09-27\/el-mejor-cine-para-san-sebastian-resuena-en-castellano-los-domingos-historias-del-buen-valle-y-el-cine-argentino-lideran-las-quinielas.html\">dos niveles radicalmente diferenciados:<\/a> el de las cuatro pel\u00edculas espa\u00f1olas y dos de las argentinas (lo que explica que esta sea la tercera Concha de Oro espa\u00f1ola consecutiva) y el del resto. No hubo pel\u00edculas deplorables, sino multitud de trabajos mediocres de grandes autores, que cada d\u00eda provocaban desilusiones en el patio de butacas. Que el Zinemaldia no logre reclutar mejores t\u00edtulos m\u00e1s all\u00e1 de los caladeros espa\u00f1oles, franceses y latinoamericanos, los habituales, es un problema grande, que aumenta edici\u00f3n tras edici\u00f3n. Y no tiene f\u00e1cil soluci\u00f3n.<\/p>\n<p>Palmar\u00e9s del 73\u00ba festival de San Sebasti\u00e1n<\/p>\n<p><strong>Concha de Oro:<\/strong> Los domingos, de Alauda Ruiz de Az\u00faa.<\/p>\n<p><strong>Premio Especial del Jurado:<\/strong> Historias del buen valle, de Jos\u00e9 Luis Guerin.<\/p>\n<p><strong>Concha de Plata a la mejor direcci\u00f3n: <\/strong>Joachim Lafosse, por Seis d\u00edas de primavera.<\/p>\n<p><strong>Concha de Plata a la mejor interpretaci\u00f3n protagonista:<\/strong> ex aequo para Jose Ramon Soroiz, por Maspalomas, y Zhao Xiaohong, por Jianyu laide mama.<\/p>\n<p><strong>Concha de Plata a la mejor interpretaci\u00f3n de reparto:<\/strong> Camila Plaate, por Bel\u00e9n.<\/p>\n<p><strong>Mejor guion:<\/strong> Joachim Lafosse, Chlo\u00e9 Duponchelle y Paul Isma\u00ebl, por Seis d\u00edas de primavera.<\/p>\n<p><strong>Mejor fotograf\u00eda:<\/strong> Pau Esteve Birba, por Los Tigres.<\/p>\n<p><strong>Nuevos Directores:<\/strong> Vaegtloes, de Emilie Thalund.<\/p>\n<p><strong>Horizontes latinos:<\/strong> Un poeta, de Sim\u00f3n Mesa Soto.<\/p>\n<p><strong>Zabaltegi\u2013Tabakalera:<\/strong> La torre de hielo, de Lucile Hadzihalilovic.<\/p>\n<p><strong>Premio del P\u00fablico:<\/strong> La voz de Hind, de Kaouther Ben Hania.<\/p>\n<p><strong>Premio de la Juventud: <\/strong>La misteriosa mirada del flamenco, de Diego C\u00e9spedes.<\/p>\n<p><strong>Premio Fipresci: <\/strong>Los domingos, de Alauda Ruiz de Az\u00faa.<\/p>\n<p><strong>Premio RTVE-Otra Mirada:<\/strong> Las corrientes, de Milagros Mumenthaler.<\/p>\n<p><strong>Premio Zinemira: <\/strong>Los domingos, de Alauda Ruiz de Az\u00faa.<\/p>\n","protected":false},"excerpt":{"rendered":"Los domingos, de Alauda Ruiz de Az\u00faa, ha ganado este s\u00e1bado la Concha de Oro de la 73\u00aa&hellip;\n","protected":false},"author":2,"featured_media":143147,"comment_status":"","ping_status":"","sticky":false,"template":"","format":"standard","meta":{"footnotes":""},"categories":[91],"tags":[1014,1015,44301,177,12374,44302,209,9265,6084,146,147,25,24,9555,73,29389,40702,753,23],"class_list":{"0":"post-143146","1":"post","2":"type-post","3":"status-publish","4":"format-standard","5":"has-post-thumbnail","7":"category-entretenimiento","8":"tag-actores","9":"tag-actrices","10":"tag-alberto-rodriguez-cine","11":"tag-cine","12":"tag-cine-espanol","13":"tag-cine-iberoamericano","14":"tag-cultura","15":"tag-directores-cine","16":"tag-documental","17":"tag-entertainment","18":"tag-entretenimiento","19":"tag-es","20":"tag-espana","21":"tag-festival-san-sebastian","22":"tag-franja-gaza","23":"tag-industria-audiovisual","24":"tag-jose-luis-guerin","25":"tag-peliculas","26":"tag-spain"},"share_on_mastodon":{"url":"","error":""},"_links":{"self":[{"href":"https:\/\/www.europesays.com\/es\/wp-json\/wp\/v2\/posts\/143146","targetHints":{"allow":["GET"]}}],"collection":[{"href":"https:\/\/www.europesays.com\/es\/wp-json\/wp\/v2\/posts"}],"about":[{"href":"https:\/\/www.europesays.com\/es\/wp-json\/wp\/v2\/types\/post"}],"author":[{"embeddable":true,"href":"https:\/\/www.europesays.com\/es\/wp-json\/wp\/v2\/users\/2"}],"replies":[{"embeddable":true,"href":"https:\/\/www.europesays.com\/es\/wp-json\/wp\/v2\/comments?post=143146"}],"version-history":[{"count":0,"href":"https:\/\/www.europesays.com\/es\/wp-json\/wp\/v2\/posts\/143146\/revisions"}],"wp:featuredmedia":[{"embeddable":true,"href":"https:\/\/www.europesays.com\/es\/wp-json\/wp\/v2\/media\/143147"}],"wp:attachment":[{"href":"https:\/\/www.europesays.com\/es\/wp-json\/wp\/v2\/media?parent=143146"}],"wp:term":[{"taxonomy":"category","embeddable":true,"href":"https:\/\/www.europesays.com\/es\/wp-json\/wp\/v2\/categories?post=143146"},{"taxonomy":"post_tag","embeddable":true,"href":"https:\/\/www.europesays.com\/es\/wp-json\/wp\/v2\/tags?post=143146"}],"curies":[{"name":"wp","href":"https:\/\/api.w.org\/{rel}","templated":true}]}}