{"id":143150,"date":"2025-09-27T23:08:10","date_gmt":"2025-09-27T23:08:10","guid":{"rendered":"https:\/\/www.europesays.com\/es\/143150\/"},"modified":"2025-09-27T23:08:10","modified_gmt":"2025-09-27T23:08:10","slug":"bmw-retirara-331-000-vehiculos-en-alemania-y-eeuu-por-un-defecto-que-puede-provocar-que-se-incendien","status":"publish","type":"post","link":"https:\/\/www.europesays.com\/es\/143150\/","title":{"rendered":"BMW retirar\u00e1 331.000 veh\u00edculos en Alemania y EEUU por un defecto que puede provocar que se incendien"},"content":{"rendered":"<p>BMW ha llamado a revisi\u00f3n al menos 331.000 veh\u00edculos en Alemania y Estados Unidos debido a un defecto en el motor de arranque que afecta a la mayor\u00eda de las l\u00edneas de modelos fabricados entre 2015 y 2021.<\/p>\n<p><b>El fallo afecta al motor de arranque, que puede incendiarse debido a una posible corrosi\u00f3n,<\/b> causada por la filtraci\u00f3n de agua en el propio motor. Esto puede acabar provocando un cortocircuito, que podr\u00eda dar lugar a un incendio del veh\u00edculo \u00aben el peor de los casos\u00bb.<\/p>\n<p>La compa\u00f1\u00eda<b> no dio una cifra global <\/b>de la llamada a revisi\u00f3n ni el coste de las reparaciones, si bien la reparaci\u00f3n ser\u00e1 gratuita para los clientes y sustituir\u00e1 el motor de arranque y la bater\u00eda en un \u00abn\u00famero reducido de veh\u00edculos\u00bb.<\/p>\n<p><b>Los clientes afectados deben aparcar sus veh\u00edculos al aire libre<\/b>, a una distancia segura de los edificios, hasta que se lleve a cabo la reparaci\u00f3n, ha explicado la compa\u00f1\u00eda.<\/p>\n<p>WhatsApp<a href=\"https:\/\/api.whatsapp.com\/send?text=https:\/\/www.eleconomista.es\/motor\/noticias\/13566159\/09\/25\/bmw-retirara-331000-vehiculos-en-alemania-y-eeuu-por-un-defecto-que-puede-provocar-que-se-incendien.html?utm_source%3Dwhatsapp%26utm_medium%3Dshare_button&amp;id=1648118629957_whatsapp\" target=\"_blank\" data-action=\"share\/whatsapp\/share\" aria-label=\"Compartir en Whatsapp\" rel=\"nofollow noopener\"><\/a>Facebook<a id=\"fb-share\" href=\"#\" target=\"_blank\" rel=\"noopener noreferrer\" aria-label=\"Compartir en Facebook\"><\/a>Twitter<a href=\"https:\/\/twitter.com\/share?text=BMW+retirar%C3%A1+331.000+veh%C3%ADculos+en+Alemania+y+EEUU+por+un+defecto+que+puede+provocar+que+se+incendien&amp;url=https:\/\/www.eleconomista.es\/motor\/noticias\/13566159\/09\/25\/bmw-retirara-331000-vehiculos-en-alemania-y-eeuu-por-un-defecto-que-puede-provocar-que-se-incendien.html&amp;via=elEconomistaes&amp;id=1648118839245_twitter\" target=\"_blank\" aria-label=\"Compartir en Twitter\" rel=\"nofollow noopener\"><\/a>Linkedin<a href=\"https:\/\/linkedin.com\/share?text=https:\/\/www.eleconomista.es\/motor\/noticias\/13566159\/09\/25\/bmw-retirara-331000-vehiculos-en-alemania-y-eeuu-por-un-defecto-que-puede-provocar-que-se-incendien.html&amp;via=elEconomistaes\" target=\"_blank\" aria-label=\"Compartir en linkedin\" rel=\"nofollow noopener\"><\/a>Beloud<a href=\"https:\/\/beloud.com\/share?text=BMW+retirar%C3%A1+331.000+veh%C3%ADculos+en+Alemania+y+EEUU+por+un+defecto+que+puede+provocar+que+se+incendien&amp;url=https:\/\/www.eleconomista.es\/motor\/noticias\/13566159\/09\/25\/bmw-retirara-331000-vehiculos-en-alemania-y-eeuu-por-un-defecto-que-puede-provocar-que-se-incendien.html&amp;via=elEconomistaes&amp;id=1648118839245_beloud\" target=\"_blank\" aria-label=\"Compartir en beloud\" rel=\"nofollow noopener\"><\/a>Bluesky<a href=\"https:\/\/bsky.app\/intent\/compose?text=https:\/\/bsky.app\/intent\/compose?text=https:\/\/www.eleconomista.es\/motor\/noticias\/13566159\/09\/25\/bmw-retirara-331000-vehiculos-en-alemania-y-eeuu-por-un-defecto-que-puede-provocar-que-se-incendien.html&amp;url=https:\/\/www.eleconomista.es\/motor\/noticias\/13566159\/09\/25\/bmw-retirara-331000-vehiculos-en-alemania-y-eeuu-por-un-defecto-que-puede-provocar-que-se-incendien.html&amp;via=elEconomistaes&amp;id=1648118839245_bluesky\" target=\"_blank\" aria-label=\"Compartir en bluesky\" rel=\"nofollow noopener\"><\/a><\/p>\n<p><script async src=\"https:\/\/platform.twitter.com\/widgets.js\" charset=\"utf-8\"><\/script><\/p>\n","protected":false},"excerpt":{"rendered":"BMW ha llamado a revisi\u00f3n al menos 331.000 veh\u00edculos en Alemania y Estados Unidos debido a un defecto&hellip;\n","protected":false},"author":2,"featured_media":143151,"comment_status":"","ping_status":"","sticky":false,"template":"","format":"standard","meta":{"footnotes":""},"categories":[80],"tags":[82,95,94,25,24,2362,23],"class_list":{"0":"post-143150","1":"post","2":"type-post","3":"status-publish","4":"format-standard","5":"has-post-thumbnail","7":"category-economia","8":"tag-business","9":"tag-economia","10":"tag-economy","11":"tag-es","12":"tag-espana","13":"tag-motor","14":"tag-spain"},"share_on_mastodon":{"url":"","error":""},"_links":{"self":[{"href":"https:\/\/www.europesays.com\/es\/wp-json\/wp\/v2\/posts\/143150","targetHints":{"allow":["GET"]}}],"collection":[{"href":"https:\/\/www.europesays.com\/es\/wp-json\/wp\/v2\/posts"}],"about":[{"href":"https:\/\/www.europesays.com\/es\/wp-json\/wp\/v2\/types\/post"}],"author":[{"embeddable":true,"href":"https:\/\/www.europesays.com\/es\/wp-json\/wp\/v2\/users\/2"}],"replies":[{"embeddable":true,"href":"https:\/\/www.europesays.com\/es\/wp-json\/wp\/v2\/comments?post=143150"}],"version-history":[{"count":0,"href":"https:\/\/www.europesays.com\/es\/wp-json\/wp\/v2\/posts\/143150\/revisions"}],"wp:featuredmedia":[{"embeddable":true,"href":"https:\/\/www.europesays.com\/es\/wp-json\/wp\/v2\/media\/143151"}],"wp:attachment":[{"href":"https:\/\/www.europesays.com\/es\/wp-json\/wp\/v2\/media?parent=143150"}],"wp:term":[{"taxonomy":"category","embeddable":true,"href":"https:\/\/www.europesays.com\/es\/wp-json\/wp\/v2\/categories?post=143150"},{"taxonomy":"post_tag","embeddable":true,"href":"https:\/\/www.europesays.com\/es\/wp-json\/wp\/v2\/tags?post=143150"}],"curies":[{"name":"wp","href":"https:\/\/api.w.org\/{rel}","templated":true}]}}