{"id":143152,"date":"2025-09-27T23:09:13","date_gmt":"2025-09-27T23:09:13","guid":{"rendered":"https:\/\/www.europesays.com\/es\/143152\/"},"modified":"2025-09-27T23:09:13","modified_gmt":"2025-09-27T23:09:13","slug":"la-unica-frase-de-gabriel-rufian-sobre-la-escena-de-netanyahu-en-la-onu-va-camino-a-ser-la-mas-comentada-del-dia","status":"publish","type":"post","link":"https:\/\/www.europesays.com\/es\/143152\/","title":{"rendered":"La \u00fanica frase de Gabriel Rufi\u00e1n sobre la escena de Netanyahu en la ONU va camino a ser la m\u00e1s comentada del d\u00eda"},"content":{"rendered":"<p>El primer ministro de Israel, <b>Benjamin Netanyahu, compareci\u00f3 el pasado viernes en la Asamblea General de la ONU<\/b> y, adem\u00e1s de sus pol\u00e9micas palabras sobre la guerra en Palestina y otras tantas barbaridades, se ha comentado much\u00edsimo una escena que las c\u00e1maras han captado antes de que pronunciara su discurso.<\/p>\n<p>Una decena de delegados de diversos pa\u00edses que acudieron a la cumbre<b> se levantaron de sus asientos y se marcharon de la sala en se\u00f1al de protesta<\/b>, aunque no impidi\u00f3 que el l\u00edder israel\u00ed pronunciara su discurso igualmente. Otros asistentes aplaudieron la iniciativa de los delegados, a la vez que otros tantos abuchearon la entrada de Netanyahu.<\/p>\n<p>Entre otras tantas frases, el l\u00edder israel\u00ed pronunci\u00f3 que \u00ab<b>estamos haciendo todo lo contrario a un genocidio<\/b>, ning\u00fan ej\u00e9rcito avisa de que va a atacar cuando ellos s\u00ed lo hacen\u00bb<\/p>\n<p>El portavoz de Esquerra Republicana en el Congreso, <b>Gabriel Rufi\u00e1n, probablemente haya pronunciado una de las frases m\u00e1s potentes <\/b>que hayan salido de \u00e9l. Es por eso que ha acumulado casi medio mill\u00f3n de visualizaciones y m\u00e1s de 17.000 &#8216;me gustas&#8217; en un tuit de la red social X en apenas 24 horas.<\/p>\n<p>Rufi\u00e1n lo tiene muy claro: <b>\u00abO este asesino acaba en la Corte Penal Internacional o el mundo se ir\u00e1 al carajo\u00bb<\/b>. Una frase breve, pero demoledora, que remarca muy bien su opini\u00f3n al respecto, pues siempre ha defendido al pueblo Palestino y ha denunciado el \u00abgenocidio\u00bb que se est\u00e1 cometiendo en Gaza.<\/p>\n<p>Han sido m\u00e1s de mil comentarios y citas a las palabras del pol\u00edtico: \u00abMiles de gracias a todos los que se han levantado e ido y mi m\u00e1ximo desprecio <b>y profundo asco a los que se han quedado<\/b>\u00ab. De hecho, la mayor\u00eda de respuestas han centrado el punto de mira en los delegados que s\u00ed se han quedado a escuchar el discurso.<\/p>\n","protected":false},"excerpt":{"rendered":"El primer ministro de Israel, Benjamin Netanyahu, compareci\u00f3 el pasado viernes en la Asamblea General de la ONU&hellip;\n","protected":false},"author":2,"featured_media":143153,"comment_status":"","ping_status":"","sticky":false,"template":"","format":"standard","meta":{"footnotes":""},"categories":[42],"tags":[13241,17,18,13,14,5394,11,61,62,63,64,19,20,9,10,15,16,732,12,21,22,65,66,67],"class_list":{"0":"post-143152","1":"post","2":"type-post","3":"status-publish","4":"format-standard","5":"has-post-thumbnail","7":"category-internacional","8":"tag-benjamin-netanyahu","9":"tag-breaking-news","10":"tag-breakingnews","11":"tag-featured-news","12":"tag-featurednews","13":"tag-gabriel-rufian","14":"tag-headlines","15":"tag-internacional","16":"tag-international","17":"tag-international-news","18":"tag-internationalnews","19":"tag-latest-news","20":"tag-latestnews","21":"tag-news","22":"tag-noticias","23":"tag-noticias-destacadas","24":"tag-noticiasdestacadas","25":"tag-onu","26":"tag-titulares","27":"tag-ultimas-noticias","28":"tag-ultimasnoticias","29":"tag-world","30":"tag-world-news","31":"tag-worldnews"},"share_on_mastodon":{"url":"","error":""},"_links":{"self":[{"href":"https:\/\/www.europesays.com\/es\/wp-json\/wp\/v2\/posts\/143152","targetHints":{"allow":["GET"]}}],"collection":[{"href":"https:\/\/www.europesays.com\/es\/wp-json\/wp\/v2\/posts"}],"about":[{"href":"https:\/\/www.europesays.com\/es\/wp-json\/wp\/v2\/types\/post"}],"author":[{"embeddable":true,"href":"https:\/\/www.europesays.com\/es\/wp-json\/wp\/v2\/users\/2"}],"replies":[{"embeddable":true,"href":"https:\/\/www.europesays.com\/es\/wp-json\/wp\/v2\/comments?post=143152"}],"version-history":[{"count":0,"href":"https:\/\/www.europesays.com\/es\/wp-json\/wp\/v2\/posts\/143152\/revisions"}],"wp:featuredmedia":[{"embeddable":true,"href":"https:\/\/www.europesays.com\/es\/wp-json\/wp\/v2\/media\/143153"}],"wp:attachment":[{"href":"https:\/\/www.europesays.com\/es\/wp-json\/wp\/v2\/media?parent=143152"}],"wp:term":[{"taxonomy":"category","embeddable":true,"href":"https:\/\/www.europesays.com\/es\/wp-json\/wp\/v2\/categories?post=143152"},{"taxonomy":"post_tag","embeddable":true,"href":"https:\/\/www.europesays.com\/es\/wp-json\/wp\/v2\/tags?post=143152"}],"curies":[{"name":"wp","href":"https:\/\/api.w.org\/{rel}","templated":true}]}}