{"id":143156,"date":"2025-09-27T23:11:10","date_gmt":"2025-09-27T23:11:10","guid":{"rendered":"https:\/\/www.europesays.com\/es\/143156\/"},"modified":"2025-09-27T23:11:10","modified_gmt":"2025-09-27T23:11:10","slug":"monsenor-zerdin-el-catequista-debe-ser-testigo-comunicador-y-mistagogo","status":"publish","type":"post","link":"https:\/\/www.europesays.com\/es\/143156\/","title":{"rendered":"Monse\u00f1or Zerd\u00edn: El catequista debe ser \u201ctestigo, comunicador y mistagogo\u201d"},"content":{"rendered":"<p>Este 26 de septiembre, al inicio del Jubileo de los Catequistas, dialogamos con monse\u00f1or Gerardo Ant\u00f3n Zerd\u00edn Bucobek, OFM, Obispo del Vicariato Apost\u00f3lico de San Ram\u00f3n y Presidente de la Comisi\u00f3n de Catequesis y Pastoral B\u00edblica de la Conferencia Episcopal Peruana sobre el perfil del catequista de hoy, el paradigma de la iniciaci\u00f3n cristiana, la formaci\u00f3n de los catequistas y la importancia de la misi\u00f3n evangelizadora de la Iglesia.<\/p>\n<p><b>Renato Martinez \u2013 Ciudad del Vaticano<\/b><\/p>\n<p>En el marco del Jubileo de los Catequistas dialogamos con monse\u00f1or Gerardo Ant\u00f3n Zerd\u00edn Bucobek, OFM, Obispo del Vicariato Apost\u00f3lico de San Ram\u00f3n y Presidente de la Comisi\u00f3n de Catequesis y Pastoral B\u00edblica de la Conferencia Episcopal Peruana, quien ha llegado hasta Roma para participar en este Evento Jubilar.<\/p>\n<p>El Vicario Apost\u00f3lico de San Ram\u00f3n se\u00f1al\u00f3 que, el catequista de hoy tiene que ser: \u201cEn primer lugar, testigo, dar un testimonio cristiano. Luego, tiene que ser un buen comunicador que sepa llevar, explicar bien los misterios de nuestra fe, como dice San Pedro, da raz\u00f3n de nuestra esperanza. Y, por \u00faltimo, debe ser mistagogo, es decir, que ayuda a profundizar en el sacramento. Lo que queremos es lograr la comunidad cristiana que es a su vez protagonista de la evangelizaci\u00f3n y de la catequesis\u201d.<\/p>\n<p>\n   Escucha a monse\u00f1or Gerardo Ant\u00f3n Zerd\u00edn Bucobek\n  <\/p>\n<p><b>Hoy el mundo pone diferentes desaf\u00edos a la misi\u00f3n evangelizadora de la Iglesia. Tambi\u00e9n vemos que los laicos est\u00e1n llamados a tener un rol activo en esta misi\u00f3n, a partir de ello, \u00bfCu\u00e1l es el perfil que debe de tener un catequista para nuestro tiempo?<\/b><\/p>\n<p>Efectivamente, tenemos una imagen de catequista que prepara para la los sacramentos, especialmente dirigido a los ni\u00f1os. Y luego tenemos a otro catequista, entre comillas, que realiza su labor en las escuelas, que tiene un formato muy distinto. Ahora bien, necesitamos catequistas que trabajen en la iniciaci\u00f3n a la vida cristiana, ya que gran sector de la poblaci\u00f3n ya no tiene esa tradici\u00f3n de la fe, unos tienen, pero muchos ya no lo tienen y necesitan una iniciaci\u00f3n completa no solo a los sacramentos, sino a la vida cristiana.<\/p>\n<p>Y es eso lo vemos tambi\u00e9n en el documento que acompa\u00f1a el rito de la instituci\u00f3n de los catequistas. Dice que catequista hay que formar ahora y lo que necesitamos es para la iniciaci\u00f3n a la vida cristiana y eso conlleva otros elementos tambi\u00e9n en cuanto a la entrada a la fe.<\/p>\n<p><b>En su labor misionera ha llevado adelante diferentes iniciativas, una de ellas ha sido la formaci\u00f3n de laicos como catequistas rurales y amaz\u00f3nicos. \u00bfCu\u00e1l es la caracter\u00edstica principal del catequista rural y amaz\u00f3nico?<\/b><\/p>\n<p>En la parte de la sierra del Per\u00fa se habla de los catequistas rurales. Los ocho vicariatos de Per\u00fa despu\u00e9s del Concilio han establecido el concepto de animador cristiano. En primer lugar, dec\u00edan \u201canimador de las comunidades cristianas\u201d y ahora decimos \u201canimador cristiano de la comunidad\u201d. Sabiendo que la comunidad no necesariamente es plenamente cristiana, pero acoge la fe y entra en un dinamismo temporal de poco a poco ir evaluando la cosa y cuando llega el momento recibir el bautismo y considerarse cristiano.<\/p>\n<p>Esos animadores no son doctores en la doctrina, saben lo b\u00e1sico, pero se identifican y saben qui\u00e9n est\u00e1 all\u00e1 arriba. Est\u00e1 Dios. \u00bfQui\u00e9n est\u00e1 all\u00e1, digamos, a cierta distancia? Est\u00e1 la Vicar\u00eda, est\u00e1 su parroquia, la que tiene referencia. Y luego, qui\u00e9n est\u00e1 alrededor m\u00edo es mi comunidad. Yo tengo una misi\u00f3n en esta comunidad. Y luego una referencia a su propia identidad, digamos, coherencia y eso se ha visto cuando ocurre algo, una pelea, tal vez un emborrachamiento, ellos se retiran y dicen a la comunidad, \u00abmira, ha pasado eso, mejor, otro que anima la comunidad.\u00bb Ellos preparan la llegada, digamos, de una comunidad realmente Eucar\u00edstica, pero son los comienzos, o sea, ni siquiera lo llamamos catequistas propiamente, porque tenemos tambi\u00e9n catequistas, pero ellos tienen que pasar por la escuela de evangelizaci\u00f3n de 3 a\u00f1os y luego la formaci\u00f3n permanente.<\/p>\n<p><b>Desde su experiencia, a lo largo de 50 a\u00f1os como misionero en la selva peruana, \u00bfCree usted que es necesario cambiar el paradigma de la iniciaci\u00f3n cristiana? Y \u00bfCu\u00e1l ser\u00eda el nuevo paradigma?<\/b><\/p>\n<p>Los sacerdotes siempre alardeamos de que somos ungidos del Se\u00f1or con el crisma y ese mismo crisma ha sido la unci\u00f3n de cada cristiano y nuestro sacerdocio se basa en el sacerdocio bautismal, sin eso no existe tampoco esto. Y eso hay que tomar en cuenta cada vez m\u00e1s, de una forma tranquila, serena y lo que necesitamos efectivamente es un cambio de ese paradigma de catequesis, pero no hablar\u00eda de cambio porque nos cost\u00f3 mucho en el Per\u00fa lograr una catequesis parroquial.<\/p>\n<p>Antiguamente solamente exist\u00eda en la escuela y un poquito de preparaci\u00f3n. Luego se logr\u00f3 estructurar esa catequesis, digamos as\u00ed, ahora es tradicional. Dejar eso. No necesitamos quitar cosas para poder implementar otros. Los que reci\u00e9n vienen a la Iglesia de un alejamiento, de un desconocimiento, a ellos les tratamos digamos de introducir a trav\u00e9s de la iniciaci\u00f3n a la vida cristiana. Hay una rica preparaci\u00f3n, pero es solo el rito.<\/p>\n<p>En Per\u00fa tenemos preparado la iniciaci\u00f3n cristiana para todos los niveles, que son muy interesantes y el pueblo lo acepta especialmente por las celebraciones que acompa\u00f1an esa iniciaci\u00f3n a la vida cristiana. Les gusta mucho, \u00bfno? La entrega del padre nuestro, la entrega del credo, la entrega de la Biblia, esas cosas. Lo celebran. Es especialmente el rito del catequizado, donde corresponde la unci\u00f3n con el aceite de con el \u00f3leo del catequizado.<\/p>\n<p><b>En su ministerio episcopal en el Vicariato Apost\u00f3lico de San Ram\u00f3n ha propiciado la creaci\u00f3n de Centros Educativos y Albergues que favorecen a las comunidades amaz\u00f3nicas del Vicariato. En 2007 ha creado la Universidad Cat\u00f3lica para Ind\u00edgenas \u201cNopoki\u201d. \u00bfCree usted que la formaci\u00f3n de ni\u00f1os y j\u00f3venes pueda contribuir a una transformaci\u00f3n de la realidad amaz\u00f3nica?<\/b><\/p>\n<p>Los primeros creyentes, los atra\u00eddos hacia el Se\u00f1or son los ni\u00f1os. Se llena la iglesia de ni\u00f1os todos los d\u00edas y detr\u00e1s vienen los padres, pero como oyentes, como que as\u00ed de pasito no m\u00e1s escuchan. \u00a0Y vemos que la realidad de la escuela es muy dif\u00edcil. No hay mucho control estatal y eso nos ha provocado siempre no sabe de qu\u00e9 hacer.<\/p>\n<p>Entonces, hemos formado algunos profesores en Lima, pero era insuficiente. Entonces, a partir de ese a\u00f1o mencionado se empez\u00f3 con un programa con la Universidad Cat\u00f3lica \u201cSede Sapiencia\u201d que nos puso generosamente a disposici\u00f3n, pr\u00e1cticamente no nos cobran nada, asumen ellos todos los costos, nosotros como Vicariato asumimos el albergue porque sin eso es imposible.<\/p>\n<p>Ya trabajamos 20 a\u00f1os. Hay ya m\u00e1s de 300 profesores titulados, algunos ya maestros, magister. Y esperamos que s\u00ed se puede hacer una transformaci\u00f3n de una forma, digamos, paulatina, constante, sin enfrentamiento, sin choques, sin esa pol\u00edtica que le gusta siempre la lucha, el enfrentamiento, sino un proceso como la vida que corre, algo as\u00ed.<\/p>\n<p><b>En mayo de 2022 se ha Beatificado, en el Vicariato de San Ram\u00f3n, a madre Mar\u00eda Agustina Rivas L\u00f3pez, \u201cMadre Aguchita\u201d, que fue asesinada por odio a la fe por lo terroristas de Sendero Luminoso. \u00bfCu\u00e1l es el legado que deja a la Iglesia est\u00e1 primera mujer m\u00e1rtir y religiosa?<\/b><\/p>\n<p>El Santo Padre ha aprobado la beatificaci\u00f3n en 2021 y el 22 pudimos llevar a cabo la gran celebraci\u00f3n de mucho impacto para nuestros pueblos. Hasta los hermanos evang\u00e9licos y adventistas ped\u00edan que la Iglesia reconozca el martirio de Aguchita. Pero no solo es el martirio, el proceso ha demostrado, o sea, toda su vida era hacia la santidad. Un ejemplo esplendoroso para todos nosotros, as\u00ed que hemos proclamado ese lugar, santuario de Santa Rosa y de la Beata Aguchita, m\u00e1rtir, patrona de las vocaciones. Y los j\u00f3venes tienen sus peregrinaciones durante todo este a\u00f1o, pero especialmente en este mes, hace pocos d\u00edas, han realizado una gran peregrinaci\u00f3n a nivel de Vicariato los j\u00f3venes. Enfocando la vocaci\u00f3n en su integridad, no solamente para religiosos, sacerdotes, sino tambi\u00e9n para laicos cristianos, para la familia, todo eso. Y efectivamente han empezado a surgir despu\u00e9s del Covid-19 algunas vocaciones, gracias a Dios.<\/p>\n","protected":false},"excerpt":{"rendered":"Este 26 de septiembre, al inicio del Jubileo de los Catequistas, dialogamos con monse\u00f1or Gerardo Ant\u00f3n Zerd\u00edn Bucobek,&hellip;\n","protected":false},"author":2,"featured_media":143157,"comment_status":"","ping_status":"","sticky":false,"template":"","format":"standard","meta":{"footnotes":""},"categories":[5],"tags":[436,18067,17,18,44174,3141,25,24,13,14,11,19,20,2508,9,10,15,16,13139,705,23,12,21,22],"class_list":{"0":"post-143156","1":"post","2":"type-post","3":"status-publish","4":"format-standard","5":"has-post-thumbnail","7":"category-titulares","8":"tag-jubileo2025","9":"tag-amazonia","10":"tag-breaking-news","11":"tag-breakingnews","12":"tag-catequesis","13":"tag-entrevista","14":"tag-es","15":"tag-espana","16":"tag-featured-news","17":"tag-featurednews","18":"tag-headlines","19":"tag-latest-news","20":"tag-latestnews","21":"tag-misioneros","22":"tag-news","23":"tag-noticias","24":"tag-noticias-destacadas","25":"tag-noticiasdestacadas","26":"tag-peregrinacion","27":"tag-peru","28":"tag-spain","29":"tag-titulares","30":"tag-ultimas-noticias","31":"tag-ultimasnoticias"},"share_on_mastodon":{"url":"","error":""},"_links":{"self":[{"href":"https:\/\/www.europesays.com\/es\/wp-json\/wp\/v2\/posts\/143156","targetHints":{"allow":["GET"]}}],"collection":[{"href":"https:\/\/www.europesays.com\/es\/wp-json\/wp\/v2\/posts"}],"about":[{"href":"https:\/\/www.europesays.com\/es\/wp-json\/wp\/v2\/types\/post"}],"author":[{"embeddable":true,"href":"https:\/\/www.europesays.com\/es\/wp-json\/wp\/v2\/users\/2"}],"replies":[{"embeddable":true,"href":"https:\/\/www.europesays.com\/es\/wp-json\/wp\/v2\/comments?post=143156"}],"version-history":[{"count":0,"href":"https:\/\/www.europesays.com\/es\/wp-json\/wp\/v2\/posts\/143156\/revisions"}],"wp:featuredmedia":[{"embeddable":true,"href":"https:\/\/www.europesays.com\/es\/wp-json\/wp\/v2\/media\/143157"}],"wp:attachment":[{"href":"https:\/\/www.europesays.com\/es\/wp-json\/wp\/v2\/media?parent=143156"}],"wp:term":[{"taxonomy":"category","embeddable":true,"href":"https:\/\/www.europesays.com\/es\/wp-json\/wp\/v2\/categories?post=143156"},{"taxonomy":"post_tag","embeddable":true,"href":"https:\/\/www.europesays.com\/es\/wp-json\/wp\/v2\/tags?post=143156"}],"curies":[{"name":"wp","href":"https:\/\/api.w.org\/{rel}","templated":true}]}}