{"id":143160,"date":"2025-09-27T23:13:15","date_gmt":"2025-09-27T23:13:15","guid":{"rendered":"https:\/\/www.europesays.com\/es\/143160\/"},"modified":"2025-09-27T23:13:15","modified_gmt":"2025-09-27T23:13:15","slug":"el-show-de-bertin-la-primera-vez-que-laura-sanchez-vio-torear-a-escribano-le-dio-la-peor-y-mejor-de-las-suertes","status":"publish","type":"post","link":"https:\/\/www.europesays.com\/es\/143160\/","title":{"rendered":"El show de Bert\u00edn | La primera vez que Laura S\u00e1nchez vio torear a Escribano le dio la peor y mejor de las suertes"},"content":{"rendered":"<p>El matador sevillano Manuel Escribano y la modelo Laura S\u00e1nchez nos transportan a una tarde en Sevilla que ninguno olvida, porque marca la primera vez que ella le ve torear. \u00a1Y vaya estreno! Escribano solo dura tres capotazos antes de que el toro lo coja y le propine una cornada. Laura recuerda ese momento de p\u00e1nico: ve c\u00f3mo se lo llevan a la enfermer\u00eda, su glucosa empieza a pitar enloquecida y descubrir\u00e1 con horror que no tiene forma de contactar con su novio, por haber sido demasiado reservada.<\/p>\n<p>Ese d\u00eda ella se plantea si de verdad es capaz de \u00abvivir esta vida\u00bb, junto a alguien con una profesi\u00f3n tan dram\u00e1tica. Las reflexiones por las que discurre son impactantes.<\/p>\n<p>Tan impactante o m\u00e1s es lo que ocurr\u00eda mientras tanto en la enfermer\u00eda. Escribano quer\u00eda seguir toreando a pesar de la cornada, a pesar de que la herida requer\u00eda operar. \u00bfPiensas que pidi\u00f3 anestesia? Fr\u00edo, fr\u00edo.<\/p>\n","protected":false},"excerpt":{"rendered":"El matador sevillano Manuel Escribano y la modelo Laura S\u00e1nchez nos transportan a una tarde en Sevilla que&hellip;\n","protected":false},"author":2,"featured_media":143161,"comment_status":"","ping_status":"","sticky":false,"template":"","format":"standard","meta":{"footnotes":""},"categories":[277],"tags":[11194,373,11859,9932,168,44303,25,24,44305,19669,20132,17683,28813,23,167,374,44304,2075],"class_list":{"0":"post-143160","1":"post","2":"type-post","3":"status-publish","4":"format-standard","5":"has-post-thumbnail","7":"category-toreo","8":"tag-bertin-osborne","9":"tag-bullfighting","10":"tag-cogida","11":"tag-cornada","12":"tag-deportes","13":"tag-el-show-de-bertin","14":"tag-es","15":"tag-espana","16":"tag-jugarse-la-vida","17":"tag-laura-sanchez","18":"tag-manuel-escribano","19":"tag-novios","20":"tag-sofa","21":"tag-spain","22":"tag-sports","23":"tag-toreo","24":"tag-toros-corrida-de-torios","25":"tag-valor"},"share_on_mastodon":{"url":"","error":""},"_links":{"self":[{"href":"https:\/\/www.europesays.com\/es\/wp-json\/wp\/v2\/posts\/143160","targetHints":{"allow":["GET"]}}],"collection":[{"href":"https:\/\/www.europesays.com\/es\/wp-json\/wp\/v2\/posts"}],"about":[{"href":"https:\/\/www.europesays.com\/es\/wp-json\/wp\/v2\/types\/post"}],"author":[{"embeddable":true,"href":"https:\/\/www.europesays.com\/es\/wp-json\/wp\/v2\/users\/2"}],"replies":[{"embeddable":true,"href":"https:\/\/www.europesays.com\/es\/wp-json\/wp\/v2\/comments?post=143160"}],"version-history":[{"count":0,"href":"https:\/\/www.europesays.com\/es\/wp-json\/wp\/v2\/posts\/143160\/revisions"}],"wp:featuredmedia":[{"embeddable":true,"href":"https:\/\/www.europesays.com\/es\/wp-json\/wp\/v2\/media\/143161"}],"wp:attachment":[{"href":"https:\/\/www.europesays.com\/es\/wp-json\/wp\/v2\/media?parent=143160"}],"wp:term":[{"taxonomy":"category","embeddable":true,"href":"https:\/\/www.europesays.com\/es\/wp-json\/wp\/v2\/categories?post=143160"},{"taxonomy":"post_tag","embeddable":true,"href":"https:\/\/www.europesays.com\/es\/wp-json\/wp\/v2\/tags?post=143160"}],"curies":[{"name":"wp","href":"https:\/\/api.w.org\/{rel}","templated":true}]}}