{"id":143164,"date":"2025-09-27T23:19:07","date_gmt":"2025-09-27T23:19:07","guid":{"rendered":"https:\/\/www.europesays.com\/es\/143164\/"},"modified":"2025-09-27T23:19:07","modified_gmt":"2025-09-27T23:19:07","slug":"pueyo-y-hempe-impulsan-al-casademont-zaragoza-a-la-final-de-la-supercopa-81-59-nuestro-deporte","status":"publish","type":"post","link":"https:\/\/www.europesays.com\/es\/143164\/","title":{"rendered":"Pueyo y Hempe impulsan al Casademont Zaragoza a la final de la Supercopa (81-59) | Nuestro deporte"},"content":{"rendered":"<p>El <strong>Casademont Zaragoza femenino <\/strong>se ha clasificado para la <strong>final de la Supercopa <\/strong>tras imponerse al <strong>Hozono Global Jairis <\/strong>por 81\u00a0a 59.\u00a0El partido ha arrancado con un <strong>ritmo intenso <\/strong>y un <strong>festival de triples<\/strong>, liderado por <strong>Hempe <\/strong>(11-5), aunque Jairis ha reaccionado con dos aciertos consecutivos tambi\u00e9n\u00a0desde la l\u00ednea de tres para empatar. El primer cuarto ha estado igualado, pero las zaragozanas se han mostrado <strong>s\u00f3lidas en ataque y defensa<\/strong>, para acabar decantando el parcial a su favor (<strong>28-19<\/strong>). En el <strong>segundo asalto <\/strong>ha llegado el esperado debut de <strong>Carla Leite <\/strong>con la camiseta rojilla en el segundo asalto. Ambos equipos han bajado la anotaci\u00f3n y las murcianas han recortado distancias (28-23). <strong>Mawuli y<\/strong>\u00a0<strong>Pueyo <\/strong>han impulsado a un Casademont que se marchaba al descanso mandando en el marcador por 13 puntos (43-30).<\/p>\n<p>El Casademont ha <strong>aumentado la ventaja a 20 puntos <\/strong>al inicio del <strong>tercer cuarto<\/strong>, pero despu\u00e9s ha bajado el ritmo y <strong>Jairis <\/strong>ha aprovechado la relajaci\u00f3n rival para <strong>reducir a la mitad su desventaja<\/strong> con un <strong>parcial 0-10.\u00a0 Hempe, <\/strong>infalible, <strong>Vorackova y Gueye\u00a0<\/strong>han mantenido al Casademont por delante (63-49) y, en los <strong>diez \u00faltimos minutos de choque<\/strong>, el conjunto de <strong>Carlos Cantero <\/strong>ha sabido sentenciar pese a que\u00a0<strong>Jairis\u00a0<\/strong>no ha bajado los brazos en ning\u00fan momento. Parcial 18\u00a0-10\u00a0<strong>a golpe de triple de Helena Pueyo <\/strong>-la mejor del choque con 22 de valoraci\u00f3n-\u00a0para lograr <strong>el pase a una final <\/strong>donde ya espera <strong>Valencia Basket.<\/strong>\u00a0Las de Cantero buscar\u00e1n su <strong>primer t\u00edtulo de la temporada <\/strong>a partir de las <strong>17:00\u00a0horas <\/strong>y podr\u00e1n seguirlo en directo a trav\u00e9s de <strong>Arag\u00f3n TV, Arag\u00f3n Radio y Arag\u00f3n Deporte.<\/strong><\/p>\n<p><strong>Ficha t\u00e9cnica:<\/strong><\/p>\n<p><strong>Casademont Zaragoza: <\/strong>Mariona Ortiz, Pueyo, Vorackova, Fingall, Hempe -cinco inicial-\u00a0Laia Flores, Leite, Bankol\u00e9, Gueye, Mawuli\u00a0y Oma<\/p>\n<p><strong>Hozono Global Jairis:\u00a0<\/strong>Ayuso, Prieto, L\u00f3pez S\u00e9n\u00e9chal, Massey, Walker -cinco inicial- Cvitkovi\u0107, Alarc\u00f3n, Mataix, y\u00a0Vonleh\u00a0<\/p>\n<p><strong>Parciales: <\/strong>28-19 | 15-11 | 20-19 | 18-10<\/p>\n<p>Si quieres estar al d\u00eda de toda la actualidad deportiva, s\u00edguenos en redes sociales: <a href=\"https:\/\/www.instagram.com\/aragondeporte\/\" target=\"_blank\" rel=\"noindex nofollow noopener\">Instagram<\/a>, <a href=\"https:\/\/www.facebook.com\/aragondeporte\/\" target=\"_blank\" rel=\"noindex nofollow noopener\">Facebook<\/a>, <a href=\"https:\/\/x.com\/ardeportes\" target=\"_blank\" rel=\"noindex nofollow\">X<\/a> y tambi\u00e9n en el canal de <a href=\"https:\/\/whatsapp.com\/channel\/0029Vb8JrUy6rsQrHNE2y41l\" target=\"_blank\" rel=\"noindex nofollow noopener\">WhatsApp<\/a>.<\/p>\n<p>            <script async src=\"\/\/www.instagram.com\/embed.js\"><\/script><\/p>\n","protected":false},"excerpt":{"rendered":"El Casademont Zaragoza femenino se ha clasificado para la final de la Supercopa tras imponerse al Hozono Global&hellip;\n","protected":false},"author":2,"featured_media":143165,"comment_status":"","ping_status":"","sticky":false,"template":"","format":"standard","meta":{"footnotes":""},"categories":[269],"tags":[4499,4502,299,298,4501,4110,634,168,25,24,4500,1448,23,167,214],"class_list":{"0":"post-143164","1":"post","2":"type-post","3":"status-publish","4":"format-standard","5":"has-post-thumbnail","7":"category-baloncesto","8":"tag-aragon","9":"tag-aragonesa","10":"tag-baloncesto","11":"tag-basketball","12":"tag-cartv","13":"tag-corporacion","14":"tag-deporte","15":"tag-deportes","16":"tag-es","17":"tag-espana","18":"tag-publica","19":"tag-radio","20":"tag-spain","21":"tag-sports","22":"tag-tv"},"share_on_mastodon":{"url":"","error":""},"_links":{"self":[{"href":"https:\/\/www.europesays.com\/es\/wp-json\/wp\/v2\/posts\/143164","targetHints":{"allow":["GET"]}}],"collection":[{"href":"https:\/\/www.europesays.com\/es\/wp-json\/wp\/v2\/posts"}],"about":[{"href":"https:\/\/www.europesays.com\/es\/wp-json\/wp\/v2\/types\/post"}],"author":[{"embeddable":true,"href":"https:\/\/www.europesays.com\/es\/wp-json\/wp\/v2\/users\/2"}],"replies":[{"embeddable":true,"href":"https:\/\/www.europesays.com\/es\/wp-json\/wp\/v2\/comments?post=143164"}],"version-history":[{"count":0,"href":"https:\/\/www.europesays.com\/es\/wp-json\/wp\/v2\/posts\/143164\/revisions"}],"wp:featuredmedia":[{"embeddable":true,"href":"https:\/\/www.europesays.com\/es\/wp-json\/wp\/v2\/media\/143165"}],"wp:attachment":[{"href":"https:\/\/www.europesays.com\/es\/wp-json\/wp\/v2\/media?parent=143164"}],"wp:term":[{"taxonomy":"category","embeddable":true,"href":"https:\/\/www.europesays.com\/es\/wp-json\/wp\/v2\/categories?post=143164"},{"taxonomy":"post_tag","embeddable":true,"href":"https:\/\/www.europesays.com\/es\/wp-json\/wp\/v2\/tags?post=143164"}],"curies":[{"name":"wp","href":"https:\/\/api.w.org\/{rel}","templated":true}]}}