{"id":143181,"date":"2025-09-27T23:32:08","date_gmt":"2025-09-27T23:32:08","guid":{"rendered":"https:\/\/www.europesays.com\/es\/143181\/"},"modified":"2025-09-27T23:32:08","modified_gmt":"2025-09-27T23:32:08","slug":"decenas-de-miles-piden-fin-de-ataques-contra-gaza-dw-27-09-2025","status":"publish","type":"post","link":"https:\/\/www.europesays.com\/es\/143181\/","title":{"rendered":"decenas de miles piden fin de ataques contra Gaza \u2013 DW \u2013 27\/09\/2025"},"content":{"rendered":"<p>Unas 100 000 personas participaron, seg\u00fan los organizadores, en masivas protestas este s\u00e1bado (27.09.2025) contra los ataques israel\u00edes en Gaza convocadas en Berl\u00edn por varias organizaciones, en una de las mayores movilizaciones que han tenido lugar en Alemania desde que empez\u00f3 la ofensiva sobre el enclave. La Polic\u00eda, en cambio, estim\u00f3 en 60 000 el total de participantes, aunque no descart\u00f3 que fueran m\u00e1s personas.<\/p>\n<p>Una portavoz policial, Anja Dierschke, afirm\u00f3 que la manifestaci\u00f3n se desarroll\u00f3 de forma \u00ababsolutamente pac\u00edfica\u00bb, aunque otra protesta secundaria por Palestina, en el barrio de Kreuzberg, fue disuelta despu\u00e9s de que cometieran en ella delitos como resistencia a la autoridad y uso de pirotecnia no autorizada, lo que oblig\u00f3 a los agentes a realizar varias detenciones entre los participantes.<\/p>\n<p>Los organizadores de la marcha principal, una plataforma que agrupa a ONG, activistas y a la comunidad palestina y que ha recibido adem\u00e1s el respaldo del partido <a class=\"internal-link\" href=\"https:\/\/www.dw.com\/es\/la-izquierda\/t-71786835\" rel=\"nofollow noopener\" target=\"_blank\">La Izquierda<\/a>, se hab\u00edan marcado como objetivo batir un r\u00e9cord de participantes y aseguraron que en total salieron a las calles de la capital de <a class=\"internal-link\" href=\"https:\/\/www.dw.com\/es\/alemania\/t-17411625\" rel=\"nofollow noopener\" target=\"_blank\">Alemania<\/a> unas 100.000 personas.<\/p>\n<p>\u00abDetengan la masacre\u00bb<\/p>\n<p>\u00abHemos sacado a las calles la opini\u00f3n mayoritaria de la poblaci\u00f3n y hemos enviado una se\u00f1al clara a <a class=\"internal-link\" href=\"https:\/\/www.dw.com\/es\/merz-friedrich\/t-46095056\" rel=\"nofollow noopener\" target=\"_blank\">Friedrich Merz<\/a> y al Gobierno: el fin de todos los acuerdos armament\u00edsticos con Israel, la presi\u00f3n a trav\u00e9s de sanciones y el reconocimiento de Palestina deber\u00edan haberse dado hace tiempo\u00bb, declar\u00f3 la l\u00edder de La Izquierda Ines Schwerdtner, seg\u00fan un comunicado, al t\u00e9rmino de la marcha.<\/p>\n<p>La marcha principal desemboc\u00f3 en la Columna de la Victoria, en el c\u00e9ntrico parque de Tiergarten, donde est\u00e1n previstas actuaciones musicales de diversos artistas -entre ellos el violinista jud\u00edo Michael Barenboim o el rapero alem\u00e1n K.I.Z.- hasta bien entrada la noche.<\/p>\n<p>Los participantes en la manifestaci\u00f3n corearon lemas como \u00abFree Palestine\u00bb o \u00abViva Palestina\u00bb y portaban mayoritariamente banderas palestinas y pancartas con textos como \u00abDetengan la masacre\u00bb o \u00abEl nunca m\u00e1s es para todos\u00bb. La polic\u00eda berlinesa despleg\u00f3 a 1800 agentes para mantener el orden.<\/p>\n<p>En D\u00fcsseldorf tambi\u00e9n hubo una marcha a favor de los palestinos, que congreg\u00f3 a varios cientos de manifestantes. La polic\u00eda local alab\u00f3 el que la marcha se desarrollara en forma pac\u00edfica.<\/p>\n<p>DZC (EFE, dpa)<\/p>\n","protected":false},"excerpt":{"rendered":"Unas 100 000 personas participaron, seg\u00fan los organizadores, en masivas protestas este s\u00e1bado (27.09.2025) contra los ataques israel\u00edes&hellip;\n","protected":false},"author":2,"featured_media":143182,"comment_status":"","ping_status":"","sticky":false,"template":"","format":"standard","meta":{"footnotes":""},"categories":[42],"tags":[17,18,13,14,11,61,62,63,64,19,20,9,10,15,16,12,21,22,65,66,67],"class_list":{"0":"post-143181","1":"post","2":"type-post","3":"status-publish","4":"format-standard","5":"has-post-thumbnail","7":"category-internacional","8":"tag-breaking-news","9":"tag-breakingnews","10":"tag-featured-news","11":"tag-featurednews","12":"tag-headlines","13":"tag-internacional","14":"tag-international","15":"tag-international-news","16":"tag-internationalnews","17":"tag-latest-news","18":"tag-latestnews","19":"tag-news","20":"tag-noticias","21":"tag-noticias-destacadas","22":"tag-noticiasdestacadas","23":"tag-titulares","24":"tag-ultimas-noticias","25":"tag-ultimasnoticias","26":"tag-world","27":"tag-world-news","28":"tag-worldnews"},"share_on_mastodon":{"url":"","error":""},"_links":{"self":[{"href":"https:\/\/www.europesays.com\/es\/wp-json\/wp\/v2\/posts\/143181","targetHints":{"allow":["GET"]}}],"collection":[{"href":"https:\/\/www.europesays.com\/es\/wp-json\/wp\/v2\/posts"}],"about":[{"href":"https:\/\/www.europesays.com\/es\/wp-json\/wp\/v2\/types\/post"}],"author":[{"embeddable":true,"href":"https:\/\/www.europesays.com\/es\/wp-json\/wp\/v2\/users\/2"}],"replies":[{"embeddable":true,"href":"https:\/\/www.europesays.com\/es\/wp-json\/wp\/v2\/comments?post=143181"}],"version-history":[{"count":0,"href":"https:\/\/www.europesays.com\/es\/wp-json\/wp\/v2\/posts\/143181\/revisions"}],"wp:featuredmedia":[{"embeddable":true,"href":"https:\/\/www.europesays.com\/es\/wp-json\/wp\/v2\/media\/143182"}],"wp:attachment":[{"href":"https:\/\/www.europesays.com\/es\/wp-json\/wp\/v2\/media?parent=143181"}],"wp:term":[{"taxonomy":"category","embeddable":true,"href":"https:\/\/www.europesays.com\/es\/wp-json\/wp\/v2\/categories?post=143181"},{"taxonomy":"post_tag","embeddable":true,"href":"https:\/\/www.europesays.com\/es\/wp-json\/wp\/v2\/tags?post=143181"}],"curies":[{"name":"wp","href":"https:\/\/api.w.org\/{rel}","templated":true}]}}