{"id":143185,"date":"2025-09-27T23:34:20","date_gmt":"2025-09-27T23:34:20","guid":{"rendered":"https:\/\/www.europesays.com\/es\/143185\/"},"modified":"2025-09-27T23:34:20","modified_gmt":"2025-09-27T23:34:20","slug":"trasladado-un-bebe-al-hospital-materno-tras-ser-atropellado-en-los-rosales-en-a-coruna-la-voz-de-galicia","status":"publish","type":"post","link":"https:\/\/www.europesays.com\/es\/143185\/","title":{"rendered":"Trasladado un beb\u00e9 al hospital Materno tras ser atropellado en los Rosales en A Coru\u00f1a &#8211; La Voz de Galicia"},"content":{"rendered":"<ol>\n<li><a href=\"https:\/\/news.google.com\/rss\/articles\/CBMi2AFBVV95cUxOaXhkYnh6V1U1UVg2Y2l3M3IwMzF0NmF6RnBCdTd2SUdjYUhMS1pISVZHc1lkTkJSSDI0eW5aRmdMa1p1blAzelpYcm5YZWNtSlE2OGpoczh1Qkd0Mkh4TzRyZ2w0TFlwQnl4c2UyYjFIVUo0cDd6dnlpNU5BbzNpWlhULWloYUl5ZVpaSmp4RmZOS2RTaWZKUUJKWTNyVjY2TnY1cHMwZEhFYzBKaWUwSFBYcXdmRUNPOVZiVjA3N05fVXNVYnJtdUFEVUU2djJMRHJjX3NfcDE?oc=5\" target=\"_blank\" rel=\"nofollow noopener\">Trasladado un beb\u00e9 al hospital Materno tras ser atropellado en los Rosales en A Coru\u00f1a<\/a>&nbsp;&nbsp;La Voz de Galicia<\/li>\n<li><a href=\"https:\/\/news.google.com\/rss\/articles\/CBMiuwFBVV95cUxPcEpDLWZNT2VsS2x5WVE5S0kzWl9sVVNrejR0Ry1lRm1Td0dDaWxyMWhkeGltYzB1QWJzeGFRV0R3c0VMbEFZbG9kLVpmb1dCeG5tRFpvWXlhYkEybUZibzBxRzZZY09FekNwcHNEdGpXblVnY1BRQ2UyNEI2WmtCcWVESU5ncmRBbTRHX0pEc1lKdXU2RTVMWG5KUi10YUdNaXZGNy1YdHBBMldUTWxTOW5IbnEtNlZiSHBJ0gHHAUFVX3lxTE4wTE9IcmdFSy1ucmEtdU5wWk5vSVlWLUoyckMteDdyZktPdldpRlY0N29qbWFUaEt1ZDFqTHFTQkJRMVFXNlVNRnVGS3I1anRDYXhFX2VCVUthYVZ0OHZ4cUl3TTJiLVFGVjhlbDl3b3ktanhfQzVMbFJhUWRDQ1dTcl9GNjU0TnFNRElmTkJfbmtoNmU3dTE4VUFiLXNzSWRTVjRvckxOSXV0N3BwZm1PVGd3bmNlOVRsaUdyWXlsQlpqOXpqa2M?oc=5\" target=\"_blank\" rel=\"nofollow noopener\">Un veh\u00edculo arrolla un carrito de beb\u00e9 en un paso de peatones en A Coru\u00f1a<\/a>&nbsp;&nbsp;Telecinco<\/li>\n<li><a href=\"https:\/\/news.google.com\/rss\/articles\/CBMi1AFBVV95cUxQa0Z3TFhaV1pjMmZVdXNyX3hGd0lFU29ENThocGdYdzFGSWdYSXNFSE5obDdqUFBjaVk5MDZDemxEbFJUMFJEQlZYdGpoNUpOcXRiREoyUmU4SC13RThESFowS201TFFVZXdBR0ZiZDg0a3B1MjZqUE41MC1BTGVpUU51X0hFZ1pjTXRyelh5WU5oTVB5N0NfWWJ4YlhsTmJVeHJ1aDdKUkVxcUp0NzNKemlxSE1IUDRMQjZYekNOdEZpUUY2Z0VmYld5R1JZZ2d6VWszddIB2gFBVV95cUxONEZhaGk5dmZfTTI1cFVaeE5hU0w2RzFUX1FjZzdNaG56dzY0dXZoNkU3Nnkxd1NXQWVicEt0WmtuQTVZaGR5aFptRHZxNTVyam1KUjFyWUNuS1FMS1lmSmxaOHdYRFlVRGMtMXpoYmVEaHZNZE40RUo1QzBnR00wdUh3eUUxbk9SRmZ3NWM2ZjBLRFdmZHVjNjk4NUxhX2lmWVkwMF9fNWFPdXFBVjBiRnBHbGdzRHdWYW93X2draEVBaTJQNTM1dWd3ejNfM1h6aS1tZTJuLVJrQQ?oc=5\" target=\"_blank\" rel=\"nofollow noopener\">Un coche arrolla el carrito de un beb\u00e9 en Os Rosales, en A Coru\u00f1a, cuando cruzaba un paso de peatones<\/a>&nbsp;&nbsp;El Espa\u00f1ol<\/li>\n<li><a href=\"https:\/\/news.google.com\/rss\/articles\/CBMicEFVX3lxTE5QT1pYWW5OSUFjLXRjUVdGVDNJazZLU2dnTTlPRFI4MDBrazJ6TFRYS3RjOW1oR1R0SlZaQUpmNGVXWnRhR19iM0FZMHhESVptc0JaTHFWaVpkci1hdzF4YU1pZGF4ekV2NkF4M0R0dW4?oc=5\" target=\"_blank\" rel=\"nofollow noopener\">Atropellan a un beb\u00e9 en un paso de peatones<\/a>&nbsp;&nbsp;xcatalunya.cat<\/li>\n<li><a href=\"https:\/\/news.google.com\/rss\/articles\/CBMiogFBVV95cUxQamtPVExBNVVhc195OV85SUlqWGFLVnFoQ3VPbG5nMjJndHBlckk5NjRfcWNKcE9UMTlwb0VScXVtLTRjWXRMYTM2NkVvT1JfMXFyQ3NUZjNDQkthVnp3dFZPWU14MkFSQjJSNWdQOEE2VkZlQmliWmZvNXh6S3JyQTV2bGFXZnVFUUM1dktHOWpTSFE1dGIxYnFnanU2dUdJM3c?oc=5\" target=\"_blank\" rel=\"nofollow noopener\">Un beb\u00e9 trasladado hospital tras ser atropellado su carrito en A Coru\u00f1a<\/a>&nbsp;&nbsp;La Regi\u00f3n<\/li>\n<\/ol>\n","protected":false},"excerpt":{"rendered":"Trasladado un beb\u00e9 al hospital Materno tras ser atropellado en los Rosales en A Coru\u00f1a&nbsp;&nbsp;La Voz de Galicia&hellip;\n","protected":false},"author":2,"featured_media":143186,"comment_status":"","ping_status":"","sticky":false,"template":"","format":"standard","meta":{"footnotes":""},"categories":[5],"tags":[17,18,25,24,13,14,11,19,20,9,10,15,16,23,12,21,22],"class_list":{"0":"post-143185","1":"post","2":"type-post","3":"status-publish","4":"format-standard","5":"has-post-thumbnail","7":"category-titulares","8":"tag-breaking-news","9":"tag-breakingnews","10":"tag-es","11":"tag-espana","12":"tag-featured-news","13":"tag-featurednews","14":"tag-headlines","15":"tag-latest-news","16":"tag-latestnews","17":"tag-news","18":"tag-noticias","19":"tag-noticias-destacadas","20":"tag-noticiasdestacadas","21":"tag-spain","22":"tag-titulares","23":"tag-ultimas-noticias","24":"tag-ultimasnoticias"},"share_on_mastodon":{"url":"","error":""},"_links":{"self":[{"href":"https:\/\/www.europesays.com\/es\/wp-json\/wp\/v2\/posts\/143185","targetHints":{"allow":["GET"]}}],"collection":[{"href":"https:\/\/www.europesays.com\/es\/wp-json\/wp\/v2\/posts"}],"about":[{"href":"https:\/\/www.europesays.com\/es\/wp-json\/wp\/v2\/types\/post"}],"author":[{"embeddable":true,"href":"https:\/\/www.europesays.com\/es\/wp-json\/wp\/v2\/users\/2"}],"replies":[{"embeddable":true,"href":"https:\/\/www.europesays.com\/es\/wp-json\/wp\/v2\/comments?post=143185"}],"version-history":[{"count":0,"href":"https:\/\/www.europesays.com\/es\/wp-json\/wp\/v2\/posts\/143185\/revisions"}],"wp:featuredmedia":[{"embeddable":true,"href":"https:\/\/www.europesays.com\/es\/wp-json\/wp\/v2\/media\/143186"}],"wp:attachment":[{"href":"https:\/\/www.europesays.com\/es\/wp-json\/wp\/v2\/media?parent=143185"}],"wp:term":[{"taxonomy":"category","embeddable":true,"href":"https:\/\/www.europesays.com\/es\/wp-json\/wp\/v2\/categories?post=143185"},{"taxonomy":"post_tag","embeddable":true,"href":"https:\/\/www.europesays.com\/es\/wp-json\/wp\/v2\/tags?post=143185"}],"curies":[{"name":"wp","href":"https:\/\/api.w.org\/{rel}","templated":true}]}}